{"id":28345,"date":"2019-11-14T18:27:00","date_gmt":"2019-11-14T20:27:00","guid":{"rendered":"https:\/\/www.tjes.jus.br\/corregedoria\/?p=28345"},"modified":"2019-11-14T18:27:00","modified_gmt":"2019-11-14T20:27:00","slug":"ato-normativo-conjunto-no-026-2019-disp-14-11-2019","status":"publish","type":"post","link":"https:\/\/www.tjes.jus.br\/corregedoria\/2019\/11\/14\/ato-normativo-conjunto-no-026-2019-disp-14-11-2019\/","title":{"rendered":"ATO NORMATIVO CONJUNTO N\u00ba 026\/2019 \u2013 DISP. 14\/11\/2019"},"content":{"rendered":"<p align=\"center\"><strong>ESTADO DO ESP\u00cdRITO SANTO<\/strong><\/p>\n<p align=\"center\"><strong>PODER JUDICI\u00c1RIO<\/strong><\/p>\n<p align=\"center\"><strong>TRIBUNAL DE JUSTI\u00c7A<\/strong><\/p>\n<p align=\"center\"><strong>GABINETE DA PRESID\u00caNCIA<\/strong><\/p>\n<p align=\"center\">\n<p align=\"center\"><strong>ATO NORMATIVO CONJUNTO N\u00ba 026 \/2019<\/strong><\/p>\n<p align=\"center\">\n<p align=\"justify\">Revoga o <a href=\"https:\/\/www.tjes.jus.br\/corregedoria\/2017\/07\/28\/ato-normativo-conjunto-no-0062017-disp-28072017-republicacao\/\">Ato Normativo Conjunto n\u00b0 06\/2017<\/a>, publicado no Di\u00e1rio da Justi\u00e7a de 07\/07\/2017, e d\u00e1 outras provid\u00eancias.<\/p>\n<p align=\"justify\">\n<p style=\"text-align: justify;\" align=\"justify\">O Excelent\u00edssimo Senhor Desembargador S\u00c9RGIO LUIZ TEIXEIRA GAMA, Presidente do Egr\u00e9gio Tribunal de Justi\u00e7a do Estado do Esp\u00edrito Santo, e o Excelent\u00edssimo Senhor Desembargador SAMUEL MEIRA BRASIL J\u00daNIOR, Corregedor Geral da Justi\u00e7a do Estado do Esp\u00edrito Santo, no uso de suas atribui\u00e7\u00f5es legais e,<\/p>\n<p style=\"text-align: justify;\" align=\"justify\">\n<p style=\"text-align: justify;\" align=\"justify\">CONSIDERANDO que o artigo 3\u00ba, do <a href=\"https:\/\/www.tjes.jus.br\/corregedoria\/2017\/07\/28\/ato-normativo-conjunto-no-0062017-disp-28072017-republicacao\/\">Ato Normativo Conjunto n\u00ba 006\/2017<\/a>, publicado no Di\u00e1rio da Justi\u00e7a de 07\/07\/2017, estabelece a compet\u00eancia do Ju\u00edzo da condena\u00e7\u00e3o para a execu\u00e7\u00e3o da pena de multa, aplicada isolada ou cumulativamente;<\/p>\n<p style=\"text-align: justify;\" align=\"justify\">\n<p style=\"text-align: justify;\" align=\"justify\">CONSIDERANDO que o Supremo Tribunal Federal, no julgamento da A\u00e7\u00e3o Direta de Inconstitucionalidade n\u00ba 3150\/DF, por maioria, reconheceu que o Minist\u00e9rio P\u00fablico \u00e9 o \u00f3rg\u00e3o legitimado para promover a execu\u00e7\u00e3o da pena de multa perante a Vara de Execu\u00e7\u00e3o Penal, cujo ac\u00f3rd\u00e3o foi publicado no DJe de 06\/08\/2019;<\/p>\n<p align=\"justify\">\n<p align=\"justify\">RESOLVEM:<\/p>\n<p style=\"text-align: justify;\" align=\"justify\">\n<p style=\"text-align: justify;\" align=\"justify\">Art. 1\u00ba. Revogar o <a href=\"https:\/\/www.tjes.jus.br\/corregedoria\/2017\/07\/28\/ato-normativo-conjunto-no-0062017-disp-28072017-republicacao\/\">Ato Normativo Conjunto n\u00ba 06\/2017<\/a>, publicado no Di\u00e1rio da Justi\u00e7a de 07 de julho de 2017.<\/p>\n<p style=\"text-align: justify;\" align=\"justify\">\n<p style=\"text-align: justify;\" align=\"justify\">Art. 2\u00ba. Em rela\u00e7\u00e3o \u00e0 cobran\u00e7a das custas processuais, aplicam-se as disposi\u00e7\u00f5es pertinentes do C\u00f3digo de Normas da E. Corregedoria Geral de Justi\u00e7a deste Estado.<\/p>\n<p style=\"text-align: justify;\" align=\"justify\">\n<p style=\"text-align: justify;\" align=\"justify\">Art. 3\u00ba. Antes de remeter a Guia de Execu\u00e7\u00e3o Criminal para a Vara de Execu\u00e7\u00e3o Penal competente, o Ju\u00edzo da condena\u00e7\u00e3o dever\u00e1 encaminhar os autos \u00e0 Contadoria para atualiza\u00e7\u00e3o do c\u00e1lculo da multa criminal e das custas.<\/p>\n<p style=\"text-align: justify;\" align=\"justify\">\n<p style=\"text-align: justify;\" align=\"justify\">Art. 4\u00ba. Havendo parcelamento da multa criminal em curso at\u00e9 a publica\u00e7\u00e3o deste Ato, conforme autorizado pelo art. 6\u00ba, do <a href=\"https:\/\/www.tjes.jus.br\/corregedoria\/2017\/07\/28\/ato-normativo-conjunto-no-0062017-disp-28072017-republicacao\/\">Ato Normativo Conjunto n\u00b0 006\/2017<\/a>, subsiste a compet\u00eancia da Vara de conhecimento para a cobran\u00e7a.<\/p>\n<p style=\"text-align: justify;\" align=\"justify\">\n<p style=\"text-align: justify;\" align=\"justify\">Art. 5\u00ba. Este Ato Normativo Conjunto entra em vigor na data de sua publica\u00e7\u00e3o.<\/p>\n<p align=\"justify\">\n<p align=\"justify\">Publique-se.<\/p>\n<p align=\"justify\">\n<p align=\"justify\">Vit\u00f3ria\/ES, 13 de novembro de 2019.<\/p>\n<p align=\"justify\">\n<p style=\"text-align: center;\" align=\"justify\">Des. S\u00c9RGIO LUIZ TEIXEIRA GAMA<\/p>\n<p style=\"text-align: center;\" align=\"justify\">Presidente<\/p>\n<p align=\"center\">\n<p align=\"center\">Des. SAMUEL MEIRA BRASIL J\u00daNIOR<\/p>\n<p align=\"center\">Corregedor Geral da Justi\u00e7a<\/p>\n","protected":false},"excerpt":{"rendered":"<p>ESTADO DO ESP\u00cdRITO SANTO PODER JUDICI\u00c1RIO TRIBUNAL DE JUSTI\u00c7A GABINETE DA PRESID\u00caNCIA ATO NORMATIVO CONJUNTO N\u00ba 026 \/2019 Revoga o Ato Normativo Conjunto n\u00b0 06\/2017, publicado no Di\u00e1rio da Justi\u00e7a de 07\/07\/2017, e d\u00e1 outras provid\u00eancias. O Excelent\u00edssimo Senhor Desembargador S\u00c9RGIO LUIZ TEIXEIRA GAMA, Presidente do Egr\u00e9gio Tribunal de Justi\u00e7a do Estado do Esp\u00edrito Santo, [&hellip;]<\/p>\n","protected":false},"author":8,"featured_media":0,"comment_status":"closed","ping_status":"closed","sticky":false,"template":"","format":"standard","meta":{"footnotes":""},"categories":[4,14],"tags":[],"_links":{"self":[{"href":"https:\/\/www.tjes.jus.br\/corregedoria\/wp-json\/wp\/v2\/posts\/28345"}],"collection":[{"href":"https:\/\/www.tjes.jus.br\/corregedoria\/wp-json\/wp\/v2\/posts"}],"about":[{"href":"https:\/\/www.tjes.jus.br\/corregedoria\/wp-json\/wp\/v2\/types\/post"}],"author":[{"embeddable":true,"href":"https:\/\/www.tjes.jus.br\/corregedoria\/wp-json\/wp\/v2\/users\/8"}],"replies":[{"embeddable":true,"href":"https:\/\/www.tjes.jus.br\/corregedoria\/wp-json\/wp\/v2\/comments?post=28345"}],"version-history":[{"count":1,"href":"https:\/\/www.tjes.jus.br\/corregedoria\/wp-json\/wp\/v2\/posts\/28345\/revisions"}],"predecessor-version":[{"id":28346,"href":"https:\/\/www.tjes.jus.br\/corregedoria\/wp-json\/wp\/v2\/posts\/28345\/revisions\/28346"}],"wp:attachment":[{"href":"https:\/\/www.tjes.jus.br\/corregedoria\/wp-json\/wp\/v2\/media?parent=28345"}],"wp:term":[{"taxonomy":"category","embeddable":true,"href":"https:\/\/www.tjes.jus.br\/corregedoria\/wp-json\/wp\/v2\/categories?post=28345"},{"taxonomy":"post_tag","embeddable":true,"href":"https:\/\/www.tjes.jus.br\/corregedoria\/wp-json\/wp\/v2\/tags?post=28345"}],"curies":[{"name":"wp","href":"https:\/\/api.w.org\/{rel}","templated":true}]}}