{"id":28374,"date":"2019-11-21T14:21:43","date_gmt":"2019-11-21T16:21:43","guid":{"rendered":"https:\/\/www.tjes.jus.br\/corregedoria\/?p=28374"},"modified":"2019-11-21T14:21:43","modified_gmt":"2019-11-21T16:21:43","slug":"ato-normativo-no-175-2019-disp-20-11-2019","status":"publish","type":"post","link":"https:\/\/www.tjes.jus.br\/corregedoria\/2019\/11\/21\/ato-normativo-no-175-2019-disp-20-11-2019\/","title":{"rendered":"ATO NORMATIVO N\u00ba 175\/2019 \u2013 DISP. 20\/11\/2019"},"content":{"rendered":"<p align=\"center\"><strong>ESTADO DO ESP\u00cdRITO SANTO<\/strong><\/p>\n<p align=\"center\"><strong>PODER JUDICI\u00c1RIO<\/strong><\/p>\n<p align=\"center\"><strong>TRIBUNAL DE JUSTI\u00c7A<\/strong><\/p>\n<p align=\"center\"><strong><i>GABINETE DA PRESID\u00caNCIA<\/i><\/strong><\/p>\n<p>&nbsp;<\/p>\n<p align=\"center\"><strong>ATO NORMATIVO n\u00ba 175\/2019<\/strong><\/p>\n<p align=\"center\">\n<p align=\"justify\">O Excelent\u00edssimo Senhor Desembargador S\u00e9rgio Luiz Teixeira Gama, Presidente do Egr\u00e9gio Tribunal de Justi\u00e7a do Estado do Esp\u00edrito Santo, no uso de suas atribui\u00e7\u00f5es legais,<\/p>\n<p align=\"justify\">\n<p align=\"justify\">CONSIDERANDO o disposto no art. 58, da Resolu\u00e7\u00e3o n\u00ba 15\/95 \u2013 Regimento Interno do Tribunal de Justi\u00e7a do Estado do Esp\u00edrito Santo \u2013, que atribui ao Presidente do Egr\u00e9gio Tribunal de Justi\u00e7a compet\u00eancia geral para exercer a superintend\u00eancia de todo servi\u00e7o judici\u00e1rio, na qualidade de Chefe do Poder Judici\u00e1rio Estadual;<\/p>\n<p align=\"justify\">\n<p align=\"justify\">CONSIDERANDO as fortes chuvas que atingem a Grande Vit\u00f3ria na presente data, ocasionando a interdi\u00e7\u00e3o das vias de acesso aos F\u00f3runs de Viana e Areinha, impossibilitando, assim, o tr\u00e2nsito e o deslocamento dos jurisdicionados e operadores do direito em geral;<\/p>\n<p align=\"justify\">\n<p align=\"justify\">RESOLVE:<\/p>\n<p align=\"justify\">\n<p align=\"justify\">Art. 1\u00ba DETERMINAR a suspens\u00e3o do expediente forense no dia 19 de Novembro de 2019 no Ju\u00edzo de Viana (Sede e Areinha) \u2013 Comarca da Capital.<\/p>\n<p align=\"justify\">\n<p align=\"justify\">Art. 2\u00ba Ficam suspensos os prazos e atos processuais, no Ju\u00edzo de Viana (Sede e Areinha) \u2013 Comarca da Capital, no dia 19 de novembro de 2019, ressalvando-se, contudo, os atos que forem praticados sem qualquer preju\u00edzo.<\/p>\n<p align=\"justify\">\n<p align=\"justify\">Art. 3\u00ba Excetua-se \u00e0 suspens\u00e3o a que alude o art. 1\u00b0 a 2\u00aa Vara Criminal de Viana, com funcionamento no F\u00f3rum de Cariacica, sujeita, entretanto, aos efeitos do disposto no art. 2\u00b0, deste Ato Normativo.<\/p>\n<p align=\"justify\">\n<p align=\"justify\">Publique-se.<\/p>\n<p align=\"justify\">\n<p style=\"text-align: left;\" align=\"center\">Vit\u00f3ria, 19 de Novembro de 2019.<\/p>\n<p align=\"center\">\n<p align=\"center\">Desembargador S\u00c9RGIO LUIZ TEIXEIRA GAMA<\/p>\n<p align=\"center\">Presidente<\/p>\n","protected":false},"excerpt":{"rendered":"<p>ESTADO DO ESP\u00cdRITO SANTO PODER JUDICI\u00c1RIO TRIBUNAL DE JUSTI\u00c7A GABINETE DA PRESID\u00caNCIA &nbsp; ATO NORMATIVO n\u00ba 175\/2019 O Excelent\u00edssimo Senhor Desembargador S\u00e9rgio Luiz Teixeira Gama, Presidente do Egr\u00e9gio Tribunal de Justi\u00e7a do Estado do Esp\u00edrito Santo, no uso de suas atribui\u00e7\u00f5es legais, CONSIDERANDO o disposto no art. 58, da Resolu\u00e7\u00e3o n\u00ba 15\/95 \u2013 Regimento Interno [&hellip;]<\/p>\n","protected":false},"author":12,"featured_media":0,"comment_status":"closed","ping_status":"closed","sticky":false,"template":"","format":"standard","meta":{"footnotes":""},"categories":[4,14],"tags":[],"_links":{"self":[{"href":"https:\/\/www.tjes.jus.br\/corregedoria\/wp-json\/wp\/v2\/posts\/28374"}],"collection":[{"href":"https:\/\/www.tjes.jus.br\/corregedoria\/wp-json\/wp\/v2\/posts"}],"about":[{"href":"https:\/\/www.tjes.jus.br\/corregedoria\/wp-json\/wp\/v2\/types\/post"}],"author":[{"embeddable":true,"href":"https:\/\/www.tjes.jus.br\/corregedoria\/wp-json\/wp\/v2\/users\/12"}],"replies":[{"embeddable":true,"href":"https:\/\/www.tjes.jus.br\/corregedoria\/wp-json\/wp\/v2\/comments?post=28374"}],"version-history":[{"count":1,"href":"https:\/\/www.tjes.jus.br\/corregedoria\/wp-json\/wp\/v2\/posts\/28374\/revisions"}],"predecessor-version":[{"id":28376,"href":"https:\/\/www.tjes.jus.br\/corregedoria\/wp-json\/wp\/v2\/posts\/28374\/revisions\/28376"}],"wp:attachment":[{"href":"https:\/\/www.tjes.jus.br\/corregedoria\/wp-json\/wp\/v2\/media?parent=28374"}],"wp:term":[{"taxonomy":"category","embeddable":true,"href":"https:\/\/www.tjes.jus.br\/corregedoria\/wp-json\/wp\/v2\/categories?post=28374"},{"taxonomy":"post_tag","embeddable":true,"href":"https:\/\/www.tjes.jus.br\/corregedoria\/wp-json\/wp\/v2\/tags?post=28374"}],"curies":[{"name":"wp","href":"https:\/\/api.w.org\/{rel}","templated":true}]}}