{"id":28375,"date":"2019-11-21T14:26:31","date_gmt":"2019-11-21T16:26:31","guid":{"rendered":"https:\/\/www.tjes.jus.br\/corregedoria\/?p=28375"},"modified":"2019-11-25T14:33:40","modified_gmt":"2019-11-25T16:33:40","slug":"convite","status":"publish","type":"post","link":"https:\/\/www.tjes.jus.br\/corregedoria\/2019\/11\/21\/convite\/","title":{"rendered":"Convite"},"content":{"rendered":"<p style=\"text-align: justify;\">O Corregedor Geral de Justi\u00e7a, Exmo. Sr. Desembargador Samuel Meira Brasil J\u00fanior, convida a todos os magistrados do Poder Judici\u00e1rio de 1\u00ba Grau a comparecerem em reuni\u00e3o de trabalho no pr\u00f3ximo dia <strong>29 de novembro<\/strong>, <strong>\u00e0s 13:00 h<\/strong>, <strong>no audit\u00f3rio da CGJ\/ES<\/strong>. Dentre outros temas da reuni\u00e3o, ser\u00e1 feita a apresenta\u00e7\u00e3o do novo \u201cPainel de Sistemas da Corregedoria\u201d e apresentado o projeto do Centro de Inova\u00e7\u00e3o, Tecnologia e Intelig\u00eancia Artificial do Poder Judici\u00e1rio do Esp\u00edrito Santo.<\/p>\n","protected":false},"excerpt":{"rendered":"<p>O Corregedor Geral de Justi\u00e7a, Exmo. Sr. Desembargador Samuel Meira Brasil J\u00fanior, convida a todos os magistrados do Poder Judici\u00e1rio de 1\u00ba Grau a comparecerem em reuni\u00e3o de trabalho no pr\u00f3ximo dia 29 de novembro, \u00e0s 13:00 h, no audit\u00f3rio da CGJ\/ES. Dentre outros temas da reuni\u00e3o, ser\u00e1 feita a apresenta\u00e7\u00e3o do novo \u201cPainel de [&hellip;]<\/p>\n","protected":false},"author":8,"featured_media":27897,"comment_status":"closed","ping_status":"closed","sticky":false,"template":"","format":"standard","meta":{"footnotes":""},"categories":[1],"tags":[],"_links":{"self":[{"href":"https:\/\/www.tjes.jus.br\/corregedoria\/wp-json\/wp\/v2\/posts\/28375"}],"collection":[{"href":"https:\/\/www.tjes.jus.br\/corregedoria\/wp-json\/wp\/v2\/posts"}],"about":[{"href":"https:\/\/www.tjes.jus.br\/corregedoria\/wp-json\/wp\/v2\/types\/post"}],"author":[{"embeddable":true,"href":"https:\/\/www.tjes.jus.br\/corregedoria\/wp-json\/wp\/v2\/users\/8"}],"replies":[{"embeddable":true,"href":"https:\/\/www.tjes.jus.br\/corregedoria\/wp-json\/wp\/v2\/comments?post=28375"}],"version-history":[{"count":3,"href":"https:\/\/www.tjes.jus.br\/corregedoria\/wp-json\/wp\/v2\/posts\/28375\/revisions"}],"predecessor-version":[{"id":28412,"href":"https:\/\/www.tjes.jus.br\/corregedoria\/wp-json\/wp\/v2\/posts\/28375\/revisions\/28412"}],"wp:featuredmedia":[{"embeddable":true,"href":"https:\/\/www.tjes.jus.br\/corregedoria\/wp-json\/wp\/v2\/media\/27897"}],"wp:attachment":[{"href":"https:\/\/www.tjes.jus.br\/corregedoria\/wp-json\/wp\/v2\/media?parent=28375"}],"wp:term":[{"taxonomy":"category","embeddable":true,"href":"https:\/\/www.tjes.jus.br\/corregedoria\/wp-json\/wp\/v2\/categories?post=28375"},{"taxonomy":"post_tag","embeddable":true,"href":"https:\/\/www.tjes.jus.br\/corregedoria\/wp-json\/wp\/v2\/tags?post=28375"}],"curies":[{"name":"wp","href":"https:\/\/api.w.org\/{rel}","templated":true}]}}