{"id":2838,"date":"2016-06-23T16:29:52","date_gmt":"2016-06-23T19:29:52","guid":{"rendered":"https:\/\/www.tjes.jus.br\/corregedoria\/?p=2838"},"modified":"2017-05-26T12:42:25","modified_gmt":"2017-05-26T15:42:25","slug":"ato-normativo-n-1172013-disp-25092013","status":"publish","type":"post","link":"https:\/\/www.tjes.jus.br\/corregedoria\/2016\/06\/23\/ato-normativo-n-1172013-disp-25092013\/","title":{"rendered":"ATO NORMATIVO N\u00ba 117\/2013 &#8211; DISP. 25\/09\/2013"},"content":{"rendered":"<p style=\"text-align: center;\"><strong>ESTADO DO ESP\u00cdRITO SANTO<\/strong><\/p>\n<p style=\"text-align: center;\"><strong>PODER JUDICI\u00c1RIO<\/strong><\/p>\n<p style=\"text-align: center;\"><strong>TRIBUNAL DE JUSTI\u00c7A<\/strong><\/p>\n<p style=\"text-align: center;\"><strong>ATO NORMATIVO N\u00ba 117\/2013<\/strong><\/p>\n<p style=\"text-align: justify;\">O Excelent\u00edssimo Senhor Desembargador Pedro Valls Feu Rosa, Presidente do Egr\u00e9gio Tribunal de Justi\u00e7a do Estado do Esp\u00edrito Santo, no uso de suas atribui\u00e7\u00f5es legais, e<\/p>\n<p style=\"text-align: justify;\"><strong>CONSIDERANDO<\/strong> o disposto no inciso III, do artigo 67 da Lei Complementar n\u00ba. 101\/2000 \u2013 Lei de Responsabilidade Fiscal;<\/p>\n<p style=\"text-align: justify;\"><strong>CONSIDERANDO<\/strong> o disposto no inciso I, do artigo 6\u00ba do Decreto n\u00ba. 6976\/2009 e no inciso I do art. 17 da Lei n\u00ba. 10.180\/2001, que conferem \u00e0 Secretaria do Tesouro Nacional (STN) do Minist\u00e9rio da Fazenda (MF) a condi\u00e7\u00e3o de \u00f3rg\u00e3o central do Sistema de Contabilidade Federal;<\/p>\n<p style=\"text-align: justify;\"><strong>CONSIDERANDO<\/strong> o disposto na Portaria n\u00ba. 828, de 14\/12\/2011, da Secretaria do Tesouro Nacional (STN), que destaca a necessidade de padronizar os procedimentos cont\u00e1beis nos tr\u00eas n\u00edveis de governo, com o objetivo de orientar e dar apoio \u00e0 gest\u00e3o patrimonial na forma estabelecida na Lei Complementar n\u00ba. 101\/2000 \u2013 Lei de Responsabilidade Fiscal, bem como as altera\u00e7\u00f5es dos artigos 6\u00ba e 7\u00ba da Portaria do STN n\u00ba. 406, de 20 de junho de 2011;<\/p>\n<p style=\"text-align: justify;\"><strong>CONSIDERANDO<\/strong> a decis\u00e3o do Exmo. Sr. Des. Pedro Valls Feu Rosa Presidente do Eg. Tribunal de Justi\u00e7a do Estado do Esp\u00edrito Santo nos autos administrativos de n\u00ba. <strong>2012.00.197.393<\/strong>.<\/p>\n<p style=\"text-align: justify;\"><strong>RESOLVE:<\/strong><\/p>\n<p style=\"text-align: justify;\"><strong>Art. 1\u00ba Excluir <\/strong>o membro<strong> Gutemberg da Silva Oliveira <\/strong>da composi\u00e7\u00e3o da \u201c<strong>COMISS\u00c3O GESTORA DO PLANO DE CONTAS APLICADO AO SETOR P\u00daBLICO DA STN\u201d<\/strong> e incluir o <strong>Sr. Fabio Miguel<\/strong> como substituto. Portanto, o inciso VI do art. 2\u00ba do <a href=\"https:\/\/www.tjes.jus.br\/corregedoria\/index.php\/2017\/05\/18\/ato-normativo-no-0282012-disp-02032012-alterado\/\" target=\"_blank\">Ato Normativo n\u00ba. 28\/2012<\/a> passar\u00e1 a ter a seguinte reda\u00e7\u00e3o:<\/p>\n<p style=\"text-align: justify; padding-left: 30px;\"><strong>\u201cArt. 2\u00ba A \u2018Comiss\u00e3o Gestora do Plano de Contas aplicado ao setor p\u00fablico da STN\u2019 do TJES ser\u00e1 composta pelos seguintes servidores, diretamente subordinados \u00e0 Presid\u00eancia<br \/>\n<\/strong>[&#8230;]<br \/>\n<strong>VI \u2013<\/strong> <strong>F\u00e1bio Miguel<\/strong>: Analista Judici\u00e1rio 01 \u2013 \u00c1rea: Apoio Especializado \u2013 Especialidade: T\u00e9cnico em Contabilidade;\u201d<\/p>\n<p style=\"text-align: justify;\"><strong>Art. 2\u00ba<\/strong> Este Ato Normativo entra em vigor na data de sua publica\u00e7\u00e3o.<\/p>\n<p style=\"text-align: justify;\">Publique-se.<\/p>\n<p style=\"text-align: justify;\">Vit\u00f3ria\/ES, 24 de setembro de 2013.<\/p>\n<p style=\"text-align: center;\">Desembargador<strong> PEDRO VALLS FEU ROSA<br \/>\nPresidente<\/strong><\/p>\n","protected":false},"excerpt":{"rendered":"<p>ESTADO DO ESP\u00cdRITO SANTO PODER JUDICI\u00c1RIO TRIBUNAL DE JUSTI\u00c7A ATO NORMATIVO N\u00ba 117\/2013 O Excelent\u00edssimo Senhor Desembargador Pedro Valls Feu Rosa, Presidente do Egr\u00e9gio Tribunal de Justi\u00e7a do Estado do Esp\u00edrito Santo, no uso de suas atribui\u00e7\u00f5es legais, e CONSIDERANDO o disposto no inciso III, do artigo 67 da Lei Complementar n\u00ba. 101\/2000 \u2013 Lei [&hellip;]<\/p>\n","protected":false},"author":1,"featured_media":0,"comment_status":"open","ping_status":"open","sticky":false,"template":"","format":"standard","meta":{"footnotes":""},"categories":[4,14],"tags":[],"_links":{"self":[{"href":"https:\/\/www.tjes.jus.br\/corregedoria\/wp-json\/wp\/v2\/posts\/2838"}],"collection":[{"href":"https:\/\/www.tjes.jus.br\/corregedoria\/wp-json\/wp\/v2\/posts"}],"about":[{"href":"https:\/\/www.tjes.jus.br\/corregedoria\/wp-json\/wp\/v2\/types\/post"}],"author":[{"embeddable":true,"href":"https:\/\/www.tjes.jus.br\/corregedoria\/wp-json\/wp\/v2\/users\/1"}],"replies":[{"embeddable":true,"href":"https:\/\/www.tjes.jus.br\/corregedoria\/wp-json\/wp\/v2\/comments?post=2838"}],"version-history":[{"count":3,"href":"https:\/\/www.tjes.jus.br\/corregedoria\/wp-json\/wp\/v2\/posts\/2838\/revisions"}],"predecessor-version":[{"id":15929,"href":"https:\/\/www.tjes.jus.br\/corregedoria\/wp-json\/wp\/v2\/posts\/2838\/revisions\/15929"}],"wp:attachment":[{"href":"https:\/\/www.tjes.jus.br\/corregedoria\/wp-json\/wp\/v2\/media?parent=2838"}],"wp:term":[{"taxonomy":"category","embeddable":true,"href":"https:\/\/www.tjes.jus.br\/corregedoria\/wp-json\/wp\/v2\/categories?post=2838"},{"taxonomy":"post_tag","embeddable":true,"href":"https:\/\/www.tjes.jus.br\/corregedoria\/wp-json\/wp\/v2\/tags?post=2838"}],"curies":[{"name":"wp","href":"https:\/\/api.w.org\/{rel}","templated":true}]}}