{"id":28422,"date":"2019-11-25T16:45:49","date_gmt":"2019-11-25T18:45:49","guid":{"rendered":"https:\/\/www.tjes.jus.br\/corregedoria\/?p=28422"},"modified":"2019-11-25T16:45:49","modified_gmt":"2019-11-25T18:45:49","slug":"ato-normativo-no-179-2019-disp-22-11-2019","status":"publish","type":"post","link":"https:\/\/www.tjes.jus.br\/corregedoria\/2019\/11\/25\/ato-normativo-no-179-2019-disp-22-11-2019\/","title":{"rendered":"ATO NORMATIVO N\u00ba 179\/2019 \u2013 DISP. 22\/11\/2019"},"content":{"rendered":"<p align=\"center\"><strong>ESTADO DO ESP\u00cdRITO SANTO<\/strong><\/p>\n<p align=\"center\"><strong>PODER JUDICI\u00c1RIO<\/strong><\/p>\n<p align=\"center\"><strong>TRIBUNAL DE JUSTI\u00c7A<\/strong><\/p>\n<p align=\"center\"><strong>GABINETE DA PRESID\u00caNCIA<\/strong><\/p>\n<p align=\"center\">\n<p align=\"center\"><strong>ATO NORMATIVO N\u00ba 179 \/2019<\/strong><\/p>\n<p align=\"justify\">\n<p style=\"text-align: justify;\" align=\"justify\">O Excelent\u00edssimo Senhor Desembargador S\u00c9RGIO LUIZ TEIXEIRA GAMA, Presidente do Egr\u00e9gio Tribunal de Justi\u00e7a do Estado do Esp\u00edrito Santo, no uso de suas atribui\u00e7\u00f5es legais e,<\/p>\n<p style=\"text-align: justify;\" align=\"justify\">\n<p style=\"text-align: justify;\" align=\"justify\">CONSIDERANDO o disposto no artigo 58, da Resolu\u00e7\u00e3o n\u00ba. 15\/1995 (Regimento Interno do Tribunal de Justi\u00e7a do Esp\u00edrito Santo), que atribui ao Presidente do Egr\u00e9gio Tribunal de Justi\u00e7a do Estado do Esp\u00edrito Santo compet\u00eancia geral para exercer a superintend\u00eancia de todo o servi\u00e7o judici\u00e1rio, na qualidade de Chefe do Poder Judici\u00e1rio Estadual;<\/p>\n<p style=\"text-align: justify;\" align=\"justify\">\n<p style=\"text-align: justify;\" align=\"justify\">CONSIDERANDO a vig\u00eancia do Novo C\u00f3digo de Processo Civil (Lei 13.105\/2015), da Lei da Media\u00e7\u00e3o (Lei 13.140\/2015) e da Resolu\u00e7\u00e3o 125\/2010, do Conselho Nacional de Justi\u00e7a-CNJ, que instituiu a Pol\u00edtica de Tratamento adequado de Resolu\u00e7\u00e3o de Conflitos;<\/p>\n<p style=\"text-align: justify;\"><strong>RESOLVE:<\/strong><\/p>\n<p style=\"text-align: justify;\">\n<p align=\"justify\">Art. 1\u00ba &#8211; Instituir e convocar\u00a0a\u00a0Equipe de Trabalho para\u00a0a realiza\u00e7\u00e3o de\u00a0Pauta\u00a0Concentrada\u00a0de\u00a0Media\u00e7\u00e3o\u00a0Judicial\u00a0onde ser\u00e3o trabalhados processos das \u00e1reas c\u00edvel e\u00a0fam\u00edlia\u00a0do Ju\u00edzo\u00a0de Cariacica,\u00a0que ser\u00e1 realizada no 7\u00b0 Centro Judici\u00e1rio de Solu\u00e7\u00e3o de Conflitos e Cidadania\u00a0&#8211; CEJUSC,\u00a0nos dias\u00a018\/11\/2019 a\u00a021\/11\/2019,\u00a0no hor\u00e1rio das 8h \u00e0s 12he 14h \u00e0s 18h,\u00a0conforme abaixo:<\/p>\n<table cellspacing=\"0\" cellpadding=\"2\">\n<colgroup>\n<col width=\"301\" \/>\n<col width=\"265\" \/><\/colgroup>\n<tbody>\n<tr>\n<td width=\"301\" height=\"14\">MARCIA CRISTINA DE GODOYS MONTEIRO<\/td>\n<td width=\"265\">INSTRUTORA DE MEDIA\u00c7\u00c3O JUDICIAL EM FORMA\u00c7\u00c3O &#8211; CHEFE DO SETOR DE CONCILIA\u00c7\u00c3O DO 1\u00b0 JUIZADO ESPECIAL C\u00cdVEL DE CARIACICA<\/td>\n<\/tr>\n<tr>\n<td width=\"301\" height=\"14\">JAKLANE DE SOUZA ALMEIDA<\/p>\n<p>&nbsp;<\/td>\n<td width=\"265\">INSTRUTORA DE MEDIA\u00c7\u00c3O JUDICIAL EM FORMA\u00c7\u00c3O \u2013 ANALISTA JUDICI\u00c1RIO 02<\/td>\n<\/tr>\n<\/tbody>\n<\/table>\n<table cellspacing=\"0\" cellpadding=\"2\">\n<colgroup>\n<col width=\"301\" \/>\n<col width=\"265\" \/><\/colgroup>\n<tbody>\n<tr>\n<td width=\"301\" height=\"13\">MARIA DILCE LUGON GRACIOSA<\/td>\n<td width=\"265\">\n<p align=\"justify\">ASSESSORA DE JUIZ DE DIREITO DE 1\u00ba GRAU<\/p>\n<p align=\"justify\">MEDIADORA JUDICIAL<\/p>\n<\/td>\n<\/tr>\n<\/tbody>\n<\/table>\n<p align=\"justify\">\n<p style=\"text-align: justify;\" align=\"justify\">Art. 2\u00ba &#8211; O Grupo de Trabalho promover\u00e1 os atos executivos necess\u00e1rios \u00e0 realiza\u00e7\u00e3o das Sess\u00f5es de Media\u00e7\u00e3o, devendo cumprir o C\u00f3digo de \u00c9tica dos Mediadores Judiciais, estabelecido pela resolu\u00e7\u00e3o 125\/2010, do Conselho Nacional de Justi\u00e7a, ficando respons\u00e1veis pelas media\u00e7\u00f5es realizadas pelos mediadores em forma\u00e7\u00e3o, em pr\u00e1tica do Curso de Media\u00e7\u00e3o Judicial.<\/p>\n<p style=\"text-align: justify;\" align=\"justify\">\n<p style=\"text-align: justify;\" align=\"justify\">Art. 3\u00ba &#8211; O N\u00facleo Permanente de M\u00e9todos Consensuais de Solu\u00e7\u00e3o de Conflitos encaminhar\u00e1 \u00e0 Secretaria de Gest\u00e3o de Pessoas, no prazo de 10 (dez) dias ap\u00f3s a realiza\u00e7\u00e3o do evento, informa\u00e7\u00f5es com rela\u00e7\u00e3o \u00e0s horas trabalhadas, al\u00e9m do expediente normal, para anota\u00e7\u00e3o em ficha funcional, para fins de compensa\u00e7\u00e3o.<\/p>\n<p style=\"text-align: justify;\" align=\"justify\">\n<p style=\"text-align: justify;\" align=\"justify\">Art. 4\u00ba &#8211; Os servidores efetivos constantes desta Equipe de Trabalho ter\u00e3o reconhecido, para fins de promo\u00e7\u00e3o na carreira, a pontua\u00e7\u00e3o equivalente \u00e0 participa\u00e7\u00e3o em Equipe Especial de Trabalho, conforme disposto no Ato Normativo 2773\/2012.<\/p>\n<p align=\"justify\">\n<p align=\"justify\">Art. 5\u00ba &#8211; Este Ato Normativo entra em vigor na data de sua publica\u00e7\u00e3o.<\/p>\n<p align=\"justify\">\n<p align=\"justify\">Publique-se.<\/p>\n<p align=\"justify\">\n<p align=\"justify\">Vit\u00f3ria, 13 de novembro de 2019.<\/p>\n<p align=\"justify\">\n<p align=\"justify\">\n<p style=\"text-align: center;\" align=\"justify\">Des. S\u00c9RGIO LUIZ TEIXEIRA GAMA<\/p>\n<p align=\"center\">PRESIDENTE<\/p>\n","protected":false},"excerpt":{"rendered":"<p>ESTADO DO ESP\u00cdRITO SANTO PODER JUDICI\u00c1RIO TRIBUNAL DE JUSTI\u00c7A GABINETE DA PRESID\u00caNCIA ATO NORMATIVO N\u00ba 179 \/2019 O Excelent\u00edssimo Senhor Desembargador S\u00c9RGIO LUIZ TEIXEIRA GAMA, Presidente do Egr\u00e9gio Tribunal de Justi\u00e7a do Estado do Esp\u00edrito Santo, no uso de suas atribui\u00e7\u00f5es legais e, CONSIDERANDO o disposto no artigo 58, da Resolu\u00e7\u00e3o n\u00ba. 15\/1995 (Regimento Interno [&hellip;]<\/p>\n","protected":false},"author":8,"featured_media":0,"comment_status":"closed","ping_status":"closed","sticky":false,"template":"","format":"standard","meta":{"footnotes":""},"categories":[4,14],"tags":[],"_links":{"self":[{"href":"https:\/\/www.tjes.jus.br\/corregedoria\/wp-json\/wp\/v2\/posts\/28422"}],"collection":[{"href":"https:\/\/www.tjes.jus.br\/corregedoria\/wp-json\/wp\/v2\/posts"}],"about":[{"href":"https:\/\/www.tjes.jus.br\/corregedoria\/wp-json\/wp\/v2\/types\/post"}],"author":[{"embeddable":true,"href":"https:\/\/www.tjes.jus.br\/corregedoria\/wp-json\/wp\/v2\/users\/8"}],"replies":[{"embeddable":true,"href":"https:\/\/www.tjes.jus.br\/corregedoria\/wp-json\/wp\/v2\/comments?post=28422"}],"version-history":[{"count":1,"href":"https:\/\/www.tjes.jus.br\/corregedoria\/wp-json\/wp\/v2\/posts\/28422\/revisions"}],"predecessor-version":[{"id":28423,"href":"https:\/\/www.tjes.jus.br\/corregedoria\/wp-json\/wp\/v2\/posts\/28422\/revisions\/28423"}],"wp:attachment":[{"href":"https:\/\/www.tjes.jus.br\/corregedoria\/wp-json\/wp\/v2\/media?parent=28422"}],"wp:term":[{"taxonomy":"category","embeddable":true,"href":"https:\/\/www.tjes.jus.br\/corregedoria\/wp-json\/wp\/v2\/categories?post=28422"},{"taxonomy":"post_tag","embeddable":true,"href":"https:\/\/www.tjes.jus.br\/corregedoria\/wp-json\/wp\/v2\/tags?post=28422"}],"curies":[{"name":"wp","href":"https:\/\/api.w.org\/{rel}","templated":true}]}}