{"id":28430,"date":"2019-11-25T16:49:58","date_gmt":"2019-11-25T18:49:58","guid":{"rendered":"https:\/\/www.tjes.jus.br\/corregedoria\/?p=28430"},"modified":"2019-11-25T16:49:58","modified_gmt":"2019-11-25T18:49:58","slug":"ato-normativo-no-183-2019-disp-22-11-2019","status":"publish","type":"post","link":"https:\/\/www.tjes.jus.br\/corregedoria\/2019\/11\/25\/ato-normativo-no-183-2019-disp-22-11-2019\/","title":{"rendered":"ATO NORMATIVO N\u00ba 183\/2019 \u2013 DISP. 22\/11\/2019"},"content":{"rendered":"<div class=\"override-text\" align=\"center\"><strong>ESTADO DO ESP\u00cdRITO SANTO<\/strong><\/div>\n<div class=\"override-text\" align=\"center\"><strong>PODER JUDICI\u00c1RIO<\/strong><\/div>\n<div class=\"override-text\" align=\"center\"><strong>TRIBUNAL DE JUSTI\u00c7A<\/strong><\/div>\n<div class=\"override-text\" align=\"center\"><strong><i>GABINETE DA PRESID\u00caNCIA<\/i><\/strong><\/div>\n<p align=\"center\">\n<p align=\"center\"><strong>ATO NORMATIVO n\u00ba 183\/2019<\/strong><\/p>\n<p align=\"center\">\n<p align=\"justify\">O Excelent\u00edssimo Senhor Desembargador S\u00e9rgio Luiz Teixeira Gama, Presidente do Egr\u00e9gio Tribunal de Justi\u00e7a do Estado do Esp\u00edrito Santo, no uso de suas atribui\u00e7\u00f5es legais,<\/p>\n<p align=\"justify\">\n<p align=\"justify\">CONSIDERANDO o disposto no art. 58, da Resolu\u00e7\u00e3o n\u00ba 15\/95 \u2013 Regimento Interno do Tribunal de Justi\u00e7a do Estado do Esp\u00edrito Santo \u2013, que atribui ao Presidente do Egr\u00e9gio Tribunal de Justi\u00e7a compet\u00eancia geral para exercer a superintend\u00eancia de todo servi\u00e7o judici\u00e1rio, na qualidade de Chefe do Poder Judici\u00e1rio Estadual;<\/p>\n<p align=\"justify\">\n<p align=\"justify\">CONSIDERANDO a informa\u00e7\u00e3o prestada na presente data pela Exma. Sra. Dra. Brunella Faustini Baglioli, Ju\u00edza de Direito titular da 1\u00aa Vara Especializada em Viol\u00eancia Dom\u00e9stica e Familiar contra a Mulher do Ju\u00edzo de Vit\u00f3ria \u2013 Comarca da Capital, qual seja, de que houve falha no servi\u00e7o de energia el\u00e9trica na sede da unidade (Casa do Cidad\u00e3o), no dia 21 de Novembro de 2019, inviabilizando o desenvolvimento das atividades forenses;<\/p>\n<p align=\"justify\">\n<p align=\"justify\">RESOLVE:<\/p>\n<p align=\"justify\">\n<p align=\"justify\"><span lang=\"en-US\">SUSPENDER\u00a0<\/span><span lang=\"pt-BR\">o expediente, os prazos e atos processuais na 1\u00aa Vara Especializada em Viol\u00eancia Dom\u00e9stica e Familiar contra a Mulher do Ju\u00edzo de Vit\u00f3ria \u2013 Comarca da Capital no dia 21 de Novembro de 2019, ressalvados os atos que puderam ser praticados.<\/span><\/p>\n<p align=\"justify\">\n<p align=\"justify\"><span lang=\"pt-BR\">Publique-se.<\/span><\/p>\n<p align=\"center\">\n<p style=\"text-align: left;\" align=\"center\"><span lang=\"pt-BR\">Vit\u00f3ria, 21 de Novembro de 2019.<\/span><\/p>\n<p align=\"center\">\n<p align=\"center\"><span lang=\"pt-BR\">Desembargador S\u00c9RGIO LUIZ TEIXEIRA GAMA<\/span><\/p>\n<p align=\"center\"><span lang=\"pt-BR\">Presidente<\/span><\/p>\n<p>&nbsp;<\/p>\n","protected":false},"excerpt":{"rendered":"<p>ESTADO DO ESP\u00cdRITO SANTO PODER JUDICI\u00c1RIO TRIBUNAL DE JUSTI\u00c7A GABINETE DA PRESID\u00caNCIA ATO NORMATIVO n\u00ba 183\/2019 O Excelent\u00edssimo Senhor Desembargador S\u00e9rgio Luiz Teixeira Gama, Presidente do Egr\u00e9gio Tribunal de Justi\u00e7a do Estado do Esp\u00edrito Santo, no uso de suas atribui\u00e7\u00f5es legais, CONSIDERANDO o disposto no art. 58, da Resolu\u00e7\u00e3o n\u00ba 15\/95 \u2013 Regimento Interno do [&hellip;]<\/p>\n","protected":false},"author":8,"featured_media":0,"comment_status":"closed","ping_status":"closed","sticky":false,"template":"","format":"standard","meta":{"footnotes":""},"categories":[4,14],"tags":[],"_links":{"self":[{"href":"https:\/\/www.tjes.jus.br\/corregedoria\/wp-json\/wp\/v2\/posts\/28430"}],"collection":[{"href":"https:\/\/www.tjes.jus.br\/corregedoria\/wp-json\/wp\/v2\/posts"}],"about":[{"href":"https:\/\/www.tjes.jus.br\/corregedoria\/wp-json\/wp\/v2\/types\/post"}],"author":[{"embeddable":true,"href":"https:\/\/www.tjes.jus.br\/corregedoria\/wp-json\/wp\/v2\/users\/8"}],"replies":[{"embeddable":true,"href":"https:\/\/www.tjes.jus.br\/corregedoria\/wp-json\/wp\/v2\/comments?post=28430"}],"version-history":[{"count":1,"href":"https:\/\/www.tjes.jus.br\/corregedoria\/wp-json\/wp\/v2\/posts\/28430\/revisions"}],"predecessor-version":[{"id":28431,"href":"https:\/\/www.tjes.jus.br\/corregedoria\/wp-json\/wp\/v2\/posts\/28430\/revisions\/28431"}],"wp:attachment":[{"href":"https:\/\/www.tjes.jus.br\/corregedoria\/wp-json\/wp\/v2\/media?parent=28430"}],"wp:term":[{"taxonomy":"category","embeddable":true,"href":"https:\/\/www.tjes.jus.br\/corregedoria\/wp-json\/wp\/v2\/categories?post=28430"},{"taxonomy":"post_tag","embeddable":true,"href":"https:\/\/www.tjes.jus.br\/corregedoria\/wp-json\/wp\/v2\/tags?post=28430"}],"curies":[{"name":"wp","href":"https:\/\/api.w.org\/{rel}","templated":true}]}}