{"id":28448,"date":"2019-11-26T14:19:00","date_gmt":"2019-11-26T16:19:00","guid":{"rendered":"https:\/\/www.tjes.jus.br\/corregedoria\/?p=28448"},"modified":"2019-11-26T14:19:00","modified_gmt":"2019-11-26T16:19:00","slug":"ato-no-054-2019-disp-26-11-2019","status":"publish","type":"post","link":"https:\/\/www.tjes.jus.br\/corregedoria\/2019\/11\/26\/ato-no-054-2019-disp-26-11-2019\/","title":{"rendered":"ATO N\u00ba 054\/2019 \u2013 DISP. 26\/11\/2019"},"content":{"rendered":"<p align=\"center\"><strong>ATO N\u00ba 054\/2019<\/strong><\/p>\n<p align=\"center\">\n<p align=\"justify\">O Excelent\u00edssimo Senhor Desembargador Corregedor-Geral da Justi\u00e7a, no uso de suas atribui\u00e7\u00f5es legais, com fulcro no art. 234, inciso II, da Lei Complementar Estadual n\u00ba 46\/94,<\/p>\n<p align=\"justify\">\n<p align=\"justify\">Resolve aplicar a pena de\u00a0<strong>SUSPENS\u00c3O\u00a0<\/strong>a servidora\u00a0<strong>CINTIA MANTOVANELLI BARROS<\/strong>, Analista Judici\u00e1rio \u2013 AJ \u2013 Direito da 5\u00aa Vara C\u00edvel do Ju\u00edzo de Vila Velha \u2013 Comarca da Capital\/ES,\u00a0<strong>pelo prazo de\u00a0<\/strong><strong>10<\/strong><strong>\u00a0(<\/strong><strong>dez<\/strong><strong>) dias<\/strong>, nos termos do artigo 231, II, bem como o cancelamento autom\u00e1tico do pagamento da remunera\u00e7\u00e3o da servidora, referente a este per\u00edodo, de acordo com disposto no artigo 233, ambos da Lei Complementar Estadual 46\/94, tendo em vista r. Decis\u00e3o\/Of\u00edcio CMFJ n\u00ba 0376\/2019, \u00e0s fls. 125\/129, proferida nos autos do Processo Administrativo Disciplinar n\u00ba. 2015.01.646.701, desta Corregedoria Geral da Justi\u00e7a.<\/p>\n<p align=\"justify\">\n<p align=\"justify\">Publique-se.<\/p>\n<p align=\"justify\">\n<p align=\"justify\">\n<p style=\"text-align: left;\" align=\"center\">Vit\u00f3ria-ES, 11 de novembro de 2019.<\/p>\n<p align=\"center\">\n<p align=\"center\">\n<p align=\"center\"><strong>Desembargador\u00a0<\/strong><strong>SAMUEL MEIRA BRASIL JR.<br \/>\n<\/strong><strong>Corregedor-Geral da Justi\u00e7a<\/strong><\/p>\n","protected":false},"excerpt":{"rendered":"<p>ATO N\u00ba 054\/2019 O Excelent\u00edssimo Senhor Desembargador Corregedor-Geral da Justi\u00e7a, no uso de suas atribui\u00e7\u00f5es legais, com fulcro no art. 234, inciso II, da Lei Complementar Estadual n\u00ba 46\/94, Resolve aplicar a pena de\u00a0SUSPENS\u00c3O\u00a0a servidora\u00a0CINTIA MANTOVANELLI BARROS, Analista Judici\u00e1rio \u2013 AJ \u2013 Direito da 5\u00aa Vara C\u00edvel do Ju\u00edzo de Vila Velha \u2013 Comarca da [&hellip;]<\/p>\n","protected":false},"author":12,"featured_media":0,"comment_status":"closed","ping_status":"closed","sticky":false,"template":"","format":"standard","meta":{"footnotes":""},"categories":[18,14],"tags":[],"_links":{"self":[{"href":"https:\/\/www.tjes.jus.br\/corregedoria\/wp-json\/wp\/v2\/posts\/28448"}],"collection":[{"href":"https:\/\/www.tjes.jus.br\/corregedoria\/wp-json\/wp\/v2\/posts"}],"about":[{"href":"https:\/\/www.tjes.jus.br\/corregedoria\/wp-json\/wp\/v2\/types\/post"}],"author":[{"embeddable":true,"href":"https:\/\/www.tjes.jus.br\/corregedoria\/wp-json\/wp\/v2\/users\/12"}],"replies":[{"embeddable":true,"href":"https:\/\/www.tjes.jus.br\/corregedoria\/wp-json\/wp\/v2\/comments?post=28448"}],"version-history":[{"count":1,"href":"https:\/\/www.tjes.jus.br\/corregedoria\/wp-json\/wp\/v2\/posts\/28448\/revisions"}],"predecessor-version":[{"id":28449,"href":"https:\/\/www.tjes.jus.br\/corregedoria\/wp-json\/wp\/v2\/posts\/28448\/revisions\/28449"}],"wp:attachment":[{"href":"https:\/\/www.tjes.jus.br\/corregedoria\/wp-json\/wp\/v2\/media?parent=28448"}],"wp:term":[{"taxonomy":"category","embeddable":true,"href":"https:\/\/www.tjes.jus.br\/corregedoria\/wp-json\/wp\/v2\/categories?post=28448"},{"taxonomy":"post_tag","embeddable":true,"href":"https:\/\/www.tjes.jus.br\/corregedoria\/wp-json\/wp\/v2\/tags?post=28448"}],"curies":[{"name":"wp","href":"https:\/\/api.w.org\/{rel}","templated":true}]}}