{"id":28454,"date":"2019-11-26T14:30:20","date_gmt":"2019-11-26T16:30:20","guid":{"rendered":"https:\/\/www.tjes.jus.br\/corregedoria\/?p=28454"},"modified":"2020-02-28T15:27:11","modified_gmt":"2020-02-28T18:27:11","slug":"ceja-es-recebe-a-visita-de-representante-nacional-do-organismo-italiano-associazione-il-mantello","status":"publish","type":"post","link":"https:\/\/www.tjes.jus.br\/corregedoria\/2019\/11\/26\/ceja-es-recebe-a-visita-de-representante-nacional-do-organismo-italiano-associazione-il-mantello\/","title":{"rendered":"CEJA\/ES recebe visita de Representante Nacional do organismo italiano"},"content":{"rendered":"<p style=\"text-align: justify;\">Na \u00faltima sexta-feira 22\/11\/2019 a CEJA\/ES recebeu a visita da Representante Nacional do organismo italiano &#8220;Associazione Il Mantello&#8221;, Sra Carolina Belotti Junkes que veio acompanhando a Sr\u00aa Gerardina Paciello, Presidente da &#8220;Il Mantello na It\u00e1lia e o Sr. Pasquale D&#8217;Avino, que tamb\u00e9m integra o Conselho Administrativo daquele organismo.<br \/>\nO grupo est\u00e1 visitando as CEJA&#8217;s com as quais a &#8220;Il Mantello&#8221; trabalha no \u00e2mbito das ado\u00e7\u00f5es internacionais, atualizando as informa\u00e7\u00f5es sobre as atividades da Associazione e tamb\u00e9m buscando informa\u00e7\u00f5es quanto aos novos procedimentos que dever\u00e3o decorrer em raz\u00e3o da implanta\u00e7\u00e3o do novo sistema do CNJ, que contemplar\u00e1 tamb\u00e9m um cadastro nacional de pretendentes estrangeiros.<\/p>\n<p>&nbsp;<\/p>\n<p>Vit\u00f3ria, 26 de novembro de 2019<\/p>\n","protected":false},"excerpt":{"rendered":"<p>Na \u00faltima sexta-feira 22\/11\/2019 a CEJA\/ES recebeu a visita da Representante Nacional do organismo italiano &#8220;Associazione Il Mantello&#8221;, Sra Carolina Belotti Junkes que veio acompanhando a Sr\u00aa Gerardina Paciello, Presidente da &#8220;Il Mantello na It\u00e1lia e o Sr. Pasquale D&#8217;Avino, que tamb\u00e9m integra o Conselho Administrativo daquele organismo. O grupo est\u00e1 visitando as CEJA&#8217;s com [&hellip;]<\/p>\n","protected":false},"author":12,"featured_media":28455,"comment_status":"closed","ping_status":"closed","sticky":false,"template":"","format":"standard","meta":{"footnotes":""},"categories":[1],"tags":[],"_links":{"self":[{"href":"https:\/\/www.tjes.jus.br\/corregedoria\/wp-json\/wp\/v2\/posts\/28454"}],"collection":[{"href":"https:\/\/www.tjes.jus.br\/corregedoria\/wp-json\/wp\/v2\/posts"}],"about":[{"href":"https:\/\/www.tjes.jus.br\/corregedoria\/wp-json\/wp\/v2\/types\/post"}],"author":[{"embeddable":true,"href":"https:\/\/www.tjes.jus.br\/corregedoria\/wp-json\/wp\/v2\/users\/12"}],"replies":[{"embeddable":true,"href":"https:\/\/www.tjes.jus.br\/corregedoria\/wp-json\/wp\/v2\/comments?post=28454"}],"version-history":[{"count":4,"href":"https:\/\/www.tjes.jus.br\/corregedoria\/wp-json\/wp\/v2\/posts\/28454\/revisions"}],"predecessor-version":[{"id":29395,"href":"https:\/\/www.tjes.jus.br\/corregedoria\/wp-json\/wp\/v2\/posts\/28454\/revisions\/29395"}],"wp:featuredmedia":[{"embeddable":true,"href":"https:\/\/www.tjes.jus.br\/corregedoria\/wp-json\/wp\/v2\/media\/28455"}],"wp:attachment":[{"href":"https:\/\/www.tjes.jus.br\/corregedoria\/wp-json\/wp\/v2\/media?parent=28454"}],"wp:term":[{"taxonomy":"category","embeddable":true,"href":"https:\/\/www.tjes.jus.br\/corregedoria\/wp-json\/wp\/v2\/categories?post=28454"},{"taxonomy":"post_tag","embeddable":true,"href":"https:\/\/www.tjes.jus.br\/corregedoria\/wp-json\/wp\/v2\/tags?post=28454"}],"curies":[{"name":"wp","href":"https:\/\/api.w.org\/{rel}","templated":true}]}}