{"id":28466,"date":"2019-11-28T14:00:45","date_gmt":"2019-11-28T16:00:45","guid":{"rendered":"https:\/\/www.tjes.jus.br\/corregedoria\/?p=28466"},"modified":"2019-11-28T14:00:45","modified_gmt":"2019-11-28T16:00:45","slug":"ato-normativo-no-186-2019-disp-28-11-2019","status":"publish","type":"post","link":"https:\/\/www.tjes.jus.br\/corregedoria\/2019\/11\/28\/ato-normativo-no-186-2019-disp-28-11-2019\/","title":{"rendered":"ATO NORMATIVO N\u00ba 186\/2019 \u2013 DISP. 28\/11\/2019"},"content":{"rendered":"<p align=\"center\"><strong>ESTADO DO ESP\u00cdRITO SANTO<\/strong><\/p>\n<p align=\"center\"><strong>PODER JUDICI\u00c1RIO<\/strong><\/p>\n<p align=\"center\"><strong>TRIBUNAL DE JUSTI\u00c7A<\/strong><\/p>\n<p align=\"center\"><strong>GABINETE DA PRESID\u00caNCIA<\/strong><\/p>\n<p align=\"center\">\n<p align=\"center\"><strong><span lang=\"pt-BR\">ATO NORMATIVO N\u00ba 186 \/2019<\/span><\/strong><\/p>\n<p align=\"justify\">\n<p align=\"justify\"><span lang=\"pt-BR\">Suspende o atendimento ao p\u00fablico e os prazos processuais na 3\u00aa Vara Criminal do Ju\u00edzo de Vit\u00f3ria.<\/span><\/p>\n<p align=\"justify\">\n<p align=\"justify\">O Excelent\u00edssimo Senhor Desembargador S\u00c9RGIO LUIZ TEIXEIRA GAMA, Presidente do Egr\u00e9gio Tribunal de Justi\u00e7a do Estado do Esp\u00edrito Santo, no uso de suas atribui\u00e7\u00f5es legais e,<\/p>\n<p align=\"justify\">\n<p align=\"justify\">CONSIDERANDO os termos da <a href=\"https:\/\/www.tjes.jus.br\/corregedoria\/2019\/10\/16\/resolucao-no-029-2019-disp-14-10-2019\/\">Resolu\u00e7\u00e3o n\u00b0 029\/2019<\/a>, deste Egr\u00e9gio Tribunal de Justi\u00e7a, publicada em 12\/10\/2019, que alterou a denomina\u00e7\u00e3o e a compet\u00eancia da 3\u00aa Vara Criminal do Ju\u00edzo de Vit\u00f3ria;<\/p>\n<p align=\"justify\">\n<p align=\"justify\"><span lang=\"pt-BR\">CONSIDERANDO a edi\u00e7\u00e3o dos Atos Normativos n\u00b0s. <a href=\"https:\/\/www.tjes.jus.br\/corregedoria\/2019\/10\/17\/ato-normativo-no-145-2019-disp-16-10-2019\/\">145<\/a> e <a href=\"https:\/\/www.tjes.jus.br\/corregedoria\/2019\/11\/11\/ato-normativo-no-167-2019-disp-11-11-2019\/\">167\/2019<\/a>, que suspenderam o atendimento ao p\u00fablico e os prazos processuais na 3\u00aa Vara Criminal de Vit\u00f3ria nos per\u00edodos de 16\/10 a 14\/11 e de 18\/11 a 29\/11\/2019;<\/span><\/p>\n<p align=\"justify\">\n<p align=\"justify\"><span lang=\"pt-BR\">CONSIDERANDO o teor do expediente SEI n\u00b0 7006288-79.2019.8.08.0000, por meio do qual o Exm\u00ba. Sr. Dr. Alexandre Pacheco Carreira, MM. Juiz de Direito da 3\u00aa Vara Criminal de Vit\u00f3ria, discorre acerca das dificuldades enfrentadas no que tange \u00e0 efetiva altera\u00e7\u00e3o da compet\u00eancia da referida unidade judici\u00e1ria, de forma que a complexidade das provid\u00eancias a serem adotadas demandam a dila\u00e7\u00e3o do referido prazo de suspens\u00e3o;<\/span><\/p>\n<p align=\"justify\">\n<p align=\"justify\"><span lang=\"pt-BR\">RESOLVE:<\/span><\/p>\n<p align=\"justify\">\n<p align=\"justify\"><span lang=\"pt-BR\">Art. 1\u00ba. Ficam suspensos o atendimento ao p\u00fablico e os prazos processuais na\u00a0<\/span><span lang=\"pt-BR\"><strong>3\u00aa Vara Criminal de Vit\u00f3ria, no per\u00edodo de 02 a 19 de dezembro de 2019<\/strong><\/span><span lang=\"pt-BR\">, com o objetivo de viabilizar a continuidade da ado\u00e7\u00e3o das provid\u00eancias necess\u00e1rias para a altera\u00e7\u00e3o da compet\u00eancia respectiva, ressalvando-se, contudo, a aprecia\u00e7\u00e3o das medidas urgentes.<\/span><\/p>\n<p align=\"justify\">\n<p align=\"justify\"><span lang=\"pt-BR\">Par\u00e1grafo \u00fanico. As audi\u00eancias j\u00e1 designadas no per\u00edodo previsto no\u00a0<\/span><span lang=\"pt-BR\"><i>caput\u00a0<\/i><\/span><span lang=\"pt-BR\">ser\u00e3o realizadas pelo Ju\u00edzo da 3\u00aa Vara Criminal de Vit\u00f3ria, exceto se os respectivos feitos j\u00e1 tiverem sido redistribu\u00eddos para as demais Varas com compet\u00eancia residual do Ju\u00edzo de Vit\u00f3ria.<\/span><\/p>\n<p align=\"justify\">\n<p align=\"justify\"><span lang=\"pt-BR\">Art. 2\u00b0. Este Ato Normativo entra em vigor na data de sua publica\u00e7\u00e3o.<\/span><\/p>\n<p align=\"justify\">\n<p align=\"justify\"><span lang=\"pt-BR\">Publique-se.<\/span><\/p>\n<p align=\"justify\">\n<p align=\"justify\"><span lang=\"pt-BR\">Vit\u00f3ria\/ES, 27 de novembro de 2019.<\/span><\/p>\n<p align=\"justify\">\n<p align=\"justify\">\n<p style=\"text-align: center;\" align=\"justify\"><span lang=\"pt-BR\">Des. S\u00c9RGIO LUIZ TEIXEIRA GAMA<\/span><\/p>\n<p style=\"text-align: center;\" align=\"justify\"><span lang=\"pt-BR\">Presidente<\/span><\/p>\n","protected":false},"excerpt":{"rendered":"<p>ESTADO DO ESP\u00cdRITO SANTO PODER JUDICI\u00c1RIO TRIBUNAL DE JUSTI\u00c7A GABINETE DA PRESID\u00caNCIA ATO NORMATIVO N\u00ba 186 \/2019 Suspende o atendimento ao p\u00fablico e os prazos processuais na 3\u00aa Vara Criminal do Ju\u00edzo de Vit\u00f3ria. O Excelent\u00edssimo Senhor Desembargador S\u00c9RGIO LUIZ TEIXEIRA GAMA, Presidente do Egr\u00e9gio Tribunal de Justi\u00e7a do Estado do Esp\u00edrito Santo, no uso [&hellip;]<\/p>\n","protected":false},"author":12,"featured_media":0,"comment_status":"closed","ping_status":"closed","sticky":false,"template":"","format":"standard","meta":{"footnotes":""},"categories":[4,14],"tags":[],"_links":{"self":[{"href":"https:\/\/www.tjes.jus.br\/corregedoria\/wp-json\/wp\/v2\/posts\/28466"}],"collection":[{"href":"https:\/\/www.tjes.jus.br\/corregedoria\/wp-json\/wp\/v2\/posts"}],"about":[{"href":"https:\/\/www.tjes.jus.br\/corregedoria\/wp-json\/wp\/v2\/types\/post"}],"author":[{"embeddable":true,"href":"https:\/\/www.tjes.jus.br\/corregedoria\/wp-json\/wp\/v2\/users\/12"}],"replies":[{"embeddable":true,"href":"https:\/\/www.tjes.jus.br\/corregedoria\/wp-json\/wp\/v2\/comments?post=28466"}],"version-history":[{"count":1,"href":"https:\/\/www.tjes.jus.br\/corregedoria\/wp-json\/wp\/v2\/posts\/28466\/revisions"}],"predecessor-version":[{"id":28467,"href":"https:\/\/www.tjes.jus.br\/corregedoria\/wp-json\/wp\/v2\/posts\/28466\/revisions\/28467"}],"wp:attachment":[{"href":"https:\/\/www.tjes.jus.br\/corregedoria\/wp-json\/wp\/v2\/media?parent=28466"}],"wp:term":[{"taxonomy":"category","embeddable":true,"href":"https:\/\/www.tjes.jus.br\/corregedoria\/wp-json\/wp\/v2\/categories?post=28466"},{"taxonomy":"post_tag","embeddable":true,"href":"https:\/\/www.tjes.jus.br\/corregedoria\/wp-json\/wp\/v2\/tags?post=28466"}],"curies":[{"name":"wp","href":"https:\/\/api.w.org\/{rel}","templated":true}]}}