{"id":28468,"date":"2019-11-28T14:03:18","date_gmt":"2019-11-28T16:03:18","guid":{"rendered":"https:\/\/www.tjes.jus.br\/corregedoria\/?p=28468"},"modified":"2019-11-28T14:03:18","modified_gmt":"2019-11-28T16:03:18","slug":"ato-normativo-no-187-2019-disp-28-11-2019","status":"publish","type":"post","link":"https:\/\/www.tjes.jus.br\/corregedoria\/2019\/11\/28\/ato-normativo-no-187-2019-disp-28-11-2019\/","title":{"rendered":"ATO NORMATIVO N\u00ba 187\/2019 \u2013 DISP. 28\/11\/2019"},"content":{"rendered":"<p align=\"center\"><strong>ESTADO DO ESP\u00cdRITO SANTO<\/strong><\/p>\n<p align=\"center\"><strong>PODER JUDICI\u00c1RIO<\/strong><\/p>\n<p align=\"center\"><strong>TRIBUNAL DE JUSTI\u00c7A<\/strong><\/p>\n<p align=\"center\"><strong>GABINETE DA PRESID\u00caNCIA<\/strong><\/p>\n<p align=\"center\">\n<p align=\"center\"><strong>ATO NORMATIVO N\u00ba 187 \/2019<\/strong><\/p>\n<p align=\"center\">\n<p align=\"justify\">Suspende os efeitos do art. 1\u00b0, do <a href=\"https:\/\/www.tjes.jus.br\/corregedoria\/2019\/11\/07\/ato-normativo-no-160-2019-disp-07-11-2019\/\">Ato Normativo n\u00b0 161\/2019<\/a>, at\u00e9 o dia 07 de janeiro de 2020.<\/p>\n<p align=\"justify\">\n<p style=\"text-align: justify;\" align=\"justify\">O Excelent\u00edssimo Senhor Desembargador S\u00c9RGIO LUIZ TEIXEIRA GAMA, Presidente do Egr\u00e9gio Tribunal de Justi\u00e7a do Estado do Esp\u00edrito Santo, no uso de suas atribui\u00e7\u00f5es legais e,<\/p>\n<p style=\"text-align: justify;\" align=\"justify\">\n<p style=\"text-align: justify;\" align=\"justify\">CONSIDERANDO os termos da <a href=\"https:\/\/www.tjes.jus.br\/corregedoria\/2019\/10\/16\/resolucao-no-029-2019-disp-14-10-2019\/\">Resolu\u00e7\u00e3o n\u00b0 029\/2019<\/a> deste Egr\u00e9gio Tribunal de Justi\u00e7a, publicada em 14 de outubro do corrente, que alterou\u00a0a denomina\u00e7\u00e3o e a compet\u00eancia da 3\u00aa Vara Criminal do Ju\u00edzo Vit\u00f3ria;<\/p>\n<p style=\"text-align: justify;\" align=\"justify\">\n<p style=\"text-align: justify;\" align=\"justify\">CONSIDERANDO<strong><span lang=\"pt-BR\">\u00a0o teor do expediente SEI n\u00b0\u00a0<\/span><\/strong>7006288-79.2019.8.08.0000, por meio do qual o\u00a0<span lang=\"pt-BR\">Exm\u00ba. Sr.\u00a0<\/span><span lang=\"pt-BR\">Dr. Alexandre Pacheco Carreira, MM. Juiz de Direito da 3\u00aa Vara Criminal de Vit\u00f3ria,\u00a0<\/span><span lang=\"pt-BR\">e o<\/span><strong><span lang=\"pt-BR\">Exm\u00b0. Sr. Desembargador Fernando Zardini Antonio, Supervisor das Varas Criminais e de Execu\u00e7\u00f5es Penais,\u00a0<\/span><\/strong><strong><span lang=\"pt-BR\">ressaltam a necessidade de ado\u00e7\u00e3o de diversas<\/span><\/strong><strong><span lang=\"pt-BR\">\u00a0provid\u00eancias\u00a0<\/span><\/strong><strong><span lang=\"pt-BR\">visando a<\/span><\/strong><strong><span lang=\"pt-BR\">efetiva altera\u00e7\u00e3o da compet\u00eancia da referida unidade judici\u00e1ria;<\/span><\/strong><\/p>\n<p style=\"text-align: justify;\" align=\"justify\">\n<p style=\"text-align: justify;\" align=\"justify\">RESOLVE:<\/p>\n<p style=\"text-align: justify;\" align=\"justify\">\n<p style=\"text-align: justify;\" align=\"justify\">Art. 1\u00ba. Ficam suspensos os efeitos do art. 1\u00b0, do <a href=\"https:\/\/www.tjes.jus.br\/corregedoria\/2019\/11\/07\/ato-normativo-no-160-2019-disp-07-11-2019\/\">Ato Normativo n\u00b0 161\/2019<\/a>, publicado no Di\u00e1rio da Justi\u00e7a em 07 de novembro do corrente, at\u00e9 o dia 07 de janeiro de 2020.<\/p>\n<p style=\"text-align: justify;\" align=\"justify\">\n<p style=\"text-align: justify;\" align=\"justify\">Art. 2\u00b0. Este Ato Normativo entra em vigor na data de sua publica\u00e7\u00e3o.<\/p>\n<p style=\"text-align: justify;\" align=\"justify\">\n<p style=\"text-align: justify;\" align=\"justify\">Publique-se.<\/p>\n<p style=\"text-align: justify;\" align=\"justify\">\n<p style=\"text-align: justify;\" align=\"justify\">Vit\u00f3ria\/ES, 27 de novembro de 2019.<\/p>\n<p style=\"text-align: justify;\" align=\"justify\">\n<p style=\"text-align: center;\" align=\"justify\">Des. S\u00c9RGIO LUIZ TEIXEIRA GAMA<\/p>\n<p style=\"text-align: center;\" align=\"justify\">Presidente<\/p>\n","protected":false},"excerpt":{"rendered":"<p>ESTADO DO ESP\u00cdRITO SANTO PODER JUDICI\u00c1RIO TRIBUNAL DE JUSTI\u00c7A GABINETE DA PRESID\u00caNCIA ATO NORMATIVO N\u00ba 187 \/2019 Suspende os efeitos do art. 1\u00b0, do Ato Normativo n\u00b0 161\/2019, at\u00e9 o dia 07 de janeiro de 2020. O Excelent\u00edssimo Senhor Desembargador S\u00c9RGIO LUIZ TEIXEIRA GAMA, Presidente do Egr\u00e9gio Tribunal de Justi\u00e7a do Estado do Esp\u00edrito Santo, [&hellip;]<\/p>\n","protected":false},"author":12,"featured_media":0,"comment_status":"closed","ping_status":"closed","sticky":false,"template":"","format":"standard","meta":{"footnotes":""},"categories":[4,14],"tags":[],"_links":{"self":[{"href":"https:\/\/www.tjes.jus.br\/corregedoria\/wp-json\/wp\/v2\/posts\/28468"}],"collection":[{"href":"https:\/\/www.tjes.jus.br\/corregedoria\/wp-json\/wp\/v2\/posts"}],"about":[{"href":"https:\/\/www.tjes.jus.br\/corregedoria\/wp-json\/wp\/v2\/types\/post"}],"author":[{"embeddable":true,"href":"https:\/\/www.tjes.jus.br\/corregedoria\/wp-json\/wp\/v2\/users\/12"}],"replies":[{"embeddable":true,"href":"https:\/\/www.tjes.jus.br\/corregedoria\/wp-json\/wp\/v2\/comments?post=28468"}],"version-history":[{"count":1,"href":"https:\/\/www.tjes.jus.br\/corregedoria\/wp-json\/wp\/v2\/posts\/28468\/revisions"}],"predecessor-version":[{"id":28469,"href":"https:\/\/www.tjes.jus.br\/corregedoria\/wp-json\/wp\/v2\/posts\/28468\/revisions\/28469"}],"wp:attachment":[{"href":"https:\/\/www.tjes.jus.br\/corregedoria\/wp-json\/wp\/v2\/media?parent=28468"}],"wp:term":[{"taxonomy":"category","embeddable":true,"href":"https:\/\/www.tjes.jus.br\/corregedoria\/wp-json\/wp\/v2\/categories?post=28468"},{"taxonomy":"post_tag","embeddable":true,"href":"https:\/\/www.tjes.jus.br\/corregedoria\/wp-json\/wp\/v2\/tags?post=28468"}],"curies":[{"name":"wp","href":"https:\/\/api.w.org\/{rel}","templated":true}]}}