{"id":28472,"date":"2019-11-29T15:28:48","date_gmt":"2019-11-29T17:28:48","guid":{"rendered":"https:\/\/www.tjes.jus.br\/corregedoria\/?p=28472"},"modified":"2019-12-02T13:23:43","modified_gmt":"2019-12-02T15:23:43","slug":"ato-normativo-no-188-2019-disp-29-11-2019","status":"publish","type":"post","link":"https:\/\/www.tjes.jus.br\/corregedoria\/2019\/11\/29\/ato-normativo-no-188-2019-disp-29-11-2019\/","title":{"rendered":"ATO NORMATIVO N\u00ba 188\/2019 \u2013 DISP. 29\/11\/2019"},"content":{"rendered":"<p align=\"center\"><strong>ESTADO DO ESP\u00cdRITO SANTO<\/strong><\/p>\n<p align=\"center\"><strong>PODER JUDICI\u00c1RIO<\/strong><\/p>\n<p align=\"center\"><strong>TRIBUNAL DE JUSTI\u00c7A<\/strong><\/p>\n<p align=\"center\"><strong>GABINETE DA PRESID\u00caNCIA<\/strong><\/p>\n<p align=\"center\"><strong><span lang=\"pt-BR\">ATO NORMATIVO\u00a0<\/span><span lang=\"pt-BR\">N<\/span><span lang=\"pt-BR\">\u00ba\u00a0<\/span><span lang=\"pt-BR\">188<\/span><span lang=\"pt-BR\">\/201<\/span><span lang=\"pt-BR\">9<\/span><\/strong><\/p>\n<p><strong>\u00a0 <\/strong><\/p>\n<p style=\"text-align: justify;\" align=\"justify\">O Excelent\u00edssimo Senhor Desembargador S\u00e9rgio Luiz Teixeira Gama, Presidente do Egr\u00e9gio Tribunal de Justi\u00e7a do Estado do Esp\u00edrito Santo, no uso de suas atribui\u00e7\u00f5es legais,<\/p>\n<p style=\"text-align: justify;\" align=\"justify\"><span lang=\"pt-BR\"><strong>CONSIDERANDO<\/strong><\/span><span lang=\"pt-BR\">\u00a0as diretrizes contidas na Lei n\u00b0 11.419\/<\/span><span lang=\"pt-BR\">2006\u00a0<\/span><span lang=\"pt-BR\">que disp\u00f5e sobre a informatiza\u00e7\u00e3o do processo judicial, especialmente o disposto no art. 18, que autoriza a regulamenta\u00e7\u00e3o pelos \u00f3rg\u00e3os do Poder Judici\u00e1rio e\u00a0<\/span><span lang=\"pt-BR\">a previs\u00e3o das formas de identifica\u00e7\u00e3o do signat\u00e1rio de assinatura eletr\u00f4nica (<\/span><span lang=\"pt-BR\">art. 1<\/span><span lang=\"pt-BR\">\u00ba<\/span><span lang=\"pt-BR\">, \u00a7 2\u00b0,\u00a0<\/span><span lang=\"pt-BR\">inciso\u00a0<\/span><span lang=\"pt-BR\">III,\u00a0<\/span><span lang=\"pt-BR\">al\u00ednea\u00a0<\/span><span lang=\"pt-BR\">\u201c<\/span><span lang=\"pt-BR\">a<\/span><span lang=\"pt-BR\">\u201d<\/span><span lang=\"pt-BR\">);<\/span><\/p>\n<p style=\"text-align: justify;\" align=\"justify\"><strong>CONSIDERANDO<\/strong>\u00a0que o art. 1\u00ba, inciso V, al\u00ednea \u201ca\u201d da\u00a0<a href=\"https:\/\/www.tjes.jus.br\/corregedoria\/2016\/07\/05\/resolucao-no-0402013-disp-30082013-republicacao\/\"><span lang=\"pt-BR\">Resolu\u00e7\u00e3o\u00a0<\/span><span lang=\"pt-BR\">TJES\u00a0<\/span><\/a><span lang=\"pt-BR\"><a href=\"https:\/\/www.tjes.jus.br\/corregedoria\/2016\/07\/05\/resolucao-no-0402013-disp-30082013-republicacao\/\">n\u00ba 40\/2013<\/a>\u00a0<\/span><span lang=\"pt-BR\">reconhece a assinatura digital baseada em certificado digital emitido por autoridade certificadora credenciada, como forma de identifica\u00e7\u00e3o inequ\u00edvoca do signat\u00e1rio;<\/span><\/p>\n<p style=\"text-align: justify;\" align=\"justify\"><span lang=\"pt-BR\"><strong>CONSIDERANDO<\/strong><\/span><span lang=\"pt-BR\">\u00a0que\u00a0<\/span><span lang=\"pt-BR\">a assinatura digital\u00a0<\/span><span lang=\"pt-BR\">(eletr\u00f4nica)<\/span><span lang=\"pt-BR\">\u00a0possui validade jur\u00eddica inquestion\u00e1vel e equivale a assinatura f\u00edsica, j\u00e1 que consiste em uma tecnologia que utiliza a criptografia e vincula o certificado digital ao documento eletr\u00f4nico que est\u00e1 sendo assinado, o que garante sua integridade e autenticidade;<\/span><\/p>\n<p style=\"text-align: justify;\" align=\"justify\"><span lang=\"pt-BR\"><strong>C<\/strong><\/span><span lang=\"pt-BR\"><strong>ONSIDERANDO<\/strong><\/span><span lang=\"pt-BR\">\u00a0que as a<\/span><span lang=\"pt-BR\">ssinaturas digitais e seus processos associados, est\u00e3o entre as principais aplica\u00e7\u00f5es da certifica\u00e7\u00e3o digital, sobretudo no \u00e2mbito da ICP-Brasil, em que esse tipo de assinatura possui o mesmo valor de uma assinatura manuscrita\u00a0<\/span><span lang=\"pt-BR\">(<\/span><span lang=\"pt-BR\">item 2.2\u00a0<\/span><span lang=\"pt-BR\">do\u00a0<\/span><span lang=\"pt-BR\">DOC-ICP-15<\/span><span lang=\"pt-BR\">\u00a0\u2013\u00a0<\/span><span lang=\"pt-BR\">Vis\u00e3o Geral sobre Assinaturas Digitais\u00a0<\/span><span lang=\"pt-BR\">e MP 2.200-1\/2011);<\/span><\/p>\n<p style=\"text-align: justify;\" align=\"justify\"><span lang=\"pt-BR\"><strong>CONSIDERANDO<\/strong><\/span><span lang=\"pt-BR\">\u00a0os benef\u00edcios advindos da substitui\u00e7\u00e3o de assinatura de documentos em meio f\u00edsico pela assinatura\u00a0<\/span><span lang=\"pt-BR\">digital (ou\u00a0<\/span><span lang=\"pt-BR\">eletr\u00f4nica<\/span><span lang=\"pt-BR\">)<\/span><span lang=\"pt-BR\">;<\/span><\/p>\n<p style=\"text-align: justify;\" align=\"justify\"><strong>RESOLVE:<\/strong><\/p>\n<p style=\"text-align: justify;\" align=\"justify\"><span lang=\"pt-BR\">Art. 1\u00ba \u2013\u00a0<\/span><span lang=\"pt-BR\">Autorizar\u00a0<\/span><span lang=\"pt-BR\">o uso da<\/span><span lang=\"pt-BR\">\u00a0assinatura\u00a0<\/span><span lang=\"pt-BR\">digital\u00a0<\/span><span lang=\"pt-BR\">baseada em\u00a0<\/span><span lang=\"pt-BR\">certificado emitido pela<\/span><span lang=\"pt-BR\">\u00a0Infraestrutura de Chaves P\u00fablicas Brasileira \u2013 ICP-Brasil,\u00a0<\/span><span lang=\"pt-BR\">nos autos dos processos f\u00edsicos em tr\u00e2mite no Poder Judici\u00e1rio do Estado do Esp\u00edrito Santo.<\/span><\/p>\n<p style=\"text-align: justify;\" align=\"justify\">Art. 2\u00ba \u2013 No corpo do documento dever\u00e1 constar de maneira leg\u00edvel todos os requisitos indispens\u00e1veis para valida\u00e7\u00e3o da assinatura, como a chave criptogr\u00e1fica assim\u00e9trica p\u00fablica e o endere\u00e7o eletr\u00f4nico dispon\u00edvel para confer\u00eancia de sua autenticidade e integridade.<\/p>\n<p style=\"text-align: justify;\" align=\"justify\">Art. 3\u00ba \u2013 A assinatura digital emitida pela ICP-Brasil poder\u00e1 ser utilizada pelos Magistrados, sem preju\u00edzo da op\u00e7\u00e3o pelo uso da ferramenta regulamentada pelo <a href=\"https:\/\/www.tjes.jus.br\/corregedoria\/2017\/07\/12\/ato-normativo-no-0812017-disp-12072017\/\">Ato Normativo n\u00ba 081\/2017<\/a> \u2013 sistema EJUD.<\/p>\n<p style=\"text-align: justify;\" align=\"justify\">Art. 4\u00ba \u2013 \u00c9 vedado o peticionamento atrav\u00e9s de assinatura digitalizada ou escaneada.<\/p>\n<p style=\"text-align: justify;\" align=\"justify\"><span lang=\"pt-BR\">Art.\u00a0<\/span><span lang=\"pt-BR\">5<\/span><span lang=\"pt-BR\">\u00ba \u2013\u00a0<\/span><span lang=\"pt-BR\">Este ato\u00a0<\/span><span lang=\"pt-BR\">entra em vigor na data de sua publica\u00e7\u00e3o\u00a0<\/span><span lang=\"pt-BR\">e n\u00e3o revoga outras disposi\u00e7\u00f5es espec\u00edficas relacionadas aos processos eletr\u00f4nicos e ao sistema EJUD.<\/span><\/p>\n<p style=\"text-align: justify;\" align=\"justify\">Publique-se.<\/p>\n<p style=\"text-align: justify;\" align=\"justify\">Vit\u00f3ria, 27 de novembro de 2019.<\/p>\n<p align=\"center\"><strong>DESEMBARGADOR S\u00c9RGIO LUIZ TEIXEIRA GAMA<\/strong><\/p>\n<p align=\"center\"><strong>PRESIDENTE<\/strong><\/p>\n","protected":false},"excerpt":{"rendered":"<p>ESTADO DO ESP\u00cdRITO SANTO PODER JUDICI\u00c1RIO TRIBUNAL DE JUSTI\u00c7A GABINETE DA PRESID\u00caNCIA ATO NORMATIVO\u00a0N\u00ba\u00a0188\/2019 \u00a0 O Excelent\u00edssimo Senhor Desembargador S\u00e9rgio Luiz Teixeira Gama, Presidente do Egr\u00e9gio Tribunal de Justi\u00e7a do Estado do Esp\u00edrito Santo, no uso de suas atribui\u00e7\u00f5es legais, CONSIDERANDO\u00a0as diretrizes contidas na Lei n\u00b0 11.419\/2006\u00a0que disp\u00f5e sobre a informatiza\u00e7\u00e3o do processo judicial, especialmente [&hellip;]<\/p>\n","protected":false},"author":12,"featured_media":0,"comment_status":"closed","ping_status":"closed","sticky":false,"template":"","format":"standard","meta":{"footnotes":""},"categories":[4,14],"tags":[],"_links":{"self":[{"href":"https:\/\/www.tjes.jus.br\/corregedoria\/wp-json\/wp\/v2\/posts\/28472"}],"collection":[{"href":"https:\/\/www.tjes.jus.br\/corregedoria\/wp-json\/wp\/v2\/posts"}],"about":[{"href":"https:\/\/www.tjes.jus.br\/corregedoria\/wp-json\/wp\/v2\/types\/post"}],"author":[{"embeddable":true,"href":"https:\/\/www.tjes.jus.br\/corregedoria\/wp-json\/wp\/v2\/users\/12"}],"replies":[{"embeddable":true,"href":"https:\/\/www.tjes.jus.br\/corregedoria\/wp-json\/wp\/v2\/comments?post=28472"}],"version-history":[{"count":3,"href":"https:\/\/www.tjes.jus.br\/corregedoria\/wp-json\/wp\/v2\/posts\/28472\/revisions"}],"predecessor-version":[{"id":28481,"href":"https:\/\/www.tjes.jus.br\/corregedoria\/wp-json\/wp\/v2\/posts\/28472\/revisions\/28481"}],"wp:attachment":[{"href":"https:\/\/www.tjes.jus.br\/corregedoria\/wp-json\/wp\/v2\/media?parent=28472"}],"wp:term":[{"taxonomy":"category","embeddable":true,"href":"https:\/\/www.tjes.jus.br\/corregedoria\/wp-json\/wp\/v2\/categories?post=28472"},{"taxonomy":"post_tag","embeddable":true,"href":"https:\/\/www.tjes.jus.br\/corregedoria\/wp-json\/wp\/v2\/tags?post=28472"}],"curies":[{"name":"wp","href":"https:\/\/api.w.org\/{rel}","templated":true}]}}