{"id":28541,"date":"2019-12-05T13:58:31","date_gmt":"2019-12-05T15:58:31","guid":{"rendered":"https:\/\/www.tjes.jus.br\/corregedoria\/?p=28541"},"modified":"2019-12-05T13:58:31","modified_gmt":"2019-12-05T15:58:31","slug":"ato-normativo-no-189-2019-disp-05-12-2019","status":"publish","type":"post","link":"https:\/\/www.tjes.jus.br\/corregedoria\/2019\/12\/05\/ato-normativo-no-189-2019-disp-05-12-2019\/","title":{"rendered":"ATO NORMATIVO N\u00ba 189\/2019 \u2013 DISP. 05\/12\/2019"},"content":{"rendered":"<p align=\"center\"><strong>ESTADO DO ESP\u00cdRITO SANTO<\/strong><\/p>\n<p align=\"center\"><strong>PODER JUDICI\u00c1RIO<\/strong><\/p>\n<p align=\"center\"><strong>TRIBUNAL DE JUSTI\u00c7A<\/strong><\/p>\n<p align=\"center\"><strong>GABINETE DA PRESID\u00caNCIA<\/strong><\/p>\n<p align=\"center\">\n<p align=\"center\"><strong>ATO NORMATIVO N\u00ba 189\/2019\u00a0<\/strong><\/p>\n<p>&nbsp;<\/p>\n<p style=\"text-align: justify;\" align=\"justify\">O Excelent\u00edssimo Senhor Desembargador S\u00c9RGIO LUIZ TEIXEIRA GAMA, Presidente do Egr\u00e9gio Tribunal de Justi\u00e7a do Estado do Esp\u00edrito Santo, no uso de suas atribui\u00e7\u00f5es legais e,<\/p>\n<p align=\"justify\">\n<p style=\"text-align: justify;\" align=\"justify\">CONSIDERANDO o disposto no art. 58, da Resolu\u00e7\u00e3o n\u00ba 15\/95 \u2013 Regimento Interno do Tribunal de Justi\u00e7a do Estado do Esp\u00edrito Santo \u2013, que atribui ao Presidente do Egr\u00e9gio Tribunal de Justi\u00e7a compet\u00eancia geral para exercer a superintend\u00eancia de todo servi\u00e7o judici\u00e1rio, na qualidade de Chefe do Poder Judici\u00e1rio Estadual, bem como teor do art. 45, do mencionado Regimento;<\/p>\n<p align=\"justify\">\n<p style=\"text-align: justify;\" align=\"justify\">CONSIDERANDO o teor do expediente protocolado neste Egr\u00e9gio Tribunal de Justi\u00e7a sob o n\u00famero\u00a02019.01.653.595,\u00a0subscrito pelo Exm\u00b0. Sr. Desembargador\u00a0Pedro Valls Feu Rosa,\u00a0Presidente\u00a0da 1\u00aa C\u00e2mara Criminal,\u00a0que\u00a0solicita\u00a0a implementa\u00e7\u00e3o,\u00a0em tal unidade,\u00a0do Projeto de Gest\u00e3o Integrada e de Padroniza\u00e7\u00e3o dos Procedimentos das Unidades Judici\u00e1rias desenvolvido pelo\u00a0Exm\u00b0. Sr.\u00a0Dr. C\u00e1ssio Jorge Trist\u00e3o Guedes,\u00a0fazendo-se necess\u00e1ria a\u00a0altera\u00e7\u00e3o de layout do setor\u00a0e a\u00a0adequa\u00e7\u00e3o dos escaninhos de processos,\u00a0bem como\u00a0a suspens\u00e3o dos prazos, atendimento ao p\u00fablico e sess\u00e3o;<\/p>\n<p>&nbsp;<\/p>\n<p>RESOLVE:<\/p>\n<p>&nbsp;<\/p>\n<p align=\"justify\">Art. 1\u00ba.\u00a0Ficam suspensos o atendimento ao p\u00fablico\u00a0e\u00a0os prazos processuais\u00a0na\u00a01\u00aa\u00a0C\u00e2mara Criminal do\u00a0Egr\u00e9gio Tribunal de Justi\u00e7a do Estado do Esp\u00edrito Santo,\u00a0no per\u00edodo de 16 a 19 de dezembro de 2019, bem como a sess\u00e3o designada para o dia 18 de dezembro de 2019,\u00a0a fim\u00a0de\u00a0viabilizar a implementa\u00e7\u00e3o\u00a0do\u00a0Projeto de Gest\u00e3o Integrada e de Padroniza\u00e7\u00e3o dos Procedimentos das Unidades Judici\u00e1rias,<span lang=\"pt-BR\">\u00a0ressalvando-se, contudo, a aprecia\u00e7\u00e3o das medidas urgentes.<\/span><\/p>\n<p align=\"justify\">\n<p align=\"justify\">Art.\u00a02\u00ba. Este Ato Normativo entra em vigor na data de sua publica\u00e7\u00e3o.<\/p>\n<p align=\"justify\">\n<p align=\"justify\">Vit\u00f3ria\/ES, 04 de dezembro de 2019.<\/p>\n<p align=\"center\">\n<p align=\"center\">Des. S\u00c9RGIO LUIZ TEIXEIRA GAMA<\/p>\n<p align=\"center\">Presidente<\/p>\n","protected":false},"excerpt":{"rendered":"<p>ESTADO DO ESP\u00cdRITO SANTO PODER JUDICI\u00c1RIO TRIBUNAL DE JUSTI\u00c7A GABINETE DA PRESID\u00caNCIA ATO NORMATIVO N\u00ba 189\/2019\u00a0 &nbsp; O Excelent\u00edssimo Senhor Desembargador S\u00c9RGIO LUIZ TEIXEIRA GAMA, Presidente do Egr\u00e9gio Tribunal de Justi\u00e7a do Estado do Esp\u00edrito Santo, no uso de suas atribui\u00e7\u00f5es legais e, CONSIDERANDO o disposto no art. 58, da Resolu\u00e7\u00e3o n\u00ba 15\/95 \u2013 Regimento [&hellip;]<\/p>\n","protected":false},"author":12,"featured_media":0,"comment_status":"closed","ping_status":"closed","sticky":false,"template":"","format":"standard","meta":{"footnotes":""},"categories":[4,14],"tags":[],"_links":{"self":[{"href":"https:\/\/www.tjes.jus.br\/corregedoria\/wp-json\/wp\/v2\/posts\/28541"}],"collection":[{"href":"https:\/\/www.tjes.jus.br\/corregedoria\/wp-json\/wp\/v2\/posts"}],"about":[{"href":"https:\/\/www.tjes.jus.br\/corregedoria\/wp-json\/wp\/v2\/types\/post"}],"author":[{"embeddable":true,"href":"https:\/\/www.tjes.jus.br\/corregedoria\/wp-json\/wp\/v2\/users\/12"}],"replies":[{"embeddable":true,"href":"https:\/\/www.tjes.jus.br\/corregedoria\/wp-json\/wp\/v2\/comments?post=28541"}],"version-history":[{"count":1,"href":"https:\/\/www.tjes.jus.br\/corregedoria\/wp-json\/wp\/v2\/posts\/28541\/revisions"}],"predecessor-version":[{"id":28542,"href":"https:\/\/www.tjes.jus.br\/corregedoria\/wp-json\/wp\/v2\/posts\/28541\/revisions\/28542"}],"wp:attachment":[{"href":"https:\/\/www.tjes.jus.br\/corregedoria\/wp-json\/wp\/v2\/media?parent=28541"}],"wp:term":[{"taxonomy":"category","embeddable":true,"href":"https:\/\/www.tjes.jus.br\/corregedoria\/wp-json\/wp\/v2\/categories?post=28541"},{"taxonomy":"post_tag","embeddable":true,"href":"https:\/\/www.tjes.jus.br\/corregedoria\/wp-json\/wp\/v2\/tags?post=28541"}],"curies":[{"name":"wp","href":"https:\/\/api.w.org\/{rel}","templated":true}]}}