{"id":28645,"date":"2019-12-16T16:44:02","date_gmt":"2019-12-16T18:44:02","guid":{"rendered":"https:\/\/www.tjes.jus.br\/corregedoria\/?p=28645"},"modified":"2019-12-16T16:51:41","modified_gmt":"2019-12-16T18:51:41","slug":"oficio-circular-n-32-2019-secao-de-monitoramento-de-foro-extrajudicial-disp-16-12-2019","status":"publish","type":"post","link":"https:\/\/www.tjes.jus.br\/corregedoria\/2019\/12\/16\/oficio-circular-n-32-2019-secao-de-monitoramento-de-foro-extrajudicial-disp-16-12-2019\/","title":{"rendered":"OFICIO CIRCULAR N\u00b0 32\/2019 \u2013 SE\u00c7\u00c3O DE MONITORAMENTO DE FORO EXTRAJUDICIAL \u2013 DISP. 16\/12\/2019"},"content":{"rendered":"<div class=\"override-text\">\n<p style=\"text-align: center;\"><strong>PODER JUDICI\u00c1RIO DO ESTADO DO ESP\u00cdRITO SANTO &#8211; PJES<\/strong><\/p>\n<p style=\"text-align: center;\"><strong>RUA DESEMBARGADOR HOMERO MAFRA,60 &#8211; Bairro ENSEADA DO SU\u00c1 &#8211; CEP 29050906 &#8211; Vit\u00f3ria &#8211; ES &#8211; www.tjes.jus.br<\/strong><\/p>\n<\/div>\n<p style=\"text-align: center;\"><strong>OF\u00cdCIO-CIRCULAR N\u00ba 32\/2019 &#8211; SECAO DE MONITORAMENTO DE FORO EXTRAJUDICIAL<\/strong><\/p>\n<p style=\"text-align: center;\"><strong>Vit\u00f3ria, 27 de agosto de 2019.<\/strong><\/p>\n<p style=\"text-align: center;\" align=\"left\"><strong>Processo SEI N\u00ba 7003604-84.2019.8.08.0000<\/strong><\/p>\n<p>A Coordenadora de Monitoramento de Foro Judicial e Extrajudicial da Eg. Corregedoria Geral da Justi\u00e7a do Estado do Esp\u00edrito Santo, no uso de suas atribui\u00e7\u00f5es legais:<\/p>\n<p>&nbsp;<\/p>\n<p style=\"text-align: justify;\" align=\"justify\"><strong>CONSIDERANDO<\/strong>\u00a0que a Corregedoria Geral da Justi\u00e7a \u00e9 \u00f3rg\u00e3o de fiscaliza\u00e7\u00e3o, disciplina e orienta\u00e7\u00e3o administrativa, com circunscri\u00e7\u00e3o em todo o Estado, conforme art. 35 da Lei Complementar Estadual n.\u00ba 234\/2002 (COJES);<\/p>\n<p style=\"text-align: justify;\" align=\"justify\"><strong>CONSIDERANDO<\/strong>\u00a0o disposto no Provimento n\u00ba 31\/2019, desta Corregedoria Geral da Justi\u00e7a, que delegou ao Coordenador de Monitoramento de Foro Judicial e Extrajudicial a proceder, de of\u00edcio, a publica\u00e7\u00e3o de Of\u00edcio-Circular acerca da inutiliza\u00e7\u00e3o dos pap\u00e9is de seguran\u00e7a noticiada pelas autoridades apostilantes por meio de certid\u00e3o, a fim de que seja dada ampla publicidade.<\/p>\n<p style=\"text-align: justify;\" align=\"justify\"><strong>CONSIDERANDO<\/strong>\u00a0o recebimento do comunicado enviado a esta Corregedoria por meio do Malote digital com c\u00f3digo de rastreabilidade n.\u00ba 80820191281442<strong>,<\/strong>\u00a0do Cart\u00f3rio do 2\u00ba Of\u00edcio de Notas do Foro de Vit\u00f3ria &#8211; Comarca da Capital\/ES (documento SEI n\u00ba 0170639);<\/p>\n<p align=\"justify\"><strong>CONSIDERANDO<\/strong>\u00a0que o referido comunicado informa sobre a inutiliza\u00e7\u00e3o de pap\u00e9is de seguran\u00e7a para o ato de aposi\u00e7\u00e3o de apostila, conforme consta em anexo.<\/p>\n<p style=\"text-align: justify;\" align=\"justify\"><strong>RECOMENDA<\/strong>\u00a0aos Ju\u00edzes de Direito Diretores dos Foros, Membros do Minist\u00e9rio P\u00fablico, Advogados, Not\u00e1rios e Registradores, Serventu\u00e1rios e a quem mais possa interessar, que observem os comunicados em anexo e adotem as provid\u00eancias que entenderem pertinentes.<\/p>\n<p align=\"justify\"><strong>Publique-se.<\/strong><\/p>\n<p style=\"text-align: center;\" align=\"justify\"><strong>Magali Barbosa de Oliveira<\/strong><\/p>\n<p align=\"center\"><strong>Coordenadora de Monitoramento de Foro Judicial e Extrajudicial<\/strong><\/p>\n<p align=\"center\"><strong><a href=\"https:\/\/sistemas.tjes.jus.br\/ediario\/images\/Of%C3%ADcio_Circular_n%C2%BA_32.pdf\" target=\"_blank\" rel=\"noopener\">ANEXO &#8211; CLIQUE AQUI<\/a><\/strong><\/p>\n","protected":false},"excerpt":{"rendered":"<p>PODER JUDICI\u00c1RIO DO ESTADO DO ESP\u00cdRITO SANTO &#8211; PJES RUA DESEMBARGADOR HOMERO MAFRA,60 &#8211; Bairro ENSEADA DO SU\u00c1 &#8211; CEP 29050906 &#8211; Vit\u00f3ria &#8211; ES &#8211; www.tjes.jus.br OF\u00cdCIO-CIRCULAR N\u00ba 32\/2019 &#8211; SECAO DE MONITORAMENTO DE FORO EXTRAJUDICIAL Vit\u00f3ria, 27 de agosto de 2019. Processo SEI N\u00ba 7003604-84.2019.8.08.0000 A Coordenadora de Monitoramento de Foro Judicial e [&hellip;]<\/p>\n","protected":false},"author":12,"featured_media":0,"comment_status":"closed","ping_status":"closed","sticky":false,"template":"","format":"standard","meta":{"footnotes":""},"categories":[14,5],"tags":[],"_links":{"self":[{"href":"https:\/\/www.tjes.jus.br\/corregedoria\/wp-json\/wp\/v2\/posts\/28645"}],"collection":[{"href":"https:\/\/www.tjes.jus.br\/corregedoria\/wp-json\/wp\/v2\/posts"}],"about":[{"href":"https:\/\/www.tjes.jus.br\/corregedoria\/wp-json\/wp\/v2\/types\/post"}],"author":[{"embeddable":true,"href":"https:\/\/www.tjes.jus.br\/corregedoria\/wp-json\/wp\/v2\/users\/12"}],"replies":[{"embeddable":true,"href":"https:\/\/www.tjes.jus.br\/corregedoria\/wp-json\/wp\/v2\/comments?post=28645"}],"version-history":[{"count":2,"href":"https:\/\/www.tjes.jus.br\/corregedoria\/wp-json\/wp\/v2\/posts\/28645\/revisions"}],"predecessor-version":[{"id":28653,"href":"https:\/\/www.tjes.jus.br\/corregedoria\/wp-json\/wp\/v2\/posts\/28645\/revisions\/28653"}],"wp:attachment":[{"href":"https:\/\/www.tjes.jus.br\/corregedoria\/wp-json\/wp\/v2\/media?parent=28645"}],"wp:term":[{"taxonomy":"category","embeddable":true,"href":"https:\/\/www.tjes.jus.br\/corregedoria\/wp-json\/wp\/v2\/categories?post=28645"},{"taxonomy":"post_tag","embeddable":true,"href":"https:\/\/www.tjes.jus.br\/corregedoria\/wp-json\/wp\/v2\/tags?post=28645"}],"curies":[{"name":"wp","href":"https:\/\/api.w.org\/{rel}","templated":true}]}}