{"id":28709,"date":"2020-01-07T14:50:35","date_gmt":"2020-01-07T16:50:35","guid":{"rendered":"https:\/\/www.tjes.jus.br\/corregedoria\/?p=28709"},"modified":"2020-01-07T14:52:29","modified_gmt":"2020-01-07T16:52:29","slug":"ato-normativo-no-196-2019-disp-07-01-2020","status":"publish","type":"post","link":"https:\/\/www.tjes.jus.br\/corregedoria\/2020\/01\/07\/ato-normativo-no-196-2019-disp-07-01-2020\/","title":{"rendered":"ATO NORMATIVO N\u00ba 196\/2019 \u2013 DISP. 07\/01\/2020"},"content":{"rendered":"<p align=\"center\"><strong>ESTADO DO ESP\u00cdRITO SANTO<\/strong><\/p>\n<p align=\"center\"><strong>PODER JUDICI\u00c1RIO<\/strong><\/p>\n<p align=\"center\"><strong>TRIBUNAL DE JUSTI\u00c7A<\/strong><\/p>\n<p align=\"center\"><strong>ATO NORMATIVO N\u00ba 196\/2019<\/strong><\/p>\n<p align=\"justify\">Prorroga os efeitos do <a href=\"https:\/\/www.tjes.jus.br\/corregedoria\/2019\/11\/28\/ato-normativo-no-187-2019-disp-28-11-2019\/\">Ato Normativo 187\/2019<\/a>,\u00a0publicado no Di\u00e1rio da Justi\u00e7a em\u00a028\/11\/2019.<\/p>\n<p align=\"justify\">O Excelent\u00edssimo Senhor Desembargador RONALDO GON\u00c7ALVES DE SOUSA, Presidente do Egr\u00e9gio Tribunal de Justi\u00e7a do Estado do Esp\u00edrito Santo e,<\/p>\n<p align=\"justify\"><strong>CONSIDERANDO<\/strong>\u00a0os termos da <a href=\"https:\/\/www.tjes.jus.br\/corregedoria\/2019\/10\/16\/resolucao-no-029-2019-disp-14-10-2019\/\">Resolu\u00e7\u00e3o n\u00b0 029\/2019<\/a> deste Egr\u00e9gio Tribunal de Justi\u00e7a, publicada em 12 de outubro do corrente, que alterou a denomina\u00e7\u00e3o e a compet\u00eancia da 3\u00b0 Vara Criminal do Ju\u00edzo de Vit\u00f3ria;<\/p>\n<p align=\"justify\"><strong>CONSIDERANDO\u00a0<\/strong>o teor do\u00a0expediente SEI n\u00b0 7005729-25.2019.8.08.0000, por meio do qual o Exm\u00b0 Sr.\u00a0Dr. Alexandre Pacheco Carreira, MM. Juiz de Direito da 3\u00aa Vara Criminal de Vit\u00f3ria, discorre acerca das dificuldades enfrentadas no que tange \u00e0 efetiva\u00a0altera\u00e7\u00e3o da compet\u00eancia da referida unidade judici\u00e1ria,\u00a0de forma que a complexidade das provid\u00eancias a serem adotadas demandam a dila\u00e7\u00e3o do referido prazo de suspens\u00e3o;<\/p>\n<p align=\"justify\">CONSIDERANDO que apesar da suspens\u00e3o prevista no <a href=\"https:\/\/www.tjes.jus.br\/corregedoria\/2019\/11\/28\/ato-normativo-no-187-2019-disp-28-11-2019\/\">Ato Normativo n\u00ba 187\/2019<\/a>, publicado no DJ de 28\/\/11\/2019, n\u00e3o foram ultimadas as provid\u00eancias necess\u00e1rias \u00e0 plena opera\u00e7\u00e3o da unidade judici\u00e1ria com a compet\u00eancia em execu\u00e7\u00e3o penal,<\/p>\n<p align=\"justify\">RESOLVE:<\/p>\n<p align=\"justify\"><strong>Art. 1\u00b0.<\/strong>\u00a0Ficam prorrogados os efeitos do <a href=\"https:\/\/www.tjes.jus.br\/corregedoria\/2019\/11\/28\/ato-normativo-no-187-2019-disp-28-11-2019\/\">Ato Normativo 187\/2019<\/a>,\u00a0publicado no Di\u00e1rio da Justi\u00e7a em\u00a028\/11\/2019,\u00a0at\u00e9 o dia\u00a0<strong>1<\/strong><strong>5<\/strong><strong>\u00a0de fevereiro<\/strong><strong>\u00a0de 2020.<\/strong><\/p>\n<p align=\"justify\"><strong>Art.\u00a0<\/strong><strong>2<\/strong><strong>\u00b0.<\/strong>\u00a0Ficam suspensos o atendimento ao p\u00fablico e os prazos processuais na\u00a0<strong>3\u00b0 Vara Criminal de Vit\u00f3ria<\/strong>\u00a0no per\u00edodo de\u00a0<strong>07 de janeiro a 14 de fevereiro de 2020<\/strong>, com objetivo de viabilizar a redistribui\u00e7\u00e3o do acervo e a ado\u00e7\u00e3o das provid\u00eancias necess\u00e1rias para a altera\u00e7\u00e3o da compet\u00eancia da referida unidade judici\u00e1ria, ressalvando-se, contudo, a aprecia\u00e7\u00e3o das medidas urgentes.<\/p>\n<p align=\"justify\"><strong>Art.\u00a0<\/strong><strong>3<\/strong><strong>\u00b0.<\/strong>\u00a0Este Ato Normativo entre em vigor na data de sua publica\u00e7\u00e3o.<\/p>\n<p align=\"left\">Publique-se.<\/p>\n<p style=\"text-align: left;\" align=\"center\">Vit\u00f3ria\/ES, 18 de Dezembro de 2019.<\/p>\n<p align=\"center\"><strong>Des.\u00a0RONALDO GON\u00c7ALVES DE SOUSA<\/strong><\/p>\n<p align=\"center\"><strong>Presidente<\/strong><\/p>\n","protected":false},"excerpt":{"rendered":"<p>ESTADO DO ESP\u00cdRITO SANTO PODER JUDICI\u00c1RIO TRIBUNAL DE JUSTI\u00c7A ATO NORMATIVO N\u00ba 196\/2019 Prorroga os efeitos do Ato Normativo 187\/2019,\u00a0publicado no Di\u00e1rio da Justi\u00e7a em\u00a028\/11\/2019. O Excelent\u00edssimo Senhor Desembargador RONALDO GON\u00c7ALVES DE SOUSA, Presidente do Egr\u00e9gio Tribunal de Justi\u00e7a do Estado do Esp\u00edrito Santo e, CONSIDERANDO\u00a0os termos da Resolu\u00e7\u00e3o n\u00b0 029\/2019 deste Egr\u00e9gio Tribunal de [&hellip;]<\/p>\n","protected":false},"author":12,"featured_media":0,"comment_status":"closed","ping_status":"closed","sticky":false,"template":"","format":"standard","meta":{"footnotes":""},"categories":[4,14],"tags":[],"_links":{"self":[{"href":"https:\/\/www.tjes.jus.br\/corregedoria\/wp-json\/wp\/v2\/posts\/28709"}],"collection":[{"href":"https:\/\/www.tjes.jus.br\/corregedoria\/wp-json\/wp\/v2\/posts"}],"about":[{"href":"https:\/\/www.tjes.jus.br\/corregedoria\/wp-json\/wp\/v2\/types\/post"}],"author":[{"embeddable":true,"href":"https:\/\/www.tjes.jus.br\/corregedoria\/wp-json\/wp\/v2\/users\/12"}],"replies":[{"embeddable":true,"href":"https:\/\/www.tjes.jus.br\/corregedoria\/wp-json\/wp\/v2\/comments?post=28709"}],"version-history":[{"count":2,"href":"https:\/\/www.tjes.jus.br\/corregedoria\/wp-json\/wp\/v2\/posts\/28709\/revisions"}],"predecessor-version":[{"id":28711,"href":"https:\/\/www.tjes.jus.br\/corregedoria\/wp-json\/wp\/v2\/posts\/28709\/revisions\/28711"}],"wp:attachment":[{"href":"https:\/\/www.tjes.jus.br\/corregedoria\/wp-json\/wp\/v2\/media?parent=28709"}],"wp:term":[{"taxonomy":"category","embeddable":true,"href":"https:\/\/www.tjes.jus.br\/corregedoria\/wp-json\/wp\/v2\/categories?post=28709"},{"taxonomy":"post_tag","embeddable":true,"href":"https:\/\/www.tjes.jus.br\/corregedoria\/wp-json\/wp\/v2\/tags?post=28709"}],"curies":[{"name":"wp","href":"https:\/\/api.w.org\/{rel}","templated":true}]}}