{"id":28940,"date":"2020-01-20T14:10:12","date_gmt":"2020-01-20T16:10:12","guid":{"rendered":"https:\/\/www.tjes.jus.br\/corregedoria\/?p=28940"},"modified":"2020-01-20T14:12:47","modified_gmt":"2020-01-20T16:12:47","slug":"oficios-circulares-2018","status":"publish","type":"post","link":"https:\/\/www.tjes.jus.br\/corregedoria\/2020\/01\/20\/oficios-circulares-2018\/","title":{"rendered":"Of\u00edcios Circulares 2018"},"content":{"rendered":"<h1 style=\"text-align: center;\"><strong>Ano de 2018<\/strong><\/h1>\n<p>&nbsp;<\/p>\n<p style=\"text-align: justify;\"><a href=\"https:\/\/www.tjes.jus.br\/corregedoria\/2019\/02\/07\/circular-geral-de-vacancias-cmfe-n-o-010-2018-disp-07-02-2018\/\"><strong>Circular Geral de Vac\u00e2ncias CMFE n\u00ba<\/strong>\u00a0<\/a><strong>010\/2018 (Disponibilizado em 07\/02\/2019) &#8211;<\/strong>\u00a0Torna p\u00fablica a Rela\u00e7\u00e3o Geral de Vac\u00e2ncia das Delega\u00e7\u00f5es para a Atividade Notarial e de Registro do Estado do Esp\u00edrito Santo e que se encontram aptas a serem oferecidas em concurso p\u00fablico, respeitado o crit\u00e9rio de ingresso na rela\u00e7\u00e3o (provimento ou remo\u00e7\u00e3o), conforme Anexo I que acompanha a presente Circular, atualizado at\u00e906 de fevereiro de 2019.<\/p>\n<p style=\"text-align: justify;\"><strong><a href=\"https:\/\/www.tjes.jus.br\/corregedoria\/2018\/12\/19\/oficio-circular-cgjes-processo-sei-no-7005094-78-2018-8-08-0000-disp-19-12-2018\/\">Oficio Circular CGJES &#8211; Processo SEI: n\u00ba 7005094-78.2018.8.08.0000<\/a> (Disponibilizado em 19\/12\/2018)\u00a0<\/strong>\u2013 D\u00e1 ci\u00eancia\u00a0a todos os Magistrados com compet\u00eancia criminal do Estado do Esp\u00edrito Santo acerca dos termos do of\u00edcio SUEXP n\u00ba 390\/2018 da lavra do Exmo. Supervisor das Varas Criminais e Execu\u00e7\u00f5es Penais, Desembargador Fernando Zardini Antonio, em anexo.<\/p>\n<p style=\"text-align: justify;\"><strong><a href=\"https:\/\/www.tjes.jus.br\/corregedoria\/2019\/01\/14\/oficio-circular-n-o-231-2018-disp-11-01-2019\/\" target=\"_blank\" rel=\"noopener\">Oficio Circular n\u00ba 231\/2018<\/a> &#8211; (Disponibilizado em 11\/01\/2019)\u00a0<\/strong> &#8211; Recomenda\u00a0aos Ju\u00edzes de Direito Diretores dos Foros, Membros do Minist\u00e9rio P\u00fablico, Advogados, Not\u00e1rios e Registradores, Serventu\u00e1rios e a quem mais possa interessar, que observem o comunicado supracitado, e adotem as provid\u00eancias que entenderem pertinentes.<\/p>\n<p style=\"text-align: justify;\"><strong><a href=\"https:\/\/www.tjes.jus.br\/corregedoria\/2018\/12\/19\/oficio-circular-n-o-230-2018-disp-19-12-2018\/\">Oficio Circular n\u00ba 230\/2018<\/a> (Disponibilizado em 19\/12\/2018)\u00a0<\/strong>\u2013 Orienta\u00a0aos Magistrados com compet\u00eancia em mat\u00e9ria criminal que acompanhem, dentro das suas possibilidades, as inspe\u00e7\u00f5es realizadas aos estabelecimentos penais pelos Ju\u00edzes da execu\u00e7\u00e3o, para conhecimento das unidades e suas demandas.<\/p>\n<p style=\"text-align: justify;\"><strong><a href=\"https:\/\/www.tjes.jus.br\/corregedoria\/2018\/12\/18\/oficio-circular-n-19-2018-secao-de-monitoramento-de-foro-extrajudicial-disp-18-12-2018\/\">Oficio Circular n\u00ba 19\/2018 &#8211; Se\u00e7\u00e3o de Monitoramento de Foro Extrajudicial\u00a0<\/a>\u00a0(Disponibilizado em 18\/12\/2018)\u00a0<\/strong>\u2013 Recomenda\u00a0aos Ju\u00edzes de Direito Diretores dos Foros, Membros do Minist\u00e9rio P\u00fablico, Advogados, Not\u00e1rios e Registradores, Serventu\u00e1rios e a quem mais possa interessar, que observem os comunicados em anexo, e adotem as provid\u00eancias que entenderem pertinentes.<\/p>\n<p style=\"text-align: justify;\"><strong><a href=\"https:\/\/www.tjes.jus.br\/corregedoria\/2018\/12\/18\/oficio-circular-n-18-2018-secao-de-monitoramento-de-foro-extrajudicial-disp-18-12-2018\/\">Oficio Circular n\u00ba 18\/2018 &#8211; Se\u00e7\u00e3o de Monitoramento de Foro Extrajudicial<\/a>\u00a0\u00a0(Disponibilizado em 18\/12\/2018)\u00a0<\/strong>\u2013 Recomenda\u00a0aos Ju\u00edzes de Direito Diretores dos Foros, Membros do Minist\u00e9rio P\u00fablico, Advogados, Not\u00e1rios e Registradores, Serventu\u00e1rios e a quem mais possa interessar, que observem os comunicados em anexo, e adotem as provid\u00eancias que entenderem pertinentes.<\/p>\n<p style=\"text-align: justify;\"><strong><a href=\"https:\/\/www.tjes.jus.br\/corregedoria\/2019\/01\/14\/oficio-circular-n-o-228-2018-disp-11-01-2019\/\" target=\"_blank\" rel=\"noopener\">Oficio Circular n\u00ba 228\/2018<\/a> &#8211; (Disponibilizado em 11\/01\/2019)\u00a0<\/strong> &#8211; Recomenda\u00a0aos Ju\u00edzes de Direito Diretores dos Foros, Membros do Minist\u00e9rio P\u00fablico, Advogados, Not\u00e1rios e Registradores, Serventu\u00e1rios e a quem mais possa interessar, que observem o comunicado supracitado, e adotem as provid\u00eancias que entenderem pertinentes.<\/p>\n<p style=\"text-align: justify;\"><strong><a href=\"https:\/\/www.tjes.jus.br\/corregedoria\/2018\/12\/18\/oficio-circular-n-227-2018-disp-18-12-2018\/\">Oficio Circular n\u00ba 227\/2018<\/a> (Disponibilizado em 18\/12\/2018)\u00a0<\/strong>\u2013 Determina\u00a0<span lang=\"pt-BR\">a publica\u00e7\u00e3o da\u00a0<\/span><span lang=\"pt-BR\"><strong>LISTA DE ATOS CARTORIAIS ATIVOS<\/strong><\/span><span lang=\"pt-BR\">\u00a0e da\u00a0<\/span><span lang=\"pt-BR\"><strong>LISTA DE ENQUADRAMENTOS LEGAIS<\/strong><\/span><span lang=\"pt-BR\">\u00a0para o exerc\u00edcio de 2019.<\/span><\/p>\n<p style=\"text-align: justify;\"><strong><a href=\"https:\/\/www.tjes.jus.br\/corregedoria\/2019\/01\/14\/oficio-circular-n-o-226-2018-disp-11-01-2019\/\" target=\"_blank\" rel=\"noopener\">Oficio Circular n\u00ba 226\/2018<\/a> &#8211; (Disponibilizado em 11\/01\/2019)\u00a0<\/strong> &#8211; Recomenda\u00a0aos Ju\u00edzes de Direito Diretores dos Foros, Membros do Minist\u00e9rio P\u00fablico, Advogados, Not\u00e1rios e Registradores, Serventu\u00e1rios e a quem mais possa interessar, que observem o comunicado supracitado, e adotem as provid\u00eancias que entenderem pertinentes.<\/p>\n<p style=\"text-align: justify;\"><strong><a href=\"https:\/\/www.tjes.jus.br\/corregedoria\/2019\/01\/14\/oficio-circular-n-o-225-2018-disp-11-01-2019\/\" target=\"_blank\" rel=\"noopener\">Oficio Circular n\u00ba 225\/2018<\/a> &#8211; (Disponibilizado em 11\/01\/2019)\u00a0<\/strong> &#8211; Recomenda\u00a0aos Ju\u00edzes de Direito Diretores dos Foros, Membros do Minist\u00e9rio P\u00fablico, Advogados, Not\u00e1rios e Registradores, Serventu\u00e1rios e a quem mais possa interessar, que observem o comunicado supracitado, e adotem as provid\u00eancias que entenderem pertinentes.<\/p>\n<p style=\"text-align: justify;\"><strong><a href=\"https:\/\/www.tjes.jus.br\/corregedoria\/2019\/01\/14\/oficio-circular-n-o-224-2018-disp-11-01-2019\/\" target=\"_blank\" rel=\"noopener\">Oficio Circular n\u00ba 224\/2018<\/a> &#8211; (Disponibilizado em 11\/01\/2019)\u00a0<\/strong> &#8211; Recomenda\u00a0aos Ju\u00edzes de Direito Diretores dos Foros, Membros do Minist\u00e9rio P\u00fablico, Advogados, Not\u00e1rios e Registradores, Serventu\u00e1rios e a quem mais possa interessar, que observem o comunicado supracitado, e adotem as provid\u00eancias que entenderem pertinentes.<\/p>\n<p style=\"text-align: justify;\"><strong><a href=\"https:\/\/www.tjes.jus.br\/corregedoria\/2019\/01\/11\/oficio-circular-n-o-223-2018-disp-10-01-2019\/\" target=\"_blank\" rel=\"noopener\">Oficio Circular n\u00ba 223\/2018<\/a> &#8211; (Disponibilizado em 10\/01\/2019)\u00a0<\/strong> &#8211; Recomenda\u00a0aos Ju\u00edzes de Direito Diretores dos Foros, Membros do Minist\u00e9rio P\u00fablico, Advogados, Not\u00e1rios e Registradores, Serventu\u00e1rios e a quem mais possa interessar, que observem o comunicado supracitado, e adotem as provid\u00eancias que entenderem pertinentes.<\/p>\n<p style=\"text-align: justify;\"><strong><a href=\"https:\/\/www.tjes.jus.br\/corregedoria\/2019\/01\/11\/oficio-circular-n-o-222-2018-disp-10-01-2019\/\" target=\"_blank\" rel=\"noopener\">Oficio Circular n\u00ba 222\/2018<\/a> &#8211; (Disponibilizado em 10\/01\/2019)\u00a0<\/strong> &#8211; Recomenda\u00a0aos Ju\u00edzes de Direito Diretores dos Foros, Membros do Minist\u00e9rio P\u00fablico, Advogados, Not\u00e1rios e Registradores, Serventu\u00e1rios e a quem mais possa interessar, que observem o comunicado supracitado, e adotem as provid\u00eancias que entenderem pertinentes.<\/p>\n<p style=\"text-align: justify;\"><strong><a href=\"https:\/\/www.tjes.jus.br\/corregedoria\/2019\/01\/11\/oficio-circular-n-o-221-2018-disp-10-01-2019\/\" target=\"_blank\" rel=\"noopener\">Oficio Circular n\u00ba 221\/2018<\/a> &#8211; (Disponibilizado em 10\/01\/2019)\u00a0<\/strong> &#8211; Recomenda\u00a0aos Ju\u00edzes de Direito Diretores dos Foros, Membros do Minist\u00e9rio P\u00fablico, Advogados, Not\u00e1rios e Registradores, Serventu\u00e1rios e a quem mais possa interessar, que observem o comunicado supracitado, e adotem as provid\u00eancias que entenderem pertinentes.<\/p>\n<p style=\"text-align: justify;\"><strong><a href=\"https:\/\/www.tjes.jus.br\/corregedoria\/2019\/01\/11\/oficio-circular-n-o-220-2018-disp-10-01-2019\/\" target=\"_blank\" rel=\"noopener\">Oficio Circular n\u00ba 220\/2018<\/a> &#8211; (Disponibilizado em 10\/01\/2019)\u00a0<\/strong> &#8211; Recomenda\u00a0aos Ju\u00edzes de Direito Diretores dos Foros, Membros do Minist\u00e9rio P\u00fablico, Advogados, Not\u00e1rios e Registradores, Serventu\u00e1rios e a quem mais possa interessar, que observem o comunicado supracitado, e adotem as provid\u00eancias que entenderem pertinentes.<\/p>\n<p style=\"text-align: justify;\"><strong><a href=\"https:\/\/www.tjes.jus.br\/corregedoria\/2019\/01\/11\/oficio-circular-n-o-219-2018-disp-10-01-2019\/\" target=\"_blank\" rel=\"noopener\">Oficio Circular n\u00ba 219\/2018<\/a> &#8211; (Disponibilizado em 10\/01\/2019)\u00a0<\/strong> &#8211; Recomenda\u00a0aos Ju\u00edzes de Direito Diretores dos Foros, Membros do Minist\u00e9rio P\u00fablico, Advogados, Not\u00e1rios e Registradores, Serventu\u00e1rios e a quem mais possa interessar, que observem o expediente supracitado e adotem as provid\u00eancias que entenderem pertinentes.<\/p>\n<p style=\"text-align: justify;\"><strong><a href=\"https:\/\/www.tjes.jus.br\/corregedoria\/2019\/01\/11\/oficio-circular-n-o-218-2018-disp-10-01-2019\/\" target=\"_blank\" rel=\"noopener\">Oficio Circular n\u00ba 218\/2018<\/a> &#8211; (Disponibilizado em 10\/01\/2019)\u00a0<\/strong> &#8211; Recomenda\u00a0aos Ju\u00edzes de Direito Diretores dos Foros, Membros do Minist\u00e9rio P\u00fablico, Advogados, Not\u00e1rios e Registradores, Serventu\u00e1rios e a quem mais possa interessar, que observem o documento, em anexo, e adotem as provid\u00eancias que entenderem pertinentes.<\/p>\n<p style=\"text-align: justify;\"><strong><a href=\"https:\/\/www.tjes.jus.br\/corregedoria\/2019\/01\/11\/oficio-circular-n-o-217-2018-disp-10-01-2019\/\" target=\"_blank\" rel=\"noopener\">Oficio Circular n\u00ba 217\/2018\u00a0<\/a>&#8211; (Disponibilizado em 10\/01\/2019)\u00a0<\/strong> &#8211; Recomenda\u00a0aos Ju\u00edzes de Direito Diretores dos Foros, Membros do Minist\u00e9rio P\u00fablico, Advogados, Not\u00e1rios e Registradores, Serventu\u00e1rios e a quem mais possa interessar, que observem o expediente supracitado e adotem as provid\u00eancias que entenderem pertinentes.<\/p>\n<p style=\"text-align: justify;\"><strong><a href=\"https:\/\/www.tjes.jus.br\/corregedoria\/2019\/01\/11\/oficio-circular-n-o-216-2018-disp-10-01-2019\/\" target=\"_blank\" rel=\"noopener\">Oficio Circular n\u00ba 216\/2018<\/a> &#8211; (Disponibilizado em 10\/01\/2019)\u00a0<\/strong> &#8211; Recomenda\u00a0aos Ju\u00edzes de Direito Diretores dos Foros, Membros do Minist\u00e9rio P\u00fablico, Advogados, Not\u00e1rios e Registradores, Serventu\u00e1rios e a quem mais possa interessar, que observem o comunicado anexo e adotem as provid\u00eancias que entenderem pertinentes.<\/p>\n<p style=\"text-align: justify;\"><strong><a href=\"https:\/\/www.tjes.jus.br\/corregedoria\/2019\/01\/09\/oficio-circular-n-o-215-2018-disp-09-01-2019\/\" target=\"_blank\" rel=\"noopener\">Oficio Circular n\u00ba 215\/2018\u00a0<\/a>&#8211; (Disponibilizado em 09\/01\/2019)\u00a0<\/strong> &#8211; Recomenda\u00a0aos Ju\u00edzes de Direito Diretores dos Foros, Membros do Minist\u00e9rio P\u00fablico, Advogados, Not\u00e1rios e Registradores, Serventu\u00e1rios e a quem mais possa interessar, que observem o expediente supracitado e adotem as provid\u00eancias que entenderem pertinentes.<\/p>\n<p style=\"text-align: justify;\"><strong><a href=\"https:\/\/www.tjes.jus.br\/corregedoria\/2018\/12\/10\/oficio-circular-cgjes-no-214-2018-disp-10-12-2018\/\">Oficio Circular n\u00ba 214\/2018<\/a>\u00a0&#8211; (Disponibilizado em 10\/12\/2018)\u00a0<\/strong> &#8211; Orienta\u00a0<span lang=\"pt-BR\">os Magistrados do Estado do Esp\u00edrito Santo a buscarem a concentra\u00e7\u00e3o de audi\u00eancias das quais participe a Defensoria P\u00fablica Estadual em determinados dias da semana preestabelecidos, a fim de otimizar a atua\u00e7\u00e3o e a organiza\u00e7\u00e3o da institui\u00e7\u00e3o, resguardada a possibilidade de designa\u00e7\u00e3o de audi\u00eancia que demande a presen\u00e7a de defensor p\u00fablico em outras datas.<\/span><\/p>\n<p style=\"text-align: justify;\"><strong><a href=\"https:\/\/www.tjes.jus.br\/corregedoria\/2019\/01\/09\/oficio-circular-n-o-213-2018-disp-09-01-2019\/\" target=\"_blank\" rel=\"noopener\">Oficio Circular n\u00ba 213\/2018<\/a> &#8211; (Disponibilizado em 09\/01\/2019)\u00a0<\/strong> &#8211; Recomenda\u00a0aos Ju\u00edzes de Direito Diretores dos Foros, Membros do Minist\u00e9rio P\u00fablico, Advogados, Not\u00e1rios e Registradores, Serventu\u00e1rios e a quem mais possa interessar, que observem o expediente supracitado e adotem as provid\u00eancias que entenderem pertinentes.<\/p>\n<p style=\"text-align: justify;\"><strong><a href=\"https:\/\/www.tjes.jus.br\/corregedoria\/2019\/01\/09\/oficio-circular-n-o-212-2018-disp-09-01-2019\/\" target=\"_blank\" rel=\"noopener\">Oficio Circular n\u00ba 212\/2018<\/a>\u00a0&#8211; (Disponibilizado em 09\/01\/2019)\u00a0<\/strong> &#8211; Recomenda\u00a0aos Ju\u00edzes de Direito Diretores dos Foros, Membros do Minist\u00e9rio P\u00fablico, Advogados, Not\u00e1rios e Registradores, Serventu\u00e1rios e a quem mais possa interessar, que observem o comunicado supracitado, e adotem as provid\u00eancias que entenderem pertinentes.<\/p>\n<p style=\"text-align: justify;\"><strong><a href=\"https:\/\/www.tjes.jus.br\/corregedoria\/2019\/01\/09\/oficio-circular-n-o-211-2018-disp-09-01-2019\/\" target=\"_blank\" rel=\"noopener\">Oficio Circular n\u00ba 211\/2018<\/a>\u00a0&#8211; (Disponibilizado em 09\/01\/2019)\u00a0<\/strong> &#8211; Recomenda\u00a0aos Ju\u00edzes de Direito Diretores dos Foros, Membros do Minist\u00e9rio P\u00fablico, Advogados, Not\u00e1rios e Registradores, Serventu\u00e1rios e a quem mais possa interessar, que observem o expediente supracitado e adotem as provid\u00eancias que entenderem pertinentes.<\/p>\n<p style=\"text-align: justify;\"><strong><a href=\"https:\/\/www.tjes.jus.br\/corregedoria\/2019\/01\/09\/oficio-circular-n-o-210-2018-disp-09-01-2019\/\" target=\"_blank\" rel=\"noopener\">Oficio Circular n\u00ba 210\/2018\u00a0<\/a>&#8211; (Disponibilizado em 09\/01\/2019)\u00a0<\/strong> &#8211; Recomenda\u00a0aos Ju\u00edzes de Direito Diretores dos Foros, Membros do Minist\u00e9rio P\u00fablico, Advogados, Not\u00e1rios e Registradores, Serventu\u00e1rios e a quem mais possa interessar, que observem o comunicado supracitado, e adotem as provid\u00eancias que entenderem pertinentes.<\/p>\n<p style=\"text-align: justify;\"><strong><a href=\"https:\/\/www.tjes.jus.br\/corregedoria\/2019\/01\/09\/oficio-circular-n-o-209-2018-disp-09-01-2019\/\" target=\"_blank\" rel=\"noopener\">Oficio Circular n\u00ba 209\/2018\u00a0<\/a>&#8211; (Disponibilizado em 09\/01\/2019)\u00a0<\/strong> &#8211; Recomenda\u00a0aos Ju\u00edzes de Direito Diretores dos Foros, Membros do Minist\u00e9rio P\u00fablico, Advogados, Not\u00e1rios e Registradores, Serventu\u00e1rios e a quem mais possa interessar, que observem o comunicado supracitado, e adotem as provid\u00eancias que entenderem pertinentes.<\/p>\n<p style=\"text-align: justify;\"><strong><a href=\"https:\/\/www.tjes.jus.br\/corregedoria\/2019\/01\/09\/oficio-circular-n-o-207-2018-disp-09-01-2019\/\" target=\"_blank\" rel=\"noopener\">Oficio Circular n\u00ba 207\/2018<\/a>\u00a0&#8211; (Disponibilizado em 09\/01\/2019)\u00a0<\/strong> &#8211; Recomenda\u00a0aos Ju\u00edzes de Direito Diretores dos Foros, Membros do Minist\u00e9rio P\u00fablico, Advogados, Not\u00e1rios e Registradores, Serventu\u00e1rios e a quem mais possa interessar, que observem o comunicado supracitado, e adotem as provid\u00eancias que entenderem pertinentes.<\/p>\n<p style=\"text-align: justify;\"><strong><a href=\"https:\/\/www.tjes.jus.br\/corregedoria\/2019\/01\/09\/oficio-circular-n-o-206-2018-disp-09-01-2019\/\" target=\"_blank\" rel=\"noopener\">Oficio Circular n\u00ba 206\/2018<\/a>\u00a0&#8211; (Disponibilizado em 09\/01\/2019)\u00a0<\/strong> &#8211; Recomenda\u00a0aos Ju\u00edzes de Direito Diretores dos Foros, Membros do Minist\u00e9rio P\u00fablico, Advogados, Not\u00e1rios e Registradores, Serventu\u00e1rios e a quem mais possa interessar, que observem o comunicado supracitado, e adotem as provid\u00eancias que entenderem pertinentes.<\/p>\n<p style=\"text-align: justify;\"><strong><a href=\"https:\/\/www.tjes.jus.br\/corregedoria\/2018\/12\/10\/oficio-circular-no-0205-2018-disp-10-12-2018\/\">Oficio Circular n\u00ba 205\/2018<\/a>\u00a0&#8211; (Disponibilizado em 10\/12\/2018)\u00a0<\/strong> &#8211; Recomenda\u00a0aos Ju\u00edzes de Direito Diretores dos Foros, Membros do Minist\u00e9rio P\u00fablico, Advogados, Not\u00e1rios e Registradores, Serventu\u00e1rios e a quem mais possa interessar, que observem os comunicados em anexo, e adotem as provid\u00eancias que entenderem pertinentes.<\/p>\n<p style=\"text-align: justify;\"><strong><a href=\"https:\/\/www.tjes.jus.br\/corregedoria\/2018\/12\/10\/oficio-circular-no-204-2018-disp-10-12-2018\/\">Oficio Circular n\u00ba 204\/2018<\/a>\u00a0&#8211; (Disponibilizado em 10\/12\/2018)\u00a0<\/strong> &#8211; Recomenda\u00a0<span lang=\"pt-BR\">aos Ju\u00edzes de Direito Diretores dos F\u00f3runs, Membros do Minist\u00e9rio P\u00fablico, Advogados, Not\u00e1rios e Registradores, Serventu\u00e1rios e a quem mais possa interessar, que observem o\u00a0<\/span><span lang=\"pt-BR\">expediente\u00a0<\/span><span lang=\"pt-BR\">supracitado<\/span><span lang=\"pt-BR\">\u00a0e adotem as provid\u00eancias que entenderem pertinentes.<\/span><\/p>\n<p style=\"text-align: justify;\"><strong><a href=\"https:\/\/www.tjes.jus.br\/corregedoria\/2018\/12\/10\/oficio-circular-no-203-2018-disp-10-12-2018\/\">Oficio Circular n\u00ba 203\/2018<\/a>\u00a0&#8211; (Disponibilizado em 10\/12\/2018)\u00a0<\/strong> &#8211; Recomenda\u00a0<span lang=\"pt-BR\">aos Ju\u00edzes de Direito Diretores dos F\u00f3runs, Membros do Minist\u00e9rio P\u00fablico, Advogados, Not\u00e1rios e Registradores, Serventu\u00e1rios e a quem mais possa interessar, que observem o\u00a0<\/span><span lang=\"pt-BR\">expediente\u00a0<\/span><span lang=\"pt-BR\">supracitado<\/span><span lang=\"pt-BR\">\u00a0e adotem as provid\u00eancias que entenderem pertinentes.<\/span><\/p>\n<p style=\"text-align: justify;\"><strong><a href=\"https:\/\/www.tjes.jus.br\/corregedoria\/2018\/12\/10\/oficio-circular-no-202-2018-disp-10-12-2018\/\">Oficio Circular n\u00ba 202\/2018<\/a>\u00a0&#8211; (Disponibilizado em 10\/12\/2018)\u00a0<\/strong> &#8211;\u00a0Recomenda\u00a0<span lang=\"pt-BR\">aos Ju\u00edzes de Direito Diretores dos F\u00f3runs, Membros do Minist\u00e9rio P\u00fablico, Advogados, Not\u00e1rios e Registradores, Serventu\u00e1rios e a quem mais possa interessar, que observem o\u00a0<\/span><span lang=\"pt-BR\">comunicado em anexo,\u00a0<\/span><span lang=\"pt-BR\">e adotem as provid\u00eancias que entenderem pertinentes.<\/span><\/p>\n<p style=\"text-align: justify;\"><strong><a href=\"https:\/\/www.tjes.jus.br\/corregedoria\/2018\/12\/10\/oficio-circular-no-201-2018-disp-10-12-2018\/\">Oficio Circular n\u00ba 201\/2018<\/a>\u00a0&#8211; (Disponibilizado em 10\/12\/2018)\u00a0<\/strong> &#8211; Recomenda\u00a0<span lang=\"pt-BR\">aos Ju\u00edzes de Direito Diretores dos F\u00f3runs, Membros do Minist\u00e9rio P\u00fablico, Advogados, Not\u00e1rios e Registradores, Serventu\u00e1rios e a quem mais possa interessar, que observem o Of\u00edcio\u00a0<\/span><span lang=\"pt-BR\">supracitado<\/span><span lang=\"pt-BR\">\u00a0e adotem as provid\u00eancias que entenderem pertinentes.<\/span><\/p>\n<p style=\"text-align: justify;\"><strong><a href=\"https:\/\/www.tjes.jus.br\/corregedoria\/2018\/12\/10\/oficio-circular-no-200-2018-disp-10-12-2018\/\">Oficio Circular n\u00ba 200\/2018<\/a>\u00a0&#8211; (Disponibilizado em 10\/12\/2018)\u00a0<\/strong> &#8211; Recomenda <span lang=\"pt-BR\">aos Ju\u00edzes de Direito Diretores dos F\u00f3runs, Membros do Minist\u00e9rio P\u00fablico, Advogados, Not\u00e1rios e Registradores, Serventu\u00e1rios e a quem mais possa interessar, que observem\u00a0<\/span><span lang=\"pt-BR\">o\u00a0<\/span><span lang=\"pt-BR\">documento<\/span><span lang=\"pt-BR\">\u00a0em anexo<\/span><span lang=\"pt-BR\">\u00a0e adotem as provid\u00eancias que entenderem pertinentes.<\/span><\/p>\n<p style=\"text-align: justify;\"><strong><a href=\"https:\/\/www.tjes.jus.br\/corregedoria\/2018\/12\/06\/oficio-circular-no-198-2018-disp-06-12-2018\/\">Oficio Circular n\u00ba 198\/2018<\/a>\u00a0&#8211; (Disponibilizado em 06\/12\/2018)\u00a0<\/strong> &#8211; Recomenda\u00a0<span lang=\"pt-BR\">aos Ju\u00edzes de Direito Diretores dos F\u00f3runs, Membros do Minist\u00e9rio P\u00fablico, Advogados, Not\u00e1rios e Registradores, Serventu\u00e1rios e a quem mais possa interessar, que observem o\u00a0<\/span><span lang=\"pt-BR\">comunicado\u00a0<\/span><span lang=\"pt-BR\">supracitado<\/span><span lang=\"pt-BR\">,\u00a0<\/span><span lang=\"pt-BR\">e adotem as provid\u00eancias que entenderem pertinentes.<\/span><\/p>\n<p style=\"text-align: justify;\"><strong><a href=\"https:\/\/www.tjes.jus.br\/corregedoria\/2018\/12\/06\/oficio-circular-no-197-2018-disp-06-12-2018\/\">Oficio Circular n\u00ba 197\/2018<\/a>\u00a0&#8211; (Disponibilizado em\u00a006\/12\/2018 <\/strong> &#8211; Recomenda\u00a0<span lang=\"pt-BR\">aos Ju\u00edzes de Direito Diretores dos F\u00f3runs, Membros do Minist\u00e9rio P\u00fablico, Advogados, Not\u00e1rios e Registradores, Serventu\u00e1rios e a quem mais possa interessar, que observem o\u00a0<\/span><span lang=\"pt-BR\">comunicado\u00a0<\/span><span lang=\"pt-BR\">supracitado<\/span><span lang=\"pt-BR\">,\u00a0<\/span><span lang=\"pt-BR\">e adotem as provid\u00eancias que entenderem pertinentes.<\/span><\/p>\n<p style=\"text-align: justify;\"><strong><a href=\"https:\/\/www.tjes.jus.br\/corregedoria\/2018\/12\/06\/oficio-circular-no-196-2018-disp-06-12-2018\/\">Oficio Circular n\u00ba 196\/2018<\/a>\u00a0&#8211; (Disponibilizado em 06\/12\/2018)\u00a0<\/strong> &#8211; Recomenda\u00a0<span lang=\"pt-BR\">aos Ju\u00edzes de Direito Diretores dos F\u00f3runs, Membros do Minist\u00e9rio P\u00fablico, Advogados, Not\u00e1rios e Registradores, Serventu\u00e1rios e a quem mais possa interessar, que observem o\u00a0<\/span><span lang=\"pt-BR\">expediente\u00a0<\/span><span lang=\"pt-BR\">supracitado<\/span><span lang=\"pt-BR\">\u00a0e adotem as provid\u00eancias que entenderem pertinentes.<\/span><\/p>\n<p style=\"text-align: justify;\"><strong><a href=\"https:\/\/www.tjes.jus.br\/corregedoria\/2018\/12\/06\/oficio-circular-no-195-2018-disp-06-12-2018\/\">Oficio Circular n\u00ba 195\/2018<\/a>\u00a0&#8211; (Disponibilizado em 06\/12\/2018)\u00a0<\/strong> &#8211; Recomenda\u00a0<span lang=\"pt-BR\">aos Ju\u00edzes de Direito Diretores dos F\u00f3runs, Membros do Minist\u00e9rio P\u00fablico, Advogados, Not\u00e1rios e Registradores, Serventu\u00e1rios e a quem mais possa interessar, que observem o\u00a0<\/span><span lang=\"pt-BR\">expediente\u00a0<\/span><span lang=\"pt-BR\">supracitado<\/span><span lang=\"pt-BR\">\u00a0e adotem as provid\u00eancias que entenderem pertinentes.<\/span><\/p>\n<p style=\"text-align: justify;\"><strong><a href=\"https:\/\/www.tjes.jus.br\/corregedoria\/2018\/12\/06\/oficio-circular-no-194-2018-disp-06-12-2018\/\">Oficio Circular n\u00ba 194\/2018<\/a>\u00a0&#8211; (Disponibilizado em 06\/12\/2018)\u00a0<\/strong> &#8211; Recomenda\u00a0<span lang=\"pt-BR\">aos Ju\u00edzes de Direito Diretores dos F<\/span><span lang=\"pt-BR\">oro<\/span><span lang=\"pt-BR\">s, Membros do Minist\u00e9rio P\u00fablico, Advogados, Not\u00e1rios e Registradores, Serventu\u00e1rios e a quem mais possa interessar, que observem o<\/span><span lang=\"pt-BR\">s\u00a0<\/span><span lang=\"pt-BR\">comunicado<\/span><span lang=\"pt-BR\">s\u00a0<\/span><span lang=\"pt-BR\">em anexo<\/span><span lang=\"pt-BR\">, e adotem as provid\u00eancias que entenderem pertinentes.<\/span><\/p>\n<p style=\"text-align: justify;\"><strong><a href=\"https:\/\/www.tjes.jus.br\/corregedoria\/2018\/12\/06\/oficio-circular-no-193-2018-disp-06-12-2018\/\">Oficio Circular n\u00ba 193\/2018<\/a>\u00a0&#8211; (Disponibilizado em 06\/12\/2018)\u00a0<\/strong> &#8211; Recomenda\u00a0<span lang=\"pt-BR\">aos Ju\u00edzes de Direito Diretores dos F\u00f3runs, Membros do Minist\u00e9rio P\u00fablico, Advogados, Not\u00e1rios e Registradores, Serventu\u00e1rios e a quem mais possa interessar, que observem o\u00a0<\/span><span lang=\"pt-BR\">comunicado em anexo,\u00a0<\/span><span lang=\"pt-BR\">e adotem as provid\u00eancias que entenderem pertinentes.<\/span><\/p>\n<p style=\"text-align: justify;\"><strong><a href=\"https:\/\/www.tjes.jus.br\/corregedoria\/2018\/12\/06\/oficio-circular-no-192-2018-disp-06-12-2018\/\">Oficio Circular n\u00ba 192\/2018<\/a>\u00a0&#8211; (Disponibilizado em 06\/12\/2018)\u00a0<\/strong> &#8211; Recomenda\u00a0<span lang=\"pt-BR\">aos Ju\u00edzes de Direito Diretores dos F\u00f3runs, Membros do Minist\u00e9rio P\u00fablico, Advogados, Not\u00e1rios e Registradores, Serventu\u00e1rios e a quem mais possa interessar, que observem o\u00a0<\/span><span lang=\"pt-BR\">expediente<\/span><span lang=\"pt-BR\">supracitado<\/span><span lang=\"pt-BR\">\u00a0e adotem as provid\u00eancias que entenderem pertinentes.<\/span><\/p>\n<p style=\"text-align: justify;\"><strong><a href=\"https:\/\/www.tjes.jus.br\/corregedoria\/2018\/12\/03\/oficio-circular-cmfe-n-o-0199-2018-disp-03-12-2018\/\">Oficio Circular CMFE n.\u00ba 0199\/2018<\/a> &#8211; (Disponibilizado em 03\/12\/2018)<\/strong> &#8211;\u00a0aos Oficiais de Registro e Tabeli\u00e3es do Estado do Esp\u00edrito Santo que o ponto facultativo (sem expediente) previsto para os dias 24 e 31 de dezembro de 2018 no Ato TJES n.\u00ba 077\/2018 englobar\u00e1<span lang=\"pt-BR\">\u00a0o funcionamento das serventias do foro extrajudicial, nos termos do\u00a0<\/span><span lang=\"pt-BR\">\u00a7 3\u00ba do artigo 531 do vigente C\u00f3digo de Normas.<\/span><\/p>\n<p style=\"text-align: justify;\"><strong><a href=\"https:\/\/www.tjes.jus.br\/corregedoria\/2018\/11\/23\/oficio-circular-cgjes-n-o-191-2017-disp-23-11-2018\/\">Oficio Circular n\u00ba 191\/2018<\/a>\u00a0&#8211; (Disponibilizado em 22\/11\/2018)\u00a0<\/strong> &#8211; Dar ci\u00eancia\u00a0<span lang=\"pt-BR\">aos MM. Ju\u00edzes de Direito <\/span><span lang=\"pt-BR\">do Estado do Esp\u00edrito Santo sobre o <\/span><span lang=\"pt-BR\">conte\u00fado d<\/span><span lang=\"pt-BR\">o of\u00edcio n\u00ba <\/span><span lang=\"pt-BR\">0103603-83.2016.8.20.0103-084<\/span><span lang=\"pt-BR\">e da decis\u00e3o <\/span><span lang=\"pt-BR\">proferid<\/span><span lang=\"pt-BR\">a<\/span><span lang=\"pt-BR\"> no bojo da a\u00e7\u00e3o de recupera\u00e7\u00e3o judicial de n\u00ba <\/span><span lang=\"pt-BR\">0103603-83.2016.8.20.0103<\/span><span lang=\"pt-BR\">, <\/span><span lang=\"pt-BR\">em tr\u00e2mite perante a <\/span><span lang=\"pt-BR\">Vara C\u00edvel da Comarca de Currais Novos\/RN<\/span><span lang=\"pt-BR\">, <\/span><span lang=\"pt-BR\">na qual figuram como autora a empresa \u201c<\/span><span lang=\"pt-BR\">A Mar\u00e9 Mansa <\/span><span lang=\"pt-BR\">Com\u00e9rcio de M\u00f3veis e<\/span><span lang=\"pt-BR\"> Eletrodom\u00e9stico LTDA\u201d<\/span><span lang=\"pt-BR\">, <\/span><span lang=\"pt-BR\">onde ficou assentado, entre outros termos, que: <\/span><span lang=\"pt-BR\"><i>\u201c<\/i><\/span><\/p>\n<p style=\"text-align: justify;\"><span lang=\"pt-BR\"><strong><a href=\"https:\/\/www.tjes.jus.br\/corregedoria\/2018\/11\/27\/oficio-circular-no-190-2018-disp-27-11-2018\/\">Oficio Circular n\u00ba 190\/2018<\/a>\u00a0&#8211; (Disponibilizado em 27\/11\/2018)\u00a0<\/strong> &#8211; Recomenda aos Ju\u00edzes de Direito Diretores dos F\u00f3runs, Membros do Minist\u00e9rio P\u00fablico, Advogados, Not\u00e1rios e Registradores, Serventu\u00e1rios e a quem mais possa interessar, que observem o\u00a0<\/span><span lang=\"pt-BR\">expediente\u00a0<\/span><span lang=\"pt-BR\">supracitado<\/span><span lang=\"pt-BR\"> e adotem as provid\u00eancias que entenderem pertinentes.<\/span><\/p>\n<p style=\"text-align: justify;\"><strong><a href=\"https:\/\/www.tjes.jus.br\/corregedoria\/2018\/11\/21\/oficio-circular-no-189-2018-disp-21-11-2018\/\">Oficio Circular n\u00ba 189\/2018<\/a>\u00a0&#8211; (Disponibilizado em 21\/11\/2018)\u00a0<\/strong> &#8211; Recomenda\u00a0<span lang=\"pt-BR\">aos Ju\u00edzes de Direito Diretores dos F\u00f3runs, Membros do Minist\u00e9rio P\u00fablico, Advogados, Not\u00e1rios e Registradores, Serventu\u00e1rios e a quem mais possa interessar, que observem <\/span><span lang=\"pt-BR\">a certid\u00e3o em anex<\/span><span lang=\"pt-BR\">o<\/span><span lang=\"pt-BR\"> e adotem as provid\u00eancias que entenderem pertinentes.<\/span><\/p>\n<p style=\"text-align: justify;\"><strong><a href=\"https:\/\/www.tjes.jus.br\/corregedoria\/2018\/11\/21\/oficio-circular-no-188-2018-disp-21-11-2018\/\">Oficio Circular n\u00ba 188\/2018<\/a>\u00a0&#8211; (Disponibilizado em 21\/11\/2018)\u00a0<\/strong> &#8211; Recomenda\u00a0<span lang=\"pt-BR\">aos Ju\u00edzes de Direito Diretores dos F\u00f3runs, Membros do Minist\u00e9rio P\u00fablico, Advogados, Not\u00e1rios e Registradores, Serventu\u00e1rios e a quem mais possa interessar, que observem <\/span><span lang=\"pt-BR\">a\u00a0<\/span><span lang=\"pt-BR\">certid\u00e3o em anexo<\/span><span lang=\"pt-BR\"> e adotem as provid\u00eancias que entenderem pertinentes.<\/span><\/p>\n<p style=\"text-align: justify;\"><strong><a href=\"https:\/\/www.tjes.jus.br\/corregedoria\/2018\/11\/21\/oficio-circular-no-187-2018-disp-21-11-2018\/\">Oficio Circular n\u00ba 187\/2018<\/a>\u00a0&#8211; (Disponibilizado em 21\/11\/2018)\u00a0<\/strong> &#8211; Recomenda\u00a0<span lang=\"pt-BR\">aos Ju\u00edzes de Direito Diretores dos F\u00f3runs, Membros do Minist\u00e9rio P\u00fablico, Advogados, Not\u00e1rios e Registradores, Serventu\u00e1rios e a quem mais possa interessar, que observem o <\/span><span lang=\"pt-BR\">comunicado em anexo, <\/span><span lang=\"pt-BR\">e adotem as provid\u00eancias que entenderem pertinentes.<\/span><\/p>\n<p style=\"text-align: justify;\"><strong><a href=\"https:\/\/www.tjes.jus.br\/corregedoria\/2018\/11\/21\/oficio-circular-no-186-2018-disp-21-11-2018\/\">Oficio Circular n\u00ba 186\/2018<\/a>\u00a0&#8211; (Disponibilizado em 21\/11\/2018)\u00a0<\/strong> &#8211; Recomenda\u00a0<span lang=\"pt-BR\">aos Ju\u00edzes de Direito Diretores dos F\u00f3runs, Membros do Minist\u00e9rio P\u00fablico, Advogados, Not\u00e1rios e Registradores, Serventu\u00e1rios e a quem mais possa interessar, que observem o <\/span><span lang=\"pt-BR\">comunicado em anexo, <\/span><span lang=\"pt-BR\">e adotem as provid\u00eancias que entenderem pertinentes.<\/span><\/p>\n<p style=\"text-align: justify;\"><strong><a href=\"https:\/\/www.tjes.jus.br\/corregedoria\/2018\/11\/13\/oficio-circular-no-185-2018-disp-13-11-2018\/\">Oficio Circular n\u00ba 185\/2018<\/a>\u00a0&#8211; (Disponibilizado em 13\/11\/2018)\u00a0<\/strong> &#8211; Recomenda\u00a0<span lang=\"pt-BR\">aos Ju\u00edzes de Direito Diretores dos F\u00f3runs, Membros do Minist\u00e9rio P\u00fablico, Advogados, Not\u00e1rios e Registradores, Serventu\u00e1rios e a quem mais possa interessar, que observem o <\/span><span lang=\"pt-BR\">expediente\u00a0<\/span><span lang=\"pt-BR\">supracitado<\/span><span lang=\"pt-BR\"> e adotem as provid\u00eancias que entenderem pertinentes.<\/span><\/p>\n<p style=\"text-align: justify;\"><strong><a href=\"https:\/\/www.tjes.jus.br\/corregedoria\/2018\/11\/12\/oficio-circular-cgjes-no-0184-2018-disp-09-11-2018\/\">Oficio Circular n\u00ba 184\/2018<\/a>\u00a0&#8211; (Disponibilizado em 09\/11\/2018)\u00a0<\/strong> &#8211;\u00a0Orienta\u00a0os Magistrados do Estado do Esp\u00edrito Santo a realizarem, que j\u00e1 est\u00e3o habilitados no sistema, do Provimento do CNJ n.\u00ba 56\/2016 e da disponibilidade do canal de requisi\u00e7\u00e3o online para busca de testamento para instruir invent\u00e1rio em processo que as partes n\u00e3o tenham condi\u00e7\u00f5es de custe\u00e1-lo e s\u00e3o benefici\u00e1rias da assist\u00eancia judici\u00e1ria gratuita.<\/p>\n<p style=\"text-align: justify;\"><strong><a href=\"https:\/\/www.tjes.jus.br\/corregedoria\/2018\/11\/13\/oficio-circular-no-183-2018-disp-13-11-2018\/\">Oficio Circular n\u00ba 183\/2018<\/a>\u00a0&#8211; (Disponibilizado em 13\/11\/2018)\u00a0<\/strong> &#8211; Recomenda\u00a0<span lang=\"pt-BR\">aos Ju\u00edzes de Direito Diretores dos F\u00f3runs, Membros do Minist\u00e9rio P\u00fablico, Advogados, Not\u00e1rios e Registradores, Serventu\u00e1rios e a quem mais possa interessar, que observem o <\/span><span lang=\"pt-BR\">expediente<\/span><span lang=\"pt-BR\">supracitado<\/span><span lang=\"pt-BR\"> e adotem as provid\u00eancias que entenderem pertinentes.<\/span><\/p>\n<p style=\"text-align: justify;\"><strong><a href=\"https:\/\/www.tjes.jus.br\/corregedoria\/2018\/11\/13\/oficio-circular-no-182-2018-disp-13-11-2018\/\">Oficio Circular n\u00ba 182\/2018<\/a>\u00a0&#8211; (Disponibilizado em 13\/11\/2018)\u00a0<\/strong> &#8211; Recomenda\u00a0<span lang=\"pt-BR\">aos Ju\u00edzes de Direito Diretores dos F\u00f3runs, Membros do Minist\u00e9rio P\u00fablico, Advogados, Not\u00e1rios e Registradores, Serventu\u00e1rios e a quem mais possa interessar, que observem o <\/span><span lang=\"pt-BR\">expediente<\/span><span lang=\"pt-BR\">supracitado<\/span><span lang=\"pt-BR\"> e adotem as provid\u00eancias que entenderem pertinentes.<\/span><\/p>\n<p style=\"text-align: justify;\"><strong><a href=\"https:\/\/www.tjes.jus.br\/corregedoria\/2018\/11\/13\/oficio-circular-no-180-2018-disp-13-11-2018\/\">Oficio Circular n\u00ba 180\/2018<\/a>\u00a0&#8211; (Disponibilizado em 13\/11\/2018)\u00a0<\/strong> &#8211; Recomenda\u00a0<span lang=\"pt-BR\">aos Ju\u00edzes de Direito Diretores dos F\u00f3runs, Membros do Minist\u00e9rio P\u00fablico, Advogados, Not\u00e1rios e Registradores, Serventu\u00e1rios e a quem mais possa interessar, que observem <\/span><span lang=\"pt-BR\">a<\/span><span lang=\"pt-BR\">certid\u00e3o<\/span><span lang=\"pt-BR\">, <\/span><span lang=\"pt-BR\">em anexo,<\/span><span lang=\"pt-BR\">supracitado<\/span><span lang=\"pt-BR\"> e adotem as provid\u00eancias que entenderem pertinentes.<\/span><\/p>\n<p style=\"text-align: justify;\"><strong><a href=\"https:\/\/www.tjes.jus.br\/corregedoria\/2018\/11\/13\/oficio-circular-no-179-2018-disp-13-11-2018\/\">Oficio Circular n\u00ba 179\/2018<\/a>\u00a0&#8211; (Disponibilizado em 13\/11\/2018)\u00a0<\/strong> &#8211; Recomenda\u00a0<span lang=\"pt-BR\">aos Ju\u00edzes de Direito Diretores dos F\u00f3runs, Membros do Minist\u00e9rio P\u00fablico, Advogados, Not\u00e1rios e Registradores, Serventu\u00e1rios e a quem mais possa interessar, que observem o Of\u00edcio <\/span><span lang=\"pt-BR\">supracitado<\/span><span lang=\"pt-BR\"> e adotem as provid\u00eancias que entenderem pertinentes.<\/span><\/p>\n<p style=\"text-align: justify;\"><strong><a href=\"https:\/\/www.tjes.jus.br\/corregedoria\/2018\/11\/13\/oficio-circular-no-178-2018-disp-13-11-2018\/\">Oficio Circular n\u00ba 178\/2018<\/a>\u00a0&#8211; (Disponibilizado em 13\/11\/2018)\u00a0<\/strong> &#8211;\u00a0Recomenda\u00a0<span lang=\"pt-BR\">aos Ju\u00edzes de Direito Diretores dos F\u00f3runs, Membros do Minist\u00e9rio P\u00fablico, Advogados, Not\u00e1rios e Registradores, Serventu\u00e1rios e a quem mais possa interessar, que observem o <\/span><span lang=\"pt-BR\">expediente\u00a0<\/span><span lang=\"pt-BR\">supracitado<\/span><span lang=\"pt-BR\"> e adotem as provid\u00eancias que entenderem pertinentes.<\/span><\/p>\n<p style=\"text-align: justify;\"><strong><a href=\"https:\/\/www.tjes.jus.br\/corregedoria\/2018\/11\/05\/oficio-circular-processo-sei-7004307-49-2018-8-08-000-no-16-2018\/\">Oficio Circular n\u00ba 17\/2018 &#8211; Processo SEI: <span lang=\"pt-BR\">7004307-49.2018.8.08.000<\/span><\/a>\u00a0&#8211; (Disponibilizado em 05\/11\/2018)\u00a0<\/strong> &#8211;\u00a0Recomenda\u00a0<span lang=\"pt-BR\">aos Ju\u00edzes de Direito Diretores dos Foros, Membros do Minist\u00e9rio P\u00fablico, Advogados, Not\u00e1rios e Registradores, Serventu\u00e1rios e a quem mais possa interessar, que observem os comunicados em anexo, e adotem as provid\u00eancias que entenderem pertinentes.<\/span><\/p>\n<p style=\"text-align: justify;\"><strong><a href=\"https:\/\/www.tjes.jus.br\/corregedoria\/2018\/11\/05\/oficio-circular-processo-sei-7003371-24-2018-8-08-000-no-16-2018\/\">Oficio Circular n\u00ba 16\/2018 &#8211; Processo SEI: <span lang=\"pt-BR\"> 7003371-24.2018.8.08.000<\/span><\/a>\u00a0&#8211; (Disponibilizado em 05\/11\/2018)\u00a0<\/strong> &#8211;\u00a0Recomenda\u00a0<span lang=\"pt-BR\">aos Ju\u00edzes de Direito Diretores dos Foros, Membros do Minist\u00e9rio P\u00fablico, Advogados, Not\u00e1rios e Registradores, Serventu\u00e1rios e a quem mais possa interessar, que observem os comunicados em anexo, e adotem as provid\u00eancias que entenderem pertinentes.<\/span><\/p>\n<p style=\"text-align: justify;\"><strong><a href=\"https:\/\/www.tjes.jus.br\/corregedoria\/2018\/11\/05\/oficio-circular-processo-sei-7004203-57-2018-8-08-000-no-15-2018\/\">Oficio Circular n\u00ba 15\/2018 &#8211; Processo SEI: <span lang=\"pt-BR\">7004203-57.2018.8.08.000<\/span><\/a>\u00a0&#8211; (Disponibilizado em 05\/11\/2018)\u00a0<\/strong> &#8211;\u00a0Recomenda\u00a0<span lang=\"pt-BR\">aos Ju\u00edzes de Direito Diretores dos Foros, Membros do Minist\u00e9rio P\u00fablico, Advogados, Not\u00e1rios e Registradores, Serventu\u00e1rios e a quem mais possa interessar, que observem os comunicados em anexo, e adotem as provid\u00eancias que entenderem pertinentes.<\/span><\/p>\n<p style=\"text-align: justify;\"><strong><a href=\"https:\/\/www.tjes.jus.br\/corregedoria\/2018\/11\/05\/oficio-circular-processo-sei-7004205-27-2018-8-08-000-no-14-2018\/\">Oficio Circular n\u00ba 14\/2018 &#8211; Processo SEI: <span lang=\"pt-BR\">7004205-27.2018.8.08.000<\/span><\/a> &#8211; (Disponibilizado em 05\/11\/2018)\u00a0<\/strong> &#8211; Recomenda\u00a0<span lang=\"pt-BR\">aos Ju\u00edzes de Direito Diretores dos Foros, Membros do Minist\u00e9rio P\u00fablico, Advogados, Not\u00e1rios e Registradores, Serventu\u00e1rios e a quem mais possa interessar, que observem os comunicados em anexo, e adotem as provid\u00eancias que entenderem pertinentes.<\/span><\/p>\n<p style=\"text-align: justify;\"><strong><a href=\"https:\/\/www.tjes.jus.br\/corregedoria\/2018\/11\/05\/oficio-circular-processo-sei-7004209-64-2018-8-08-000-no-13-2018\/\">Oficio Circular n\u00ba 13\/2018 &#8211; Processo SEI: 7004209-64.2018.8.08.000\u00a0<\/a>&#8211; (Disponibilizado em 05\/11\/2018)\u00a0<\/strong> &#8211; Recomenda\u00a0<span lang=\"pt-BR\">aos Ju\u00edzes de Direito Diretores dos Foros, Membros do Minist\u00e9rio P\u00fablico, Advogados, Not\u00e1rios e Registradores, Serventu\u00e1rios e a quem mais possa interessar, que observem os comunicados em anexo, e adotem as provid\u00eancias que entenderem pertinentes.<\/span><\/p>\n<p style=\"text-align: justify;\"><strong><a href=\"https:\/\/www.tjes.jus.br\/corregedoria\/2018\/10\/31\/oficio-circular-no-177-2018-disp-29-10-2018\/\">Oficio Circular n\u00ba 177\/2018<\/a> (Disponibilizado em 29\/10\/2018)\u00a0<\/strong>\u2013 Recomenda\u00a0aos Ju\u00edzes de Direito Diretores dos F\u00f3runs, Membros do Minist\u00e9rio P\u00fablico, Advogados, Not\u00e1rios e Registradores, Serventu\u00e1rios e a quem mais possa interessar, que observem o expediente supracitado e adotem as provid\u00eancias que entenderem pertinentes.<\/p>\n<p style=\"text-align: justify;\"><strong><a href=\"https:\/\/www.tjes.jus.br\/corregedoria\/2018\/10\/31\/oficio-circular-no-176-2018-disp-29-10-2018\/\">Oficio Circular n\u00ba 176\/2018 <\/a>(Disponibilizado em 29\/10\/2018)\u00a0<\/strong>\u2013 Recomenda\u00a0aos Ju\u00edzes de Direito Diretores dos Foros, Membros do Minist\u00e9rio P\u00fablico, Advogados, Not\u00e1rios e Registradores, Serventu\u00e1rios e a quem mais possa interessar, que observem os comunicados em anexo, e adotem as provid\u00eancias que entenderem pertinentes.<\/p>\n<p style=\"text-align: justify;\"><strong><a href=\"https:\/\/www.tjes.jus.br\/corregedoria\/2018\/10\/31\/oficio-circular-no-175-2018-disp-29-10-2018\/\">Oficio Circular n\u00ba 175\/2018<\/a> (Disponibilizado em 29\/10\/2018)\u00a0<\/strong>\u2013 Recomenda aos Ju\u00edzes de Direito Diretores dos F\u00f3runs, Membros do Minist\u00e9rio P\u00fablico, Advogados, Not\u00e1rios e Registradores, Serventu\u00e1rios e a quem mais possa interessar, que observem o comunicado, em anexo, e adotem as provid\u00eancias que entenderem pertinentes.<\/p>\n<p style=\"text-align: justify;\"><strong><a href=\"https:\/\/www.tjes.jus.br\/corregedoria\/2018\/10\/31\/25325\/\">Oficio Circular n\u00ba 174\/2018<\/a> (Disponibilizado em 29\/10\/2018)\u00a0<\/strong>\u2013 Recomenda\u00a0aos Ju\u00edzes de Direito Diretores dos F\u00f3runs, Membros do Minist\u00e9rio P\u00fablico, Advogados, Not\u00e1rios e Registradores, Serventu\u00e1rios e a quem mais possa interessar, que observem o expediente supracitado e adotem as provid\u00eancias que entenderem pertinentes.<\/p>\n<p style=\"text-align: justify;\"><strong><a href=\"https:\/\/www.tjes.jus.br\/corregedoria\/2018\/10\/31\/oficio-circular-no-173-2018-disp-29-10-2018\/\">Oficio Circular n\u00ba 173\/2018 <\/a>(Disponibilizado em 29\/10\/2018)\u00a0<\/strong>\u2013 Recomenda\u00a0aos Ju\u00edzes de Direito Diretores dos F\u00f3runs, Membros do Minist\u00e9rio P\u00fablico, Advogados, Not\u00e1rios e Registradores, Serventu\u00e1rios e a quem mais possa interessar, que observem o expediente supracitado e adotem as provid\u00eancias que entenderem pertinentes.<\/p>\n<p style=\"text-align: justify;\"><strong><a href=\"https:\/\/www.tjes.jus.br\/corregedoria\/2018\/10\/23\/oficio-circular-no-12-2018-processo-sei-7003176-39-2018-8-08-000-disp-23-10-2018\/\">Oficio Circular n\u00ba 12\/2018 &#8211; Processo SEI: 7003176-39.2018.8.08.000<\/a>\u00a0&#8211; (Disponibilizado em 23\/10\/2018)\u00a0<\/strong>\u2013\u00a0Recomenda\u00a0aos Ju\u00edzes de Direito Diretores dos Foros, Membros do Minist\u00e9rio P\u00fablico, Advogados, Not\u00e1rios e Registradores, Serventu\u00e1rios e a quem mais possa interessar, que observem os comunicados em anexo, e adotem as provid\u00eancias que entenderem pertinentes.<\/p>\n<p style=\"text-align: justify;\"><strong><a href=\"https:\/\/www.tjes.jus.br\/corregedoria\/2018\/10\/23\/oficio-circular-no-11-2018-processo-sei-7002898-32-2018-8-08-000-disp-23-10-2018\/\">Oficio Circular n\u00ba 11\/2018 &#8211; Processo SEI: 7002898-32.2018.8.08.000<\/a>\u00a0&#8211; (Disponibilizado em 23\/10\/2018)\u00a0<\/strong>\u2013 Recomenda\u00a0aos Ju\u00edzes de Direito Diretores dos Foros, Membros do Minist\u00e9rio P\u00fablico, Advogados, Not\u00e1rios e Registradores, Serventu\u00e1rios e a quem mais possa interessar, que observem os comunicados em anexo, e adotem as provid\u00eancias que entenderem pertinentes.<\/p>\n<p style=\"text-align: justify;\"><strong><a href=\"https:\/\/www.tjes.jus.br\/corregedoria\/2018\/10\/23\/oficio-circular-no-10-2018-processo-sei-7001844-37-2018-8-08-000-disp-23-10-2018\/\">Oficio Circular n\u00ba 10\/2018 &#8211; Processo SEI: 7001844-37.2018.8.08.000<\/a> &#8211; (Disponibilizado em 23\/10\/2018)\u00a0<\/strong>\u2013 Recomenda\u00a0aos Ju\u00edzes de Direito Diretores dos Foros, Membros do Minist\u00e9rio P\u00fablico, Advogados, Not\u00e1rios e Registradores, Serventu\u00e1rios e a quem mais possa interessar, que observem os comunicados em anexo, e adotem as provid\u00eancias que entenderem pertinentes.<\/p>\n<p style=\"text-align: justify;\"><strong><a href=\"https:\/\/www.tjes.jus.br\/corregedoria\/2018\/10\/23\/oficio-circular-no-172-2018-disp-23-10-2018\/\">Oficio Circular n\u00ba 172\/2018<\/a> (Disponibilizado em 23\/10\/2018)\u00a0<\/strong>\u2013 Recomenda\u00a0aos Ju\u00edzes de Direito Diretores dos F\u00f3runs, Membros do Minist\u00e9rio P\u00fablico, Advogados, Not\u00e1rios e Registradores, Serventu\u00e1rios e a quem mais possa interessar, que observem o expediente supracitado e adotem as provid\u00eancias que entenderem pertinentes.<\/p>\n<p style=\"text-align: justify;\"><strong><a href=\"https:\/\/www.tjes.jus.br\/corregedoria\/2018\/10\/23\/oficio-circular-no-171-2018-disp-23-10-2018\/\">Oficio Circular n\u00ba 171\/2018<\/a> (Disponibilizado em 23\/10\/2018)\u00a0<\/strong>\u2013 Recomenda\u00a0aos Ju\u00edzes de Direito Diretores dos F\u00f3runs, Membros do Minist\u00e9rio P\u00fablico, Advogados, Not\u00e1rios e Registradores, Serventu\u00e1rios e a quem mais possa interessar, que observem o expediente supracitado e adotem as provid\u00eancias que entenderem pertinentes.<\/p>\n<p style=\"text-align: justify;\"><strong><a href=\"https:\/\/www.tjes.jus.br\/corregedoria\/2018\/10\/23\/oficio-circular-no-170-2018-disp-23-10-2018\/\">Oficio Circular n\u00ba 170\/2018<\/a> (Disponibilizado em 23\/10\/2018)\u00a0<\/strong>\u2013 Recomenda\u00a0aos Ju\u00edzes de Direito Diretores dos F\u00f3runs, Membros do Minist\u00e9rio P\u00fablico, Advogados, Not\u00e1rios e Registradores, Serventu\u00e1rios e a quem mais possa interessar, que observem o expediente, em anexo, supracitado e adotem as provid\u00eancias que entenderem pertinentes.<\/p>\n<p style=\"text-align: justify;\"><strong><a href=\"https:\/\/www.tjes.jus.br\/corregedoria\/2018\/10\/23\/oficio-circular-no-169-2018-disp-23-10-2018\/\">Oficio Circular n\u00ba 169\/2018<\/a> (Disponibilizado em 23\/10\/2018)\u00a0<\/strong>\u2013 Recomenda\u00a0aos Ju\u00edzes de Direito Diretores dos F\u00f3runs, Membros do Minist\u00e9rio P\u00fablico, Advogados, Not\u00e1rios e Registradores, Serventu\u00e1rios e a quem mais possa interessar, que observem o expediente, em anexo, supracitado e adotem as provid\u00eancias que entenderem pertinentes.<\/p>\n<p style=\"text-align: justify;\"><strong><a href=\"https:\/\/www.tjes.jus.br\/corregedoria\/2018\/10\/23\/oficio-circular-no-168-2018-disp-23-10-2018\/\">Oficio Circular n\u00ba 168\/2018<\/a> (Disponibilizado em 23\/10\/2018)\u00a0<\/strong>\u2013 Recomenda\u00a0aos Ju\u00edzes de Direito Diretores dos F\u00f3runs, Membros do Minist\u00e9rio P\u00fablico, Advogados, Not\u00e1rios e Registradores, Serventu\u00e1rios e a quem mais possa interessar, que observem o comunicado em anexo, e adotem as provid\u00eancias que entenderem pertinentes.<\/p>\n<p style=\"text-align: justify;\"><strong><a href=\"https:\/\/www.tjes.jus.br\/corregedoria\/2018\/10\/23\/oficio-circular-no-167-2018-disp-23-10-2018\/\">Oficio Circular n\u00ba 167\/2018<\/a> (Disponibilizado em 23\/10\/2018)\u00a0<\/strong>\u2013 Recomenda\u00a0aos Ju\u00edzes de Direito Diretores dos F\u00f3runs, Membros do Minist\u00e9rio P\u00fablico, Advogados, Not\u00e1rios e Registradores, Serventu\u00e1rios e a quem mais possa interessar, que observem o comunicado em anexo, e adotem as provid\u00eancias que entenderem pertinentes.<\/p>\n<p style=\"text-align: justify;\"><strong><a href=\"https:\/\/www.tjes.jus.br\/corregedoria\/2018\/10\/23\/oficio-circular-no-166-2018-disp-23-10-2018\/\">Oficio Circular n\u00ba 166\/2018<\/a> (Disponibilizado em 23\/10\/2018)\u00a0<\/strong>\u2013 \u00a0Recomenda\u00a0aos Ju\u00edzes de Direito Diretores dos F\u00f3runs, Membros do Minist\u00e9rio P\u00fablico, Advogados, Not\u00e1rios e Registradores, Serventu\u00e1rios e a quem mais possa interessar, que observem o expediente supracitado e adotem as provid\u00eancias que entenderem pertinentes.<\/p>\n<p style=\"text-align: justify;\"><strong><a href=\"https:\/\/www.tjes.jus.br\/corregedoria\/2018\/10\/23\/oficio-circular-no-165-2018-disp-23-10-2018\/\">Oficio Circular n\u00ba 165\/2018<\/a> (Disponibilizado em 23\/10\/2018)\u00a0<\/strong>\u2013 Recomenda\u00a0aos Ju\u00edzes de Direito Diretores dos F\u00f3runs, Membros do Minist\u00e9rio P\u00fablico, Advogados, Not\u00e1rios e Registradores, Serventu\u00e1rios e a quem mais possa interessar, que observem o comunicado, em anexo, e adotem as provid\u00eancias que entenderem pertinentes.<\/p>\n<p style=\"text-align: justify;\"><strong><a href=\"https:\/\/www.tjes.jus.br\/corregedoria\/2018\/10\/16\/oficio-circular-cgjes-no-164-2018-disp-16-10-2018\/\">Oficio Circular n\u00ba 164\/2018 <\/a>(Disponibilizado em 16\/10\/2018)\u00a0<\/strong>\u2013 Dar ci\u00eancia\u00a0aos Oficiais de Registro Civil de Pessoas Naturais do Estado do Esp\u00edrito Santo da publica\u00e7\u00e3o do Provimento n.\u00ba 73\/2018 da Corregedoria Nacional de Justi\u00e7a, que estabelece sobre a averba\u00e7\u00e3o da altera\u00e7\u00e3o do prenome e do g\u00eanero nos assentos de nascimento e casamento de pessoa transg\u00eanero no Registro Civil das Pessoas Naturais (RCPN).<\/p>\n<p><strong><a href=\"https:\/\/www.tjes.jus.br\/corregedoria\/2018\/10\/10\/oficio-circular-cgjes-0055292-7003206-74-2018-8-08-0000-disp-10-10-2018\/\">Oficio Circular CGJES\u00a00055292\/7003206-74.2018.8.08.0000<\/a> (Disponibilizado em 10\/10\/2018)\u00a0<\/strong>\u2013 Dar ci\u00eancia\u00a0a todos os Magistrado com compet\u00eancia c\u00edvel do Estado do Esp\u00edrito Santo da decis\u00e3o prolatada e da certid\u00e3o exarada nos autos do processo n\u00ba 0006576-12.2017.8.01.0001, da 2\u00aa Vara C\u00edvel da Comarca de Rio Branco\/AC, que se encontram em anexo, encaminhadas pela Exma. Corregedora Geral da Justi\u00e7a do Estado do Acre.<\/p>\n<p style=\"text-align: justify;\"><strong><a href=\"https:\/\/www.tjes.jus.br\/corregedoria\/2018\/10\/10\/oficio-circular-no-9-2018-secao-de-monitoramento-de-foro-extrajudicial-disp-10-10-2018\/\">Oficio Circular n\u00ba 9\/2018 &#8211; Se\u00e7\u00e3o de Monitoramento de Foro Extrajudicial\u00a0\u00a0<\/a>(Disponibilizado em 10\/10\/2018)\u00a0<\/strong>\u2013 Recomenda\u00a0<span lang=\"pt-BR\">aos Ju\u00edzes de Direito Diretores dos Foros, Membros do Minist\u00e9rio P\u00fablico, Advogados, Not\u00e1rios e Registradores, Serventu\u00e1rios e a quem mais possa interessar, que observem os comunicados em anexo, e adotem as provid\u00eancias que entenderem pertinentes.<\/span><\/p>\n<p style=\"text-align: justify;\"><strong><a href=\"https:\/\/www.tjes.jus.br\/corregedoria\/2018\/10\/10\/oficio-circular-no-8-2018-secao-de-monitoramento-de-foro-extrajudicial-disp-10-10-2018\/\">Oficio Circular n\u00ba 8\/2018 &#8211; Se\u00e7\u00e3o de Monitoramento de Foro Extrajudicial\u00a0<\/a>\u00a0(Disponibilizado em 10\/10\/2018)\u00a0<\/strong>\u2013 Recomenda <span lang=\"pt-BR\">aos Ju\u00edzes de Direito Diretores dos Foros, Membros do Minist\u00e9rio P\u00fablico, Advogados, Not\u00e1rios e Registradores, Serventu\u00e1rios e a quem mais possa interessar, que observem os comunicados em anexo, e adotem as provid\u00eancias que entenderem pertinentes.<\/span><\/p>\n<p style=\"text-align: justify;\"><strong><a href=\"https:\/\/www.tjes.jus.br\/corregedoria\/2018\/10\/09\/oficio-circular-n-o-0162-2018-disp-09-10-2018\/\">Oficio Circular n\u00ba 162\/2018<\/a> (Disponibilizado em 09\/10\/2018)\u00a0<\/strong>\u2013\u00a0Recomenda\u00a0aos Ju\u00edzes de Direito Diretores dos Foros, Membros do Minist\u00e9rio P\u00fablico, Advogados, Not\u00e1rios e Registradores, Serventu\u00e1rios e a quem mais possa interessar, que observem os comunicados em anexo, e adotem as provid\u00eancias que entenderem pertinentes.<\/p>\n<p style=\"text-align: justify;\"><strong><a href=\"https:\/\/www.tjes.jus.br\/corregedoria\/2018\/10\/10\/oficio-circular-no-159-2018-disp-10-10-2018\/\">Oficio Circular n\u00ba 159\/2018<\/a> (Disponibilizado em 10\/10\/2018)\u00a0<\/strong>\u2013 Recomenda\u00a0aos Ju\u00edzes de Direito Diretores dos F\u00f3runs, Membros do Minist\u00e9rio P\u00fablico, Advogados, Not\u00e1rios e Registradores, Serventu\u00e1rios e a quem mais possa interessar, que observem o comunicado em anexo, e adotem as provid\u00eancias que entenderem pertinentes.<\/p>\n<p style=\"text-align: justify;\"><strong><a href=\"https:\/\/www.tjes.jus.br\/corregedoria\/2018\/10\/10\/oficio-circular-no-158-2018-disp-10-10-2018\/\">Oficio Circular n\u00ba 158\/2018<\/a> (Disponibilizado em 10\/10\/2018)\u00a0<\/strong>\u2013 Recomenda\u00a0aos Ju\u00edzes de Direito Diretores dos F\u00f3runs, Membros do Minist\u00e9rio P\u00fablico, Advogados, Not\u00e1rios e Registradores, Serventu\u00e1rios e a quem mais possa interessar, que observem o comunicado em anexo, e adotem as provid\u00eancias que entenderem pertinentes.<\/p>\n<p style=\"text-align: justify;\"><strong><a href=\"https:\/\/www.tjes.jus.br\/corregedoria\/2018\/10\/10\/oficio-circular-no-157-2018-disp-10-10-2018\/\">Oficio Circular n\u00ba 157\/2018<\/a> (Disponibilizado em 10\/10\/2018)\u00a0<\/strong>\u2013 Recomenda\u00a0aos Ju\u00edzes de Direito Diretores dos F\u00f3runs, Membros do Minist\u00e9rio P\u00fablico, Advogados, Not\u00e1rios e Registradores, Serventu\u00e1rios e a quem mais possa interessar, que observem o comunicado em anexo, e adotem as provid\u00eancias que entenderem pertinentes.<\/p>\n<p style=\"text-align: justify;\"><strong><a href=\"https:\/\/www.tjes.jus.br\/corregedoria\/2018\/10\/09\/oficio-circular-no-156-2018-disp-09-10-2018\/\">Oficio Circular n\u00ba 156\/2018<\/a> (Disponibilizado em 09\/10\/2018)\u00a0<\/strong>\u2013\u00a0Recomenda\u00a0aos Ju\u00edzes de Direito Diretores dos F\u00f3runs, Membros do Minist\u00e9rio P\u00fablico, Advogados, Not\u00e1rios e Registradores, Serventu\u00e1rios e a quem mais possa interessar, que observem o comunicado em anexo, e adotem as provid\u00eancias que entenderem pertinentes.<\/p>\n<p style=\"text-align: justify;\"><strong><a href=\"https:\/\/www.tjes.jus.br\/corregedoria\/2018\/10\/09\/oficio-circular-no-155-2018-disp-09-10-2018\/\">Oficio Circular n\u00ba 155\/2018<\/a> (Disponibilizado em 09\/10\/2018)\u00a0<\/strong>\u2013\u00a0Recomenda\u00a0aos Ju\u00edzes de Direito Diretores dos F\u00f3runs, Membros do Minist\u00e9rio P\u00fablico, Advogados, Not\u00e1rios e Registradores, Serventu\u00e1rios e a quem mais possa interessar, que observem o expediente supracitado e adotem as provid\u00eancias que entenderem pertinentes.<\/p>\n<p style=\"text-align: justify;\"><strong><a href=\"https:\/\/www.tjes.jus.br\/corregedoria\/2018\/10\/09\/oficio-circular-no-154-2018-disp-09-10-2018\/\">Oficio Circular n\u00ba 154\/2018<\/a> (Disponibilizado em 09\/10\/2018)\u00a0<\/strong>\u2013\u00a0Recomenda\u00a0aos Ju\u00edzes de Direito Diretores dos F\u00f3runs, Membros do Minist\u00e9rio P\u00fablico, Advogados, Not\u00e1rios e Registradores, Serventu\u00e1rios e a quem mais possa interessar, que observem o comunicado, em anexo, e adotem as provid\u00eancias que entenderem pertinentes.<\/p>\n<p style=\"text-align: justify;\"><strong><a href=\"https:\/\/www.tjes.jus.br\/corregedoria\/2018\/10\/09\/oficio-circular-no-153-2018-disp-09-10-2018\/\">Oficio Circular n\u00ba 153\/2018<\/a> (Disponibilizado em 09\/10\/2018)\u00a0<\/strong>\u2013\u00a0Recomenda\u00a0aos Ju\u00edzes de Direito Diretores dos F\u00f3runs, Membros do Minist\u00e9rio P\u00fablico, Advogados, Not\u00e1rios e Registradores, Serventu\u00e1rios e a quem mais possa interessar, que observem o expediente supracitado e adotem as provid\u00eancias que entenderem pertinentes.<\/p>\n<p style=\"text-align: justify;\"><strong><a href=\"https:\/\/www.tjes.jus.br\/corregedoria\/2018\/10\/09\/oficio-circular-no-152-2018-disp-09-10-2018\/\">Oficio Circular n\u00ba 152\/2018<\/a> (Disponibilizado em 09\/10\/2018)\u00a0<\/strong>\u2013\u00a0Recomenda\u00a0aos Ju\u00edzes de Direito Diretores dos F\u00f3runs, Membros do Minist\u00e9rio P\u00fablico, Advogados, Not\u00e1rios e Registradores, Serventu\u00e1rios e a quem mais possa interessar, que observem o expediente supracitado e adotem as provid\u00eancias que entenderem pertinentes.<\/p>\n<p style=\"text-align: justify;\"><strong><a href=\"https:\/\/www.tjes.jus.br\/corregedoria\/2018\/10\/09\/oficio-circular-no-151-2018-disp-09-10-2018\/\">Oficio Circular n\u00ba 151\/2018<\/a> (Disponibilizado em 09\/10\/2018)\u00a0<\/strong>\u2013 Recomenda\u00a0aos Ju\u00edzes de Direito Diretores dos F\u00f3runs, Membros do Minist\u00e9rio P\u00fablico, Advogados, Not\u00e1rios e Registradores, Serventu\u00e1rios e a quem mais possa interessar, que observem o comunicado em anexo, e adotem as provid\u00eancias que entenderem pertinentes.<\/p>\n<p style=\"text-align: justify;\"><strong><a href=\"https:\/\/www.tjes.jus.br\/corregedoria\/2018\/10\/09\/oficio-circular-no-150-2018-disp-09-10-2018\/\">Oficio Circular n\u00ba 150\/2018<\/a> (Disponibilizado em 09\/10\/2018)\u00a0<\/strong>\u2013 Recomenda\u00a0aos Ju\u00edzes de Direito Diretores dos F\u00f3runs, Membros do Minist\u00e9rio P\u00fablico, Advogados, Not\u00e1rios e Registradores, Serventu\u00e1rios e a quem mais possa interessar, que observem a certid\u00e3o, em anexo, e adotem as provid\u00eancias que entenderem pertinentes.<\/p>\n<p style=\"text-align: justify;\"><strong><a href=\"https:\/\/www.tjes.jus.br\/corregedoria\/2018\/10\/09\/oficio-circular-no-149-2018-disp-09-10-2018\/\">Oficio Circular n\u00ba 149\/2018<\/a> (Disponibilizado em 09\/10\/2018)\u00a0<\/strong>\u2013 Recomenda\u00a0aos Ju\u00edzes de Direito Diretores dos F\u00f3runs, Membros do Minist\u00e9rio P\u00fablico, Advogados, Not\u00e1rios e Registradores, Serventu\u00e1rios e a quem mais possa interessar, que observem o expediente supracitado e adotem as provid\u00eancias que entenderem pertinentes.<\/p>\n<p style=\"text-align: justify;\"><strong><a href=\"https:\/\/www.tjes.jus.br\/corregedoria\/2018\/10\/09\/oficio-circular-no-148-2018-disp-09-10-2018\/\">Oficio Circular n\u00ba 148\/2018<\/a> (Disponibilizado em 09\/10\/2018)\u00a0<\/strong>\u2013 Recomenda\u00a0aos Ju\u00edzes de Direito Diretores dos F\u00f3runs, Membros do Minist\u00e9rio P\u00fablico, Advogados, Not\u00e1rios e Registradores, Serventu\u00e1rios e a quem mais possa interessar, que observem o expediente supracitado e adotem as provid\u00eancias que entenderem pertinentes<\/p>\n<p style=\"text-align: justify;\"><strong><a href=\"https:\/\/www.tjes.jus.br\/corregedoria\/2018\/10\/09\/oficio-circular-no-147-2018-disp-09-10-2018\/\">Oficio Circular n\u00ba 147\/2018<\/a> (Disponibilizado em 09\/10\/2018)\u00a0<\/strong>\u2013 Recomenda\u00a0aos Ju\u00edzes de Direito Diretores dos F\u00f3runs, Membros do Minist\u00e9rio P\u00fablico, Advogados, Not\u00e1rios e Registradores, Serventu\u00e1rios e a quem mais possa interessar, que observem o expediente supracitado e adotem as provid\u00eancias que entenderem pertinentes.<\/p>\n<p style=\"text-align: justify;\"><strong><a href=\"https:\/\/www.tjes.jus.br\/corregedoria\/2018\/10\/09\/oficio-circular-no-146-2018-disp-09-10-2018\/\">Oficio Circular n\u00ba 146\/2018<\/a> (Disponibilizado em 09\/10\/2018)\u00a0<\/strong>\u2013 Recomenda\u00a0aos Ju\u00edzes de Direito Diretores dos F\u00f3runs, Membros do Minist\u00e9rio P\u00fablico, Advogados, Not\u00e1rios e Registradores, Serventu\u00e1rios e a quem mais possa interessar, que observem a certid\u00e3o, em anexo, e adotem as provid\u00eancias que entenderem pertinentes.<\/p>\n<p style=\"text-align: justify;\"><strong><a href=\"https:\/\/www.tjes.jus.br\/corregedoria\/2018\/10\/05\/oficio-circular-no-2-2018-assessoria-juridica-da-corregedoria-disp-05-10-2018\/\">Of\u00edcio Circular n\u00ba 2\/2018 &#8211; Assessoria Jur\u00eddica da Corregedoria\u00a0<\/a>(Disponibilizado em 05\/10\/2018)\u00a0<\/strong>&#8211; Recomenda\u00a0aos Ju\u00edzes de Direito Diretores dos Foros, Membros do Minist\u00e9rio P\u00fablico, Advogados, Not\u00e1rios e Registradores, Serventu\u00e1rios e a quem mais possa interessar, que observem os comunicados em anexo, e adotem as provid\u00eancias que entenderem pertinentes.<\/p>\n<p style=\"text-align: justify;\"><strong><a href=\"https:\/\/www.tjes.jus.br\/corregedoria\/2018\/10\/03\/oficio-circular-no-7-2018-secao-de-monitoramento-de-foro-extrajudicial-disp-03-10-2018\/\">Of\u00edcio Circular n\u00ba 7\/2018 &#8211; Se\u00e7\u00e3o de Monitoramento de Foro Extrajudicial<\/a>\u00a0(Disponibilizado em 03\/10\/2018)\u00a0<\/strong>&#8211; Recomenda\u00a0<span lang=\"pt-BR\">aos Ju\u00edzes de Direito Diretores dos Foros, Membros do Minist\u00e9rio P\u00fablico,\u00a0Advogados, Not\u00e1rios e Registradores, Serventu\u00e1rios e a quem mais possa interessar, que observem os comunicados em anexo, e adotem as provid\u00eancias que entenderem pertinentes.<\/span><\/p>\n<p style=\"text-align: justify;\"><strong><a href=\"https:\/\/www.tjes.jus.br\/corregedoria\/2018\/10\/04\/oficio-circular-no-5-2018-secao-de-monitoramento-de-foro-extrajudicial-disp-04-10-2018\/\">Of\u00edcio Circular n\u00ba 5\/2018 &#8211; Se\u00e7\u00e3o de Monitoramento de Foro Extrajudicial\u00a0<\/a>(Disponibilizado em 04\/10\/2018)\u00a0<\/strong>&#8211; Recomenda\u00a0aos Ju\u00edzes de Direito Diretores dos Foros, Membros do Minist\u00e9rio P\u00fablico, Advogados, Not\u00e1rios e Registradores, Serventu\u00e1rios e a quem mais possa interessar, que observem os comunicados em anexo, e adotem as provid\u00eancias que entenderem pertinentes.<\/p>\n<p style=\"text-align: justify;\"><strong><a href=\"https:\/\/www.tjes.jus.br\/corregedoria\/2018\/10\/04\/oficio-circular-no-4-2018-secao-de-monitoramento-de-foro-extrajudicial-disp-04-10-2018\/\">Of\u00edcio Circular n\u00ba 4\/2018 &#8211; Se\u00e7\u00e3o de Monitoramento de Foro Extrajudicial<\/a>\u00a0(Disponibilizado em 04\/10\/2018)\u00a0<\/strong>&#8211; Recomenda\u00a0aos Ju\u00edzes de Direito Diretores dos Foros, Membros do Minist\u00e9rio P\u00fablico, Advogados, Not\u00e1rios e Registradores, Serventu\u00e1rios e a quem mais possa interessar, que observem os comunicados em anexo, e adotem as provid\u00eancias que entenderem pertinentes.<\/p>\n<p style=\"text-align: justify;\"><strong><a href=\"https:\/\/www.tjes.jus.br\/corregedoria\/2018\/10\/04\/oficio-circular-no-3-2018-secao-de-monitoramento-de-foro-extrajudicial-disp-04-10-2018\/\">Of\u00edcio Circular n\u00ba 3\/2018 &#8211; Se\u00e7\u00e3o de Monitoramento de Foro Extrajudicial<\/a>\u00a0(Disponibilizado em 04\/10\/2018)\u00a0<\/strong>&#8211; Recomenda\u00a0aos Ju\u00edzes de Direito Diretores dos Foros, Membros do Minist\u00e9rio P\u00fablico, Advogados, Not\u00e1rios e Registradores, Serventu\u00e1rios e a quem mais possa interessar, que observem os comunicados em anexo, e adotem as provid\u00eancias que entenderem pertinentes.<\/p>\n<p style=\"text-align: justify;\"><strong><a href=\"https:\/\/www.tjes.jus.br\/corregedoria\/2018\/10\/04\/oficio-circular-no-2-2018-secao-de-monitoramento-de-foro-extrajudicial-disp-04-10-2018\/\">Of\u00edcio Circular n\u00ba 2\/2018 &#8211; Se\u00e7\u00e3o de Monitoramento de Foro Extrajudicial<\/a>\u00a0(Disponibilizado em 04\/10\/2018)\u00a0<\/strong>&#8211; Recomenda\u00a0aos Ju\u00edzes de Direito Diretores dos Foros, Membros do Minist\u00e9rio P\u00fablico, Advogados, Not\u00e1rios e Registradores, Serventu\u00e1rios e a quem mais possa interessar, que observem os comunicados em anexo, e adotem as provid\u00eancias que entenderem pertinentes.<\/p>\n<p style=\"text-align: justify;\"><strong><a href=\"https:\/\/www.tjes.jus.br\/corregedoria\/2018\/09\/27\/oficio-circular-cgjes-no-145-2018-disp-27-09-2018\/\">Oficio Circular n\u00ba 145\/2018<\/a> (Disponibilizado em 27\/09\/2018)\u00a0<\/strong>\u2013\u00a0Dar ci\u00eancia\u00a0a todos os Registradores e Not\u00e1rios do Estado do Esp\u00edrito Santo do Provimento n\u00ba 74\/2018 da Corregedoria Nacional de Justi\u00e7a, em anexo, que estabelece sobre padr\u00f5es m\u00ednimos de tecnologia da informa\u00e7\u00e3o para a seguran\u00e7a, integridade e disponibilidade de dados para a continuidade da atividade pelos servi\u00e7os notariais e de registro do Brasil e d\u00e1 outras provid\u00eancias, bem como determinar sua integral observ\u00e2ncia pelos delegat\u00e1rios dos servi\u00e7os extrajudiciais.<\/p>\n<p style=\"text-align: justify;\"><strong><a href=\"https:\/\/www.tjes.jus.br\/corregedoria\/2018\/09\/18\/oficio-circular-no135-2018-disp-18-09-2018\/\" target=\"_blank\" rel=\"noopener\">Oficio Circular n\u00ba 135\/2018<\/a> (Disponibilizado em 18\/09\/2018)\u00a0<\/strong>\u2013 Recomenda\u00a0aos Ju\u00edzes de Direito Diretores dos F\u00f3runs, Membros do Minist\u00e9rio P\u00fablico, Advogados, Not\u00e1rios e Registradores, Serventu\u00e1rios e a quem mais possa interessar, que observem o expediente supracitado e adotem as provid\u00eancias que entenderem pertinentes.<\/p>\n<p style=\"text-align: justify;\"><strong><a href=\"https:\/\/www.tjes.jus.br\/corregedoria\/2018\/09\/18\/oficio-circular-no134-2018-disp-18-09-2018\/\" target=\"_blank\" rel=\"noopener\">Oficio Circular n\u00ba 134\/2018<\/a>\u00a0(Disponibilizado em 18\/09\/2018)\u00a0<\/strong>\u2013 Recomenda\u00a0aos Ju\u00edzes de Direito Diretores dos F\u00f3runs, Membros do Minist\u00e9rio P\u00fablico, Advogados, Not\u00e1rios e Registradores, Serventu\u00e1rios e a quem mais possa interessar, que observem o expediente supracitado e adotem as provid\u00eancias que entenderem pertinentes.<\/p>\n<p style=\"text-align: justify;\"><strong><a href=\"https:\/\/www.tjes.jus.br\/corregedoria\/2018\/09\/18\/oficio-circular-no133-2018-disp-18-09-2018\/\" target=\"_blank\" rel=\"noopener\">Oficio Circular n\u00ba 133\/2018\u00a0<\/a>(Disponibilizado em 18\/09\/2018)\u00a0<\/strong>\u2013 Recomenda\u00a0aos Ju\u00edzes de Direito Diretores dos F\u00f3runs, Membros do Minist\u00e9rio P\u00fablico, Advogados, Not\u00e1rios e Registradores, Serventu\u00e1rios e a quem mais possa interessar, que observem os comunicados em anexo, e adotem as provid\u00eancias que entenderem pertinentes.<\/p>\n<p style=\"text-align: justify;\"><strong><a href=\"https:\/\/www.tjes.jus.br\/corregedoria\/2018\/09\/18\/oficio-circular-no132-2018-disp-18-09-2018\/\" target=\"_blank\" rel=\"noopener\">Oficio Circular n\u00ba 132\/2018<\/a> (Disponibilizado em 18\/09\/2018)\u00a0<\/strong>\u2013 Recomenda\u00a0aos Ju\u00edzes de Direito Diretores dos F\u00f3runs, Membros do Minist\u00e9rio P\u00fablico, Advogados, Not\u00e1rios e Registradores, Serventu\u00e1rios e a quem mais possa interessar, que observem o expediente supracitado e adotem as provid\u00eancias que entenderem pertinentes.<\/p>\n<p style=\"text-align: justify;\"><strong><a href=\"https:\/\/www.tjes.jus.br\/corregedoria\/2018\/09\/18\/oficio-circular-no130-2018-disp-18-09-2018\/\" target=\"_blank\" rel=\"noopener\">Oficio Circular n\u00ba 130\/2018<\/a> (Disponibilizado em 18\/09\/2018)\u00a0<\/strong>\u2013 Recomenda\u00a0aos Ju\u00edzes de Direito Diretores dos F\u00f3runs, Membros do Minist\u00e9rio P\u00fablico, Advogados, Not\u00e1rios e Registradores, Serventu\u00e1rios e a quem mais possa interessar, que observem o expediente supracitado e adotem as provid\u00eancias que entenderem pertinentes.<\/p>\n<p style=\"text-align: justify;\"><strong><a href=\"https:\/\/www.tjes.jus.br\/corregedoria\/2018\/09\/18\/oficio-circular-no129-2018-disp-18-09-2018\/\" target=\"_blank\" rel=\"noopener\">Oficio Circular n\u00ba 129\/2018<\/a> (Disponibilizado em 18\/09\/2018)\u00a0<\/strong>\u2013 Recomenda\u00a0aos Ju\u00edzes de Direito Diretores dos F\u00f3runs, Membros do Minist\u00e9rio P\u00fablico, Advogados, Not\u00e1rios e Registradores, Serventu\u00e1rios e a quem mais possa interessar, que observem o expediente supracitado e adotem as provid\u00eancias que entenderem pertinentes.<\/p>\n<p style=\"text-align: justify;\"><strong><a href=\"https:\/\/www.tjes.jus.br\/corregedoria\/2018\/09\/18\/oficio-circular-no128-2018-disp-18-09-2018\/\" target=\"_blank\" rel=\"noopener\">Oficio Circular n\u00ba 128\/2018<\/a> (Disponibilizado em 18\/09\/2018)\u00a0<\/strong>\u2013 Recomenda\u00a0aos Ju\u00edzes de Direito Diretores dos F\u00f3runs, Membros do Minist\u00e9rio P\u00fablico, Advogados, Not\u00e1rios e Registradores, Serventu\u00e1rios e a quem mais possa interessar, que observem o expediente supracitado e adotem as provid\u00eancias que entenderem pertinentes.<\/p>\n<p style=\"text-align: justify;\"><strong><a href=\"https:\/\/www.tjes.jus.br\/corregedoria\/2018\/09\/18\/oficio-circular-no127-2018-disp-18-09-2018\/\" target=\"_blank\" rel=\"noopener\">Oficio Circular n\u00ba 127\/2018<\/a> (Disponibilizado em 18\/09\/2018)\u00a0<\/strong>\u2013 Recomenda\u00a0aos Ju\u00edzes de Direito Diretores dos F\u00f3runs, Membros do Minist\u00e9rio P\u00fablico, Advogados, Not\u00e1rios e Registradores, Serventu\u00e1rios e a quem mais possa interessar, que observem o comunicado, em anexo, e adotem as provid\u00eancias que entenderem pertinentes.<\/p>\n<p style=\"text-align: justify;\"><strong><a href=\"https:\/\/www.tjes.jus.br\/corregedoria\/2018\/09\/18\/oficio-circular-no126-2018-disp-18-09-2018\/\" target=\"_blank\" rel=\"noopener\">Oficio Circular n\u00ba 126\/2018<\/a> (Disponibilizado em 18\/09\/2018)\u00a0<\/strong>\u2013 Recomenda\u00a0aos Ju\u00edzes de Direito Diretores dos F\u00f3runs, Membros do Minist\u00e9rio P\u00fablico, Advogados, Not\u00e1rios e Registradores, Serventu\u00e1rios e a quem mais possa interessar, que observem o expediente, em anexo, e adotem as provid\u00eancias que entenderem pertinentes.<\/p>\n<p style=\"text-align: justify;\"><strong><a href=\"https:\/\/www.tjes.jus.br\/corregedoria\/2018\/09\/18\/oficio-circular-no125-2018-disp-18-09-2018\/\" target=\"_blank\" rel=\"noopener\">Oficio Circular n\u00ba 125\/2018<\/a> (Disponibilizado em 18\/09\/2018)\u00a0<\/strong>\u2013 Recomenda\u00a0aos Ju\u00edzes de Direito Diretores dos F\u00f3runs, Membros do Minist\u00e9rio P\u00fablico, Advogados, Not\u00e1rios e Registradores, Serventu\u00e1rios e a quem mais possa interessar, que observem o comunicado em anexo, e adotem as provid\u00eancias que entenderem pertinentes.<\/p>\n<p style=\"text-align: justify;\"><strong><a href=\"https:\/\/www.tjes.jus.br\/corregedoria\/2018\/09\/06\/oficio-circular-no124-2018-disp-06-09-2018\/\">Oficio Circular n\u00ba 124\/2018<\/a>\u00a0(Disponibilizado em 06\/09\/2018)\u00a0<\/strong>&#8211; Recomenda aos Ju\u00edzes de Direito Diretores dos F\u00f3runs, Membros do Minist\u00e9rio P\u00fablico, Advogados, Not\u00e1rios e Registradores, Serventu\u00e1rios e a quem mais possa interessar, que observem a certid\u00e3o em anexo e adotem as provid\u00eancias que entenderem pertinentes.<\/p>\n<p style=\"text-align: justify;\"><strong><a href=\"https:\/\/www.tjes.jus.br\/corregedoria\/2018\/09\/06\/oficio-circular-no-123-2018-disp-06-09-2018\/\">Oficio Circular n\u00ba 123\/2018<\/a>\u00a0(Disponibilizado em 06\/09\/2018)\u00a0<\/strong>&#8211; Recomenda\u00a0aos Ju\u00edzes de Direito Diretores dos F\u00f3runs, Membros do Minist\u00e9rio P\u00fablico, Advogados, Not\u00e1rios e Registradores, Serventu\u00e1rios e a quem mais possa interessar, que observem o Of\u00edcio supracitado e adotem as provid\u00eancias que entenderem pertinentes.<\/p>\n<p style=\"text-align: justify;\"><strong><a href=\"https:\/\/www.tjes.jus.br\/corregedoria\/2018\/09\/06\/oficio-circular-no-122-2018-disp-06-09-2018\/\">Oficio Circular n\u00ba 122\/2018\u00a0<\/a>(Disponibilizado em 06\/09\/2018)\u00a0<\/strong>&#8211; Recomenda\u00a0aos Ju\u00edzes de Direito Diretores dos F\u00f3runs, Membros do Minist\u00e9rio P\u00fablico, Advogados, Not\u00e1rios e Registradores, Serventu\u00e1rios e a quem mais possa interessar, que observem o comunicado em anexo, e adotem as provid\u00eancias que entenderem pertinentes.<\/p>\n<p style=\"text-align: justify;\"><strong><a href=\"https:\/\/www.tjes.jus.br\/corregedoria\/2018\/09\/06\/oficio-circular-no-121-2018-disp-06-09-2018\/\">Oficio Circular n\u00ba 121\/2018\u00a0<\/a>(Disponibilizado em 06\/09\/2018)\u00a0<\/strong>&#8211; Recomenda\u00a0aos Ju\u00edzes de Direito Diretores dos F\u00f3runs, Membros do Minist\u00e9rio P\u00fablico, Advogados, Not\u00e1rios e Registradores, Serventu\u00e1rios e a quem mais possa interessar, que observem o expediente supracitado e adotem as provid\u00eancias que entenderem pertinentes.<\/p>\n<p style=\"text-align: justify;\"><strong><a href=\"https:\/\/www.tjes.jus.br\/corregedoria\/2018\/09\/06\/oficio-circular-no120-2018-disp-06-08-2018\/\">Oficio Circular n\u00ba 120\/2018<\/a>\u00a0(Disponibilizado em 06\/09\/2018)\u00a0<\/strong>-Recomenda\u00a0aos Ju\u00edzes de Direito Diretores dos F\u00f3runs, Membros do Minist\u00e9rio P\u00fablico, Advogados, Not\u00e1rios e Registradores, Serventu\u00e1rios e a quem mais possa interessar, que observem a certid\u00e3o em anexo e adotem as provid\u00eancias que entenderem pertinentes.<\/p>\n<p style=\"text-align: justify;\"><strong><a href=\"https:\/\/www.tjes.jus.br\/corregedoria\/2018\/09\/06\/oficio-circular-no-119-2018-disp-06-09-2018\/\">Oficio Circular n\u00ba 119\/2018\u00a0<\/a>(Disponibilizado em 06\/09\/2018)\u00a0<\/strong>&#8211; Recomenda\u00a0aos Ju\u00edzes de Direito Diretores dos F\u00f3runs, Membros do Minist\u00e9rio P\u00fablico, Advogados, Not\u00e1rios e Registradores, Serventu\u00e1rios e a quem mais possa interessar, que observem o comunicado, em anexo, e adotem as provid\u00eancias que entenderem pertinentes.<\/p>\n<p style=\"text-align: justify;\"><strong><a href=\"https:\/\/www.tjes.jus.br\/corregedoria\/2018\/09\/06\/oficio-circular-no-118-2018-disp-06-09-2018\/\">Oficio Circular n\u00ba 118\/2018\u00a0<\/a>(Disponibilizado em 06\/09\/2018)\u00a0<\/strong>&#8211; Recomenda\u00a0aos Ju\u00edzes de Direito Diretores dos F\u00f3runs, Membros do Minist\u00e9rio P\u00fablico, Advogados, Not\u00e1rios e Registradores, Serventu\u00e1rios e a quem mais possa interessar, que observem o expediente supracitado e adotem as provid\u00eancias que entenderem pertinentes.<\/p>\n<p style=\"text-align: justify;\"><strong><a href=\"https:\/\/www.tjes.jus.br\/corregedoria\/2018\/09\/06\/oficio-circular-no-117-2018-disp-06-09-2018\/\">Oficio Circular n\u00ba 117\/2018<\/a>\u00a0(Disponibilizado em 06\/09\/2018)<\/strong>\u00a0&#8211; Recomenda\u00a0 aos Ju\u00edzes de Direito Diretores dos F\u00f3runs, Membros do Minist\u00e9rio P\u00fablico, Advogados, Not\u00e1rios e Registradores, Serventu\u00e1rios e a quem mais possa interessar, que observem o comunicado, em anexo, e adotem as provid\u00eancias que entenderem pertinentes.<\/p>\n<p style=\"text-align: justify;\"><strong><a href=\"https:\/\/www.tjes.jus.br\/corregedoria\/2018\/08\/21\/oficio-circular-no-116-2018-disp-21-08-2018\/\">Oficio Circular n\u00ba 116\/2018<\/a>\u00a0(Disponibilizado em 21\/08\/2018)\u00a0<\/strong>&#8211; Recomenda\u00a0 aos Ju\u00edzes de Direito Diretores dos F\u00f3runs, Membros do Minist\u00e9rio P\u00fablico, Advogados, Not\u00e1rios e Registradores, Serventu\u00e1rios e a quem mais possa interessar, que observem o expediente supracitado e adotem as provid\u00eancias que entenderem pertinentes.<\/p>\n<p style=\"text-align: justify;\"><strong><a href=\"https:\/\/www.tjes.jus.br\/corregedoria\/2018\/08\/21\/oficio-circular-no-115-2018-disp-21-08-2018\/\">Oficio Circular n\u00ba 115\/2018<\/a>\u00a0(Disponibilizado em 21\/08\/2018)\u00a0<\/strong>&#8211; Recomenda\u00a0aos Ju\u00edzes de Direito Diretores dos F\u00f3runs, Membros do Minist\u00e9rio P\u00fablico, Advogados, Not\u00e1rios e Registradores, Serventu\u00e1rios e a quem mais possa interessar, que observem o expediente em anexo e adotem as provid\u00eancias que entenderem pertinentes.<\/p>\n<p style=\"text-align: justify;\"><strong><a href=\"https:\/\/www.tjes.jus.br\/corregedoria\/2018\/08\/21\/oficio-circular-no-114-2018-disp-21-08-2018\/\">Oficio Circular n\u00ba 114\/2018<\/a>\u00a0(Disponibilizado em 21\/08\/2018)\u00a0<\/strong>&#8211; Recomenda\u00a0aos Ju\u00edzes de Direito Diretores dos F\u00f3runs, Membros do Minist\u00e9rio P\u00fablico, Advogados, Not\u00e1rios e Registradores, Serventu\u00e1rios e a quem mais possa interessar, que observem o comunicado, em anexo, e adotem as provid\u00eancias que entenderem pertinentes.<\/p>\n<p style=\"text-align: justify;\"><strong><a href=\"https:\/\/www.tjes.jus.br\/corregedoria\/2018\/08\/21\/oficio-circular-no-113-2018-disp-21-08-2018\/\">Oficio Circular n\u00ba 113\/2018\u00a0<\/a>(Disponibilizado em 21\/08\/2018)\u00a0<\/strong>&#8211; Recomenda\u00a0aos Ju\u00edzes de Direito Diretores dos F\u00f3runs, Membros do Minist\u00e9rio P\u00fablico, Advogados, Not\u00e1rios e Registradores, Serventu\u00e1rios e a quem mais possa interessar, que observem o expediente supracitado e adotem as provid\u00eancias que entenderem pertinentes.<\/p>\n<p style=\"text-align: justify;\"><strong><a href=\"https:\/\/www.tjes.jus.br\/corregedoria\/2018\/08\/21\/oficio-circular-no-112-2018-disp-21-08-2018\/\">Oficio Circular n\u00ba 112\/2018\u00a0<\/a>(Disponibilizado em 21\/08\/2018)\u00a0<\/strong>&#8211; Recomenda\u00a0aos Ju\u00edzes de Direito Diretores dos F\u00f3runs, Membros do Minist\u00e9rio P\u00fablico, Advogados, Not\u00e1rios e Registradores, Serventu\u00e1rios e a quem mais possa interessar, que observem o comunicado em anexo, e adotem as provid\u00eancias que entenderem pertinentes.<\/p>\n<p style=\"text-align: justify;\"><strong><a href=\"https:\/\/www.tjes.jus.br\/corregedoria\/2018\/08\/21\/oficio-circular-no-111-2018-disp-21-08-2018\/\">Oficio Circular n\u00ba 111\/2018<\/a>\u00a0(Disponibilizado em 21\/08\/2018)\u00a0<\/strong>&#8211;\u00a0Recomenda aos Ju\u00edzes de Direito Diretores dos F\u00f3runs, Membros do Minist\u00e9rio P\u00fablico, Advogados, Not\u00e1rios e Registradores, Serventu\u00e1rios e a quem mais possa interessar, que observem o expediente supracitado e adotem as provid\u00eancias que entenderem pertinentes.<\/p>\n<p style=\"text-align: justify;\"><strong><a href=\"https:\/\/www.tjes.jus.br\/corregedoria\/2018\/08\/20\/oficio-circular-no-110-2018-disp-20-08-2018\/\">Oficio Circular n\u00ba 110\/2018<\/a>\u00a0(Disponibilizado em 20\/08\/2018)\u00a0<\/strong>&#8211; Recomenda\u00a0<span lang=\"pt-BR\"> aos Ju\u00edzes de Direito Diretores dos F<\/span><span lang=\"pt-BR\">oro<\/span><span lang=\"pt-BR\">s, Membros do Minist\u00e9rio P\u00fablico, Advogados, Not\u00e1rios e Registradores, Serventu\u00e1rios e a quem mais possa interessar, que observem o<\/span><span lang=\"pt-BR\">s\u00a0<\/span><span lang=\"pt-BR\">comunicado<\/span><span lang=\"pt-BR\">s\u00a0<\/span><span lang=\"pt-BR\">em anexo<\/span><span lang=\"pt-BR\">, e adotem as provid\u00eancias que entenderem pertinentes.<\/span><\/p>\n<p style=\"text-align: justify;\"><strong><a href=\"https:\/\/www.tjes.jus.br\/corregedoria\/2018\/08\/20\/oficio-circular-no-109-2018-disp-20-08-2018\/\">Oficio Circular n\u00ba 109\/2018<\/a>\u00a0(Disponibilizado em 20\/08\/2018)\u00a0<\/strong>&#8211; Recomenda\u00a0<span lang=\"pt-BR\">aos Ju\u00edzes de Direito Diretores dos F\u00f3runs, Membros do Minist\u00e9rio P\u00fablico, Advogados, Not\u00e1rios e Registradores, Serventu\u00e1rios e a quem mais possa interessar, que observem o <\/span><span lang=\"pt-BR\">expediente\u00a0<\/span><span lang=\"pt-BR\">supracitado<\/span><span lang=\"pt-BR\"> e adotem as provid\u00eancias que entenderem pertinentes.<\/span><\/p>\n<p style=\"text-align: justify;\"><a href=\"https:\/\/www.tjes.jus.br\/corregedoria\/2018\/08\/20\/oficio-circular-no-108-2018-disp-20-08-2018\/\"><strong>Oficio Circular n\u00ba 108\/2018<\/strong><\/a>\u00a0<strong>(Disponibilizado em 20\/08\/2018)\u00a0<\/strong>&#8211; Recomenda\u00a0<span lang=\"pt-BR\">aos Ju\u00edzes de Direito Diretores dos F\u00f3runs, Membros do Minist\u00e9rio P\u00fablico, Advogados, Not\u00e1rios e Registradores, Serventu\u00e1rios e a quem mais possa interessar, que observem o <\/span><span lang=\"pt-BR\">expediente\u00a0<\/span><span lang=\"pt-BR\">supracitado<\/span><span lang=\"pt-BR\"> e adotem as provid\u00eancias que entenderem pertinentes.<\/span><\/p>\n<p style=\"text-align: justify;\"><strong><a href=\"https:\/\/www.tjes.jus.br\/corregedoria\/2018\/08\/20\/oficio-circular-no-107-2018-disp-20-08-2018\/\">Oficio Circular n\u00ba 107\/2018\u00a0<\/a>(Disponibilizado em 20\/08\/2018)\u00a0<\/strong>&#8211; Recomenda\u00a0<span lang=\"pt-BR\">aos Ju\u00edzes de Direito Diretores dos F\u00f3runs, Membros do Minist\u00e9rio P\u00fablico, Advogados, Not\u00e1rios e Registradores, Serventu\u00e1rios e a quem mais possa interessar, que observem o <\/span><span lang=\"pt-BR\">expediente\u00a0<\/span><span lang=\"pt-BR\">supracitado<\/span><span lang=\"pt-BR\"> e adotem as provid\u00eancias que entenderem pertinentes.<\/span><\/p>\n<p style=\"text-align: justify;\"><strong><a href=\"https:\/\/www.tjes.jus.br\/corregedoria\/2018\/08\/20\/oficio-circular-no-106-2018-disp-20-08-2018\/\">Oficio Circular n\u00ba 106\/2018\u00a0<\/a>(Disponibilizado em 20\/08\/2018)\u00a0<\/strong>&#8211; Recomenda\u00a0<span lang=\"pt-BR\">aos Ju\u00edzes de Direito Diretores dos F\u00f3runs, Membros do Minist\u00e9rio P\u00fablico, Advogados, Not\u00e1rios e Registradores, Serventu\u00e1rios e a quem mais possa interessar, que observem o <\/span><span lang=\"pt-BR\">expediente\u00a0<\/span><span lang=\"pt-BR\">supracitado<\/span><span lang=\"pt-BR\"> e adotem as provid\u00eancias que entenderem pertinentes.<\/span><\/p>\n<p style=\"text-align: justify;\"><strong><a href=\"https:\/\/www.tjes.jus.br\/corregedoria\/2018\/08\/20\/oficio-circular-no-105-2018-disp-20-08-2018\/\">Oficio Circular n\u00ba 105\/2018\u00a0<\/a>(Disponibilizado em 20\/08\/2018)\u00a0<\/strong>&#8211;\u00a0<span lang=\"pt-BR\">Recomenda<\/span><span lang=\"pt-BR\">\u00a0aos Ju\u00edzes de Direito Diretores dos F\u00f3runs, Membros do Minist\u00e9rio P\u00fablico, Advogados, Not\u00e1rios e Registradores, Serventu\u00e1rios e a quem mais possa interessar, que observem o <\/span><span lang=\"pt-BR\">comunicado em anexo, <\/span><span lang=\"pt-BR\">e adotem as provid\u00eancias que entenderem pertinentes.<\/span><\/p>\n<p style=\"text-align: justify;\"><strong><a href=\"https:\/\/www.tjes.jus.br\/corregedoria\/2018\/08\/10\/oficio-circular-no-104-2018-disp-10-08-201\/\">Of\u00edcio Circular n\u00ba 104\/2018<\/a> (Disponibilizado em 10\/08\/2018) &#8211;<\/strong>\u00a0<span lang=\"pt-BR\">Recomenda<\/span><span lang=\"pt-BR\"> aos Ju\u00edzes de Direito Diretores dos F\u00f3runs, Membros do Minist\u00e9rio P\u00fablico, Advogados, Not\u00e1rios e Registradores, Serventu\u00e1rios e a quem mais possa interessar, que observem o <\/span><span lang=\"pt-BR\">expediente\u00a0<\/span><span lang=\"pt-BR\">supracitado<\/span><span lang=\"pt-BR\"> e adotem as provid\u00eancias que entenderem pertinentes.<\/span><\/p>\n<p style=\"text-align: justify;\"><strong><a href=\"https:\/\/www.tjes.jus.br\/corregedoria\/2018\/08\/10\/oficio-circular-no-103-2018-disp-10-08-201\/\">Of\u00edcio Circular n\u00ba 103\/2018<\/a> (Disponibilizado em 10\/08\/2018) &#8211;<\/strong>\u00a0<span lang=\"pt-BR\">Recomenda<\/span><span lang=\"pt-BR\"> aos Ju\u00edzes de Direito Diretores dos F\u00f3runs, Membros do Minist\u00e9rio P\u00fablico, Advogados, Not\u00e1rios e Registradores, Serventu\u00e1rios e a quem mais possa interessar, que observem o <\/span><span lang=\"pt-BR\">comunicado em anexo, <\/span><span lang=\"pt-BR\">e adotem as provid\u00eancias que entenderem pertinentes.<\/span><\/p>\n<p style=\"text-align: justify;\"><strong><a href=\"https:\/\/www.tjes.jus.br\/corregedoria\/2018\/08\/10\/oficio-circular-no-102-2018-disp-10-08-201\/\">Of\u00edcio Circular n\u00ba 102\/2018<\/a> (Disponibilizado em 10\/08\/2018) &#8211;\u00a0<\/strong><span lang=\"pt-BR\">Recomendo<\/span><span lang=\"pt-BR\"> aos Ju\u00edzes de Direito Diretores dos F\u00f3runs, Membros do Minist\u00e9rio P\u00fablico, Advogados, Not\u00e1rios e Registradores, Serventu\u00e1rios e a quem mais possa interessar, que observem o Of\u00edcio <\/span><span lang=\"pt-BR\">supracitado<\/span><span lang=\"pt-BR\"> e adotem as provid\u00eancias que entenderem pertinentes.<\/span><\/p>\n<p style=\"text-align: justify;\"><strong><a href=\"https:\/\/www.tjes.jus.br\/corregedoria\/2018\/08\/10\/oficio-circular-no-101-2018-disp-10-08-201\/\">Of\u00edcio Circular n\u00ba 101\/2018<\/a> (Disponibilizado em 10\/08\/2018) &#8211;<\/strong>\u00a0<span lang=\"pt-BR\">Recomenda<\/span><span lang=\"pt-BR\"> aos Ju\u00edzes de Direito Diretores dos F\u00f3runs, Membros do Minist\u00e9rio P\u00fablico, Advogados, Not\u00e1rios e Registradores, Serventu\u00e1rios e a quem mais possa interessar, que observem <\/span><span lang=\"pt-BR\">a certid\u00e3o em anexo<\/span><span lang=\"pt-BR\"> e adotem as provid\u00eancias que entenderem pertinentes.<\/span><\/p>\n<p style=\"text-align: justify;\"><strong><a href=\"https:\/\/www.tjes.jus.br\/corregedoria\/2018\/08\/10\/oficio-circular-no-100-2018-disp-10-08-201\/\">Of\u00edcio Circular n\u00ba 100\/2018<\/a> (Disponibilizado em 10\/08\/2018) &#8211; <\/strong>Recomenda\u00a0<span lang=\"pt-BR\">aos Ju\u00edzes de Direito Diretores dos F\u00f3runs, Membros do Minist\u00e9rio P\u00fablico, Advogados, Not\u00e1rios e Registradores, Serventu\u00e1rios e a quem mais possa interessar, que observem o <\/span><span lang=\"pt-BR\">expediente\u00a0<\/span><span lang=\"pt-BR\">supracitado<\/span><span lang=\"pt-BR\"> e adotem as provid\u00eancias que entenderem pertinentes.<\/span><\/p>\n<p style=\"text-align: justify;\"><a href=\"https:\/\/www.tjes.jus.br\/corregedoria\/2018\/08\/09\/oficio-circular-no-99-2018-disp-09-08-2018\/\"><strong>Of\u00edcio Circular n\u00ba 099\/2018<\/strong><\/a>\u00a0<strong>(Disponibilizado em 09\/08\/2018) &#8211;<\/strong>\u00a0Recomendo\u00a0<span lang=\"pt-BR\">aos Ju\u00edzes de Direito Diretores dos F\u00f3runs, Membros do Minist\u00e9rio P\u00fablico, Advogados, Not\u00e1rios e Registradores, Serventu\u00e1rios e a quem mais possa interessar, que observem o Of\u00edcio <\/span><span lang=\"pt-BR\">supracitado<\/span><span lang=\"pt-BR\"> e adotem as provid\u00eancias que entenderem pertinentes.<\/span><\/p>\n<p style=\"text-align: justify;\"><a href=\"https:\/\/www.tjes.jus.br\/corregedoria\/2018\/08\/09\/oficio-circular-no-98-2018-disp-09-08-2018\/\"><strong>Of\u00edcio Circular n\u00ba 098\/2018<\/strong><\/a>\u00a0<strong>(Disponibilizado em 09\/08\/2018) &#8211;\u00a0<\/strong><span lang=\"pt-BR\">Recomendo<\/span><span lang=\"pt-BR\">\u00a0aos Ju\u00edzes de Direito Diretores dos F\u00f3runs, Membros do Minist\u00e9rio P\u00fablico, Advogados, Not\u00e1rios e Registradores, Serventu\u00e1rios e a quem mais possa interessar, que observem <\/span><span lang=\"pt-BR\">a certid\u00e3o em anexo<\/span><span lang=\"pt-BR\"> e adotem as provid\u00eancias que entenderem pertinentes.<\/span><\/p>\n<p style=\"text-align: justify;\"><a href=\"https:\/\/www.tjes.jus.br\/corregedoria\/2018\/07\/23\/oficio-circular-n-o-097-2018-disp-23-07-2018\/\"><strong>Oficio Circular n\u00ba 097\/2018<\/strong><\/a>\u00a0<strong>(Disponibilizado em 23\/07\/2018)\u00a0<\/strong>&#8211;\u00a0Alerta\u00a0os respons\u00e1veis pelas unidades do Servi\u00e7o Extrajudicial do Estado do Esp\u00edrito Santo que tenham atribui\u00e7\u00e3o para a lavratura de escritura p\u00fablica<\/p>\n<p style=\"text-align: justify;\"><strong><a href=\"https:\/\/www.tjes.jus.br\/corregedoria\/2018\/07\/25\/oficio-circular-n-o-1-2018-secao-de-monitoramento-de-foro-extrajudicial-disp-18-07-2018\/\">Of\u00edcio Circular n\u00ba 1\/2018 &#8211; Se\u00e7\u00e3o de Monitoramento de Foro Extrajudicial<\/a>\u00a0(Disponibilizado em 18\/07\/2018)\u00a0<\/strong>&#8211;\u00a0Recomenda\u00a0aos Ju\u00edzes de Direito Diretores dos Foros, Membros do Minist\u00e9rio P\u00fablico, Advogados, Not\u00e1rios e Registradores, Serventu\u00e1rios e a quem mais possa interessar, <span lang=\"pt-BR\">que observem o\u00a0<\/span><span lang=\"pt-BR\">expediente\u00a0<\/span><span lang=\"pt-BR\">supracitado<\/span> e adotem as provid\u00eancias que entenderem pertinentes.<\/p>\n<p style=\"text-align: justify;\"><strong><a href=\"https:\/\/www.tjes.jus.br\/corregedoria\/2018\/07\/19\/oficio-circular-n-o-095-2018-disp-17-07-2018\/\" target=\"_blank\" rel=\"noopener\">Of\u00edcio Circular n\u00ba 095\/2018<\/a>\u00a0(Disponibilizado em 17\/07\/2018)\u00a0&#8211;<\/strong>\u00a0Recomenda\u00a0aos Ju\u00edzes de Direito Diretores dos F\u00f3runs, Membros do Minist\u00e9rio P\u00fablico, Advogados, Not\u00e1rios e Registradores, Serventu\u00e1rios e a quem mais possa interessar, que observem a certid\u00e3o em anexo e adotem as provid\u00eancias que entenderem pertinentes.<br \/>\n<strong><a href=\"https:\/\/www.tjes.jus.br\/corregedoria\/2018\/07\/19\/oficio-circular-n-o-094-2018-disp-17-07-2018\/\" target=\"_blank\" rel=\"noopener\">Of\u00edcio Circular n\u00ba 094\/2018<\/a>\u00a0(Disponibilizado em 17\/07\/2018)\u00a0&#8211;<\/strong>\u00a0Recomenda\u00a0aos Ju\u00edzes de Direito Diretores dos Foros, Membros do Minist\u00e9rio P\u00fablico, Advogados, Not\u00e1rios e Registradores, Serventu\u00e1rios e a quem mais possa interessar, que observem o comunicado, em anexo, e adotem as provid\u00eancias que entenderem pertinentes.<\/p>\n<p style=\"text-align: justify;\"><strong><a href=\"https:\/\/www.tjes.jus.br\/corregedoria\/2018\/08\/09\/oficio-circular-no-93-2018-disp-09-08-2018\/\">Of\u00edcio Circular n\u00ba 093\/2018<\/a>\u00a0(Disponibilizado em 09\/08\/2018)<\/strong> &#8211;\u00a0<span lang=\"pt-BR\">Recomenda<\/span><span lang=\"pt-BR\">\u00a0aos Ju\u00edzes de Direito Diretores dos F<\/span><span lang=\"pt-BR\">oro<\/span><span lang=\"pt-BR\">s, Membros do Minist\u00e9rio P\u00fablico, Advogados, Not\u00e1rios e Registradores, Serventu\u00e1rios e a quem mais possa interessar, que observem o<\/span><span lang=\"pt-BR\">s\u00a0<\/span><span lang=\"pt-BR\">comunicado<\/span><span lang=\"pt-BR\">s\u00a0<\/span><span lang=\"pt-BR\">em anexo<\/span><span lang=\"pt-BR\">, e adotem as provid\u00eancias que entenderem pertinentes.<\/span><\/p>\n<p style=\"text-align: justify;\"><a href=\"https:\/\/www.tjes.jus.br\/corregedoria\/2018\/08\/09\/oficio-circular-no-92-2018-disp-09-08-2018\/\"><strong>Of\u00edcio Circular n\u00ba 092\/2018<\/strong>\u00a0<\/a><strong>(Disponibilizado em 09\/08\/2018)<\/strong> &#8211;\u00a0<span lang=\"pt-BR\">Recomenda<\/span><span lang=\"pt-BR\"> aos Ju\u00edzes de Direito Diretores dos F\u00f3runs, Membros do Minist\u00e9rio P\u00fablico, Advogados, Not\u00e1rios e Registradores, Serventu\u00e1rios e a quem mais possa interessar, que observem o <\/span><span lang=\"pt-BR\">comunicado em anexo, <\/span><span lang=\"pt-BR\">e adotem as provid\u00eancias que entenderem pertinentes.<\/span><\/p>\n<p style=\"text-align: justify;\"><strong><a href=\"https:\/\/www.tjes.jus.br\/corregedoria\/2018\/08\/09\/oficio-circular-no-91-2018-disp-09-08-2018\/\">Of\u00edcio Circular n\u00ba 091\/2018\u00a0<\/a>(Disponibilizado em 09\/08\/2018)<\/strong> &#8211;\u00a0<span lang=\"pt-BR\">Recomenda<\/span><span lang=\"pt-BR\"> aos Ju\u00edzes de Direito Diretores dos F\u00f3runs, Membros do Minist\u00e9rio P\u00fablico, Advogados, Not\u00e1rios e Registradores, Serventu\u00e1rios e a quem mais possa interessar, que observem o <\/span><span lang=\"pt-BR\">expediente\u00a0<\/span><span lang=\"pt-BR\">supracitado<\/span><span lang=\"pt-BR\"> e adotem as provid\u00eancias que entenderem pertinentes.<\/span><\/p>\n<p style=\"text-align: justify;\"><strong><a href=\"https:\/\/www.tjes.jus.br\/corregedoria\/2018\/07\/19\/oficio-circular-n-o-088-2018-disp-16-07-2018\/\" target=\"_blank\" rel=\"noopener\">Of\u00edcio Circular n\u00ba 089\/2018<\/a>\u00a0(Disponibilizado em 16\/07\/2018)\u00a0<\/strong>&#8211;\u00a0Recomenda\u00a0aos Ju\u00edzes de Direito Diretores dos Foros, Membros do Minist\u00e9rio P\u00fablico, Advogados, Not\u00e1rios e Registradores, Serventu\u00e1rios e a quem mais possa interessar, <span lang=\"pt-BR\">que observem o\u00a0<\/span><span lang=\"pt-BR\">expediente\u00a0<\/span><span lang=\"pt-BR\">supracitado<\/span> e adotem as provid\u00eancias que entenderem pertinentes.<\/p>\n<p style=\"text-align: justify;\"><strong><a href=\"https:\/\/www.tjes.jus.br\/corregedoria\/2018\/07\/12\/oficio-circular-n-o-088-2018-disp-12-07-2018\/\" target=\"_blank\" rel=\"noopener\">Of\u00edcio Circular n\u00ba 088\/2018<\/a>\u00a0(Disponibilizado em 12\/07\/2018)\u00a0<\/strong>&#8211;\u00a0Recomenda\u00a0aos Ju\u00edzes de Direito Diretores dos Foros, Membros do Minist\u00e9rio P\u00fablico, Advogados, Not\u00e1rios e Registradores, Serventu\u00e1rios e a quem mais possa interessar, <span lang=\"pt-BR\">que observem o\u00a0<\/span><span lang=\"pt-BR\">expediente\u00a0<\/span><span lang=\"pt-BR\">supracitado<\/span> e adotem as provid\u00eancias que entenderem pertinentes.<\/p>\n<p style=\"text-align: justify;\"><strong><a href=\"https:\/\/www.tjes.jus.br\/corregedoria\/2018\/07\/12\/oficio-circular-n-o-087-2018-disp-12-07-2018\/\" target=\"_blank\" rel=\"noopener\">Of\u00edcio Circular n\u00ba 087\/2018<\/a>\u00a0(Disponibilizado em 12\/07\/2018)\u00a0<\/strong>&#8211;\u00a0Recomenda\u00a0aos Ju\u00edzes de Direito Diretores dos Foros, Membros do Minist\u00e9rio P\u00fablico, Advogados, Not\u00e1rios e Registradores, Serventu\u00e1rios e a quem mais possa interessar, <span lang=\"pt-BR\">que observem o\u00a0<\/span><span lang=\"pt-BR\">expediente\u00a0<\/span><span lang=\"pt-BR\">supracitado<\/span> e adotem as provid\u00eancias que entenderem pertinentes.<\/p>\n<p style=\"text-align: justify;\"><strong><a href=\"https:\/\/www.tjes.jus.br\/corregedoria\/2018\/07\/12\/oficio-circular-n-o-086-2018-disp-12-07-2018\/\" target=\"_blank\" rel=\"noopener\">Of\u00edcio Circular n\u00ba 086\/2018<\/a>\u00a0(Disponibilizado em 12\/07\/2018)\u00a0<\/strong>&#8211;\u00a0Recomenda\u00a0aos Ju\u00edzes de Direito Diretores dos Foros, Membros do Minist\u00e9rio P\u00fablico, Advogados, Not\u00e1rios e Registradores, Serventu\u00e1rios e a quem mais possa interessar, <span lang=\"pt-BR\">que observem o\u00a0<\/span><span lang=\"pt-BR\">expediente\u00a0<\/span><span lang=\"pt-BR\">supracitado<\/span> e adotem as provid\u00eancias que entenderem pertinentes.<\/p>\n<p style=\"text-align: justify;\"><strong><a href=\"https:\/\/www.tjes.jus.br\/corregedoria\/2018\/07\/12\/oficio-circular-n-o-085-2018-disp-12-07-2018\/\" target=\"_blank\" rel=\"noopener\">Of\u00edcio Circular n\u00ba 085\/2018<\/a>\u00a0(Disponibilizado em 12\/07\/2018)\u00a0<\/strong>&#8211;\u00a0Recomenda\u00a0aos Ju\u00edzes de Direito Diretores dos Foros, Membros do Minist\u00e9rio P\u00fablico, Advogados, Not\u00e1rios e Registradores, Serventu\u00e1rios e a quem mais possa interessar, <span lang=\"pt-BR\">que observem a certid\u00e3o em anexo <\/span>e adotem as provid\u00eancias que entenderem pertinentes.<\/p>\n<p style=\"text-align: justify;\"><strong><a href=\"https:\/\/www.tjes.jus.br\/corregedoria\/2018\/07\/12\/oficio-circular-n-o-084-2018-disp-12-07-2018\/\" target=\"_blank\" rel=\"noopener\">Of\u00edcio Circular n\u00ba 084\/2018\u00a0<\/a>(Disponibilizado em 12\/07\/2018)\u00a0<\/strong>&#8211;\u00a0Recomenda\u00a0aos Ju\u00edzes de Direito Diretores dos Foros, Membros do Minist\u00e9rio P\u00fablico, Advogados, Not\u00e1rios e Registradores, Serventu\u00e1rios e a quem mais possa interessar, <span lang=\"pt-BR\">que observem o\u00a0<\/span><span lang=\"pt-BR\">expediente\u00a0<\/span><span lang=\"pt-BR\">supracitado<\/span> e adotem as provid\u00eancias que entenderem pertinentes.<\/p>\n<p style=\"text-align: justify;\"><strong><a href=\"https:\/\/www.tjes.jus.br\/corregedoria\/2018\/07\/10\/oficio-circular-n-o-082-2018-disp-10-07-2018-2\/\">Of\u00edcio Circular n\u00ba 083\/2018<\/a>\u00a0(Disponibilizado em 10\/07\/2018)\u00a0<\/strong>&#8211;\u00a0Recomenda\u00a0aos Ju\u00edzes de Direito Diretores dos Foros, Membros do Minist\u00e9rio P\u00fablico, Advogados, Not\u00e1rios e Registradores, Serventu\u00e1rios e a quem mais possa interessar, <span lang=\"pt-BR\">que observem o\u00a0<\/span><span lang=\"pt-BR\">expediente\u00a0<\/span><span lang=\"pt-BR\">supracitado<\/span> e adotem as provid\u00eancias que entenderem pertinentes.<\/p>\n<p><strong><a href=\"https:\/\/www.tjes.jus.br\/corregedoria\/2018\/07\/10\/oficio-circular-n-o-082-2018-disp-10-07-2018\/\">Of\u00edcio Circular n\u00ba 082\/2018<\/a>\u00a0(Disponibilizado em 10\/07\/2018)\u00a0<\/strong>&#8211;\u00a0Recomenda\u00a0aos Ju\u00edzes de Direito Diretores dos Foros, Membros do Minist\u00e9rio P\u00fablico, Advogados, Not\u00e1rios e Registradores, Serventu\u00e1rios e a quem mais possa interessar, <span lang=\"pt-BR\">que observem o\u00a0<\/span><span lang=\"pt-BR\">expediente\u00a0<\/span><span lang=\"pt-BR\">supracitado<\/span> e adotem as provid\u00eancias que entenderem pertinentes.<\/p>\n<p><strong><a href=\"https:\/\/www.tjes.jus.br\/corregedoria\/2018\/07\/10\/oficio-circular-n-o-081-2018-disp-10-07-2018\/\">Of\u00edcio Circular n\u00ba 081\/2018<\/a>\u00a0(Disponibilizado em 10\/07\/2018)\u00a0<\/strong>&#8211;\u00a0Recomenda\u00a0aos Ju\u00edzes de Direito Diretores dos Foros, Membros do Minist\u00e9rio P\u00fablico, Advogados, Not\u00e1rios e Registradores, Serventu\u00e1rios e a quem mais possa interessar, <span lang=\"pt-BR\">que observem o\u00a0<\/span><span lang=\"pt-BR\">expediente\u00a0<\/span><span lang=\"pt-BR\">supracitado<\/span> e adotem as provid\u00eancias que entenderem pertinentes.<\/p>\n<p><strong><a href=\"https:\/\/www.tjes.jus.br\/corregedoria\/2018\/07\/10\/oficio-circular-n-o-080-2018-disp-10-07-2018\/\">Of\u00edcio Circular n\u00ba 080\/2018<\/a>\u00a0(Disponibilizado em 10\/07\/2018)\u00a0<\/strong>&#8211;\u00a0Recomenda\u00a0aos Ju\u00edzes de Direito Diretores dos Foros, Membros do Minist\u00e9rio P\u00fablico, Advogados, Not\u00e1rios e Registradores, Serventu\u00e1rios e a quem mais possa interessar, <span lang=\"pt-BR\">que observem o\u00a0<\/span><span lang=\"pt-BR\">expediente\u00a0<\/span><span lang=\"pt-BR\">supracitado<\/span> e adotem as provid\u00eancias que entenderem pertinentes.<\/p>\n<p><strong><a href=\"https:\/\/www.tjes.jus.br\/corregedoria\/2018\/07\/10\/oficio-circular-n-o-079-2018-disp-10-07-2018\/\">Of\u00edcio Circular n\u00ba 079\/2018<\/a>\u00a0(Disponibilizado em 10\/07\/2018)\u00a0<\/strong>&#8211;\u00a0Recomenda\u00a0aos Ju\u00edzes de Direito Diretores dos Foros, Membros do Minist\u00e9rio P\u00fablico, Advogados, Not\u00e1rios e Registradores, Serventu\u00e1rios e a quem mais possa interessar, que observem o expediente supracitado e adotem as provid\u00eancias que entenderem pertinentes.<\/p>\n<p><strong><a href=\"https:\/\/www.tjes.jus.br\/corregedoria\/2018\/07\/10\/oficio-circular-n-o-078-2018-disp-10-07-2018\/\">Of\u00edcio Circular n\u00ba 078\/2018<\/a>\u00a0(Disponibilizado em 10\/07\/2018)\u00a0<\/strong>&#8211;\u00a0Recomenda\u00a0aos Ju\u00edzes de Direito Diretores dos Foros, Membros do Minist\u00e9rio P\u00fablico, Advogados, Not\u00e1rios e Registradores, Serventu\u00e1rios e a quem mais possa interessar, que observem o comunicado em anexo, e adotem as provid\u00eancias que entenderem pertinentes.<\/p>\n<p style=\"text-align: justify;\"><strong><a href=\"https:\/\/www.tjes.jus.br\/corregedoria\/2018\/07\/05\/oficio-circular-n-o-077-2018-disp-05-07-2018\/\">Of\u00edcio Circular n\u00ba 077\/2018<\/a>\u00a0(Disponibilizado em 05\/07\/2018)\u00a0<\/strong>&#8211;\u00a0Recomenda\u00a0aos Ju\u00edzes de Direito Diretores dos Foros, Membros do Minist\u00e9rio P\u00fablico, Advogados, Not\u00e1rios e Registradores, Serventu\u00e1rios e a quem mais possa interessar, que observem os comunicados em anexo, e adotem as provid\u00eancias que entenderem pertinentes.<\/p>\n<p style=\"text-align: justify;\"><strong><a href=\"https:\/\/www.tjes.jus.br\/corregedoria\/2018\/07\/05\/oficio-circular-n-o-076-2018-disp-05-07-2018\/\">Of\u00edcio Circular n\u00ba 076\/2018<\/a>\u00a0(Disponibilizado em 05\/07\/2018)\u00a0<\/strong> &#8211;\u00a0Recomenda aos Ju\u00edzes de Direito Diretores dos Foros, Membros do Minist\u00e9rio P\u00fablico, Advogados, Not\u00e1rios e Registradores, Serventu\u00e1rios e a quem mais possa interessar, que observem os comunicados em anexo, e adotem as provid\u00eancias que entenderem pertinentes.<\/p>\n<p style=\"text-align: justify;\"><strong><a href=\"https:\/\/www.tjes.jus.br\/corregedoria\/2018\/06\/29\/oficio-circular-n-o-074-2018-disp-29-06-2018\/\">Of\u00edcio Circular n\u00ba 074\/2018<\/a>\u00a0(Disponibilizado em 29\/06\/2018)<\/strong> &#8211;\u00a0Recomenda aos Ju\u00edzes de Direito Diretores dos Foros, Membros do Minist\u00e9rio P\u00fablico, Advogados, Not\u00e1rios e Registradores, Serventu\u00e1rios e a quem mais possa interessar, que observem os comunicados em anexo, e adotem as provid\u00eancias que entenderem pertinentes.<\/p>\n<p style=\"text-align: justify;\"><strong><a href=\"https:\/\/www.tjes.jus.br\/corregedoria\/2018\/06\/25\/oficio-circular-no-073-2018-disp-25-06-2018\/\">Of\u00edcio Circular n\u00ba 073\/2018<\/a> (Disponibilizado em 25\/06\/2018) &#8211;<\/strong> <span lang=\"pt-BR\">Recomenda<\/span><span lang=\"pt-BR\">\u00a0aos Ju\u00edzes de Direito Diretores dos Foros, Membros do Minist\u00e9rio P\u00fablico, Advogados, Not\u00e1rios e Registradores, Serventu\u00e1rios e a quem mais possa interessar, que observem os comunicados em anexo, e adotem as provid\u00eancias que entenderem pertinentes.<\/span><\/p>\n<p style=\"text-align: justify;\"><strong><a href=\"https:\/\/www.tjes.jus.br\/corregedoria\/2018\/06\/19\/oficio-circular-no-72-2018-disp-19-06-2018\/\">Of\u00edcio Circular n\u00ba 072\/2018 <\/a>(Disponibilizado em 19\/06\/2018) &#8211;<\/strong> <span lang=\"pt-BR\">Recomenda<\/span><span lang=\"pt-BR\">\u00a0aos Ju\u00edzes de Direito Diretores dos Foros, Membros do Minist\u00e9rio P\u00fablico, Advogados, Not\u00e1rios e Registradores, Serventu\u00e1rios e a quem mais possa interessar, que observem os comunicados em anexo, e adotem as provid\u00eancias que entenderem pertinentes.<\/span><\/p>\n<p style=\"text-align: justify;\"><strong><a href=\"https:\/\/www.tjes.jus.br\/corregedoria\/2018\/06\/19\/oficio-circular-no-71-2018-disp-19-06-2018\/\">Of\u00edcio Circular n\u00ba 071\/2018<\/a> (Disponibilizado em 19\/06\/2018) &#8211;<\/strong> <span lang=\"pt-BR\">Recomendo<\/span><span lang=\"pt-BR\">\u00a0aos Ju\u00edzes de Direito Diretores dos F\u00f3runs, Membros do Minist\u00e9rio P\u00fablico, Advogados, Not\u00e1rios e Registradores, Serventu\u00e1rios e a quem mais possa interessar, que observem o <\/span><span lang=\"pt-BR\">expediente\u00a0<\/span><span lang=\"pt-BR\">supracitado<\/span><span lang=\"pt-BR\"> e adotem as provid\u00eancias que entenderem pertinentes.<\/span><\/p>\n<p style=\"text-align: justify;\"><strong><a href=\"https:\/\/www.tjes.jus.br\/corregedoria\/2018\/06\/19\/oficio-circular-no-70-2018-disp-19-06-2018\/\">Of\u00edcio Circular n\u00ba 070\/2018 <\/a>(Disponibilizado em 19\/06\/2018) &#8211;<\/strong> Recomendo aos Ju\u00edzes de Direito Diretores dos F\u00f3runs, Membros do Minist\u00e9rio P\u00fablico, Advogados, Not\u00e1rios e Registradores, Serventu\u00e1rios e a quem mais possa interessar, que observem o expediente supracitado e adotem as provid\u00eancias que entenderem pertinentes.<\/p>\n<p style=\"text-align: justify;\"><strong><a href=\"https:\/\/www.tjes.jus.br\/corregedoria\/2018\/06\/07\/oficio-circular-no-60-2018-disp-07-06-2018\/\">Of\u00edcio Circular n\u00ba 060\/2018<\/a> (Disponibilizado em 07\/06\/2018) &#8211;<\/strong> Comunicar aos Oficiais de Registro e Tabeli\u00e3es do Estado do Esp\u00edrito Santo que, nos dias em que acontecer\u00e3o os jogos da sele\u00e7\u00e3o brasileira de futebol na Copa do Mundo, conforme tabela oficial divulgada pela FIFA, o hor\u00e1rio de funcionamento dos servi\u00e7os do foro extrajudicial ser\u00e1 o seguinte<span lang=\"pt-BR\">.<\/span><\/p>\n<p style=\"text-align: justify;\"><strong><a href=\"https:\/\/www.tjes.jus.br\/corregedoria\/2018\/05\/25\/oficio-circular-no-59-2018-disp-25-05-2018\/\">Of\u00edcio Circular n\u00ba 059\/2018<\/a> (Disponibilizado em 25\/05\/2018) &#8211;<\/strong> Recomendo\u00a0<span lang=\"pt-BR\"> aos Ju\u00edzes de Direito Diretores dos F\u00f3runs, Membros do Minist\u00e9rio P\u00fablico, Advogados, Not\u00e1rios e Registradores, Serventu\u00e1rios e a quem mais possa interessar, que observem o expediente supracitado e adotem as provid\u00eancias que entenderem pertinentes.<\/span><\/p>\n<p style=\"text-align: justify;\"><strong><a href=\"https:\/\/www.tjes.jus.br\/corregedoria\/2018\/05\/25\/oficio-circular-no-58-2018-disp-25-05-2018\/\">Of\u00edcio Circular n\u00ba 058\/2018<\/a> (Disponibilizado em 25\/05\/2018) &#8211;<\/strong> Recomendo\u00a0<span lang=\"pt-BR\"> aos Ju\u00edzes de Direito Diretores dos F\u00f3runs, Membros do Minist\u00e9rio P\u00fablico, Advogados, Not\u00e1rios e Registradores, Serventu\u00e1rios e a quem mais possa interessar, que observem o comunicado em anexoe adotem as provid\u00eancias que entenderem pertinentes.<\/span><\/p>\n<p style=\"text-align: justify;\"><strong><a href=\"https:\/\/www.tjes.jus.br\/corregedoria\/2018\/05\/25\/oficio-circular-no-57-2018-disp-25-05-2018\/\">Of\u00edcio Circular n\u00ba 057\/2018<\/a> (Disponibilizado em 25\/05\/2018) &#8211;<\/strong> Recomendo\u00a0<span lang=\"pt-BR\"> aos Ju\u00edzes de Direito Diretores dos F\u00f3runs, Membros do Minist\u00e9rio P\u00fablico, Advogados, Not\u00e1rios e Registradores, Serventu\u00e1rios e a quem mais possa interessar, que observem o expediente supracitado e adotem as provid\u00eancias que entenderem pertinentes.<\/span><\/p>\n<p style=\"text-align: justify;\"><strong><a href=\"https:\/\/www.tjes.jus.br\/corregedoria\/2018\/05\/25\/oficio-circular-no-56-2018-disp-25-05-2018\/\">Of\u00edcio Circular n\u00ba 056\/2018<\/a> (Disponibilizado em 25\/05\/2018) &#8211;<\/strong> Recomendo\u00a0<span lang=\"pt-BR\"> aos Ju\u00edzes de Direito Diretores dos F\u00f3runs, Membros do Minist\u00e9rio P\u00fablico, Advogados, Not\u00e1rios e Registradores, Serventu\u00e1rios e a quem mais possa interessar, que observem o Of\u00edcio supracitado e adotem as provid\u00eancias que entenderem pertinentes.<\/span><\/p>\n<p style=\"text-align: justify;\"><strong><a href=\"https:\/\/www.tjes.jus.br\/corregedoria\/2018\/05\/25\/oficio-circular-no-55-2018-disp-25-05-2018\/\">Of\u00edcio Circular n\u00ba 055\/2018<\/a> (Disponibilizado em 25\/05\/2018) &#8211;<\/strong> Recomendo\u00a0<span lang=\"pt-BR\"> aos Ju\u00edzes de Direito Diretores dos F\u00f3runs, Membros do Minist\u00e9rio P\u00fablico, Advogados, Not\u00e1rios e Registradores, Serventu\u00e1rios e a quem mais possa interessar, que observem o Of\u00edcio supracitado e adotem as provid\u00eancias que entenderem pertinentes.<\/span><\/p>\n<p style=\"text-align: justify;\"><strong><a href=\"https:\/\/www.tjes.jus.br\/corregedoria\/2018\/05\/24\/oficio-circular-no-53-2018-disp-24-05-2018\/\">Of\u00edcio Circular n\u00ba 053\/2018<\/a> (Disponibilizado em 24\/05\/2018) &#8211;<\/strong> Recomendo\u00a0<span lang=\"pt-BR\"> aos Ju\u00edzes de Direito Diretores dos F\u00f3runs, Membros do Minist\u00e9rio P\u00fablico, Advogados, Not\u00e1rios e Registradores, Serventu\u00e1rios e a quem mais possa interessar, que observem o <\/span><span lang=\"pt-BR\">expediente\u00a0<\/span><span lang=\"pt-BR\">supracitado<\/span><span lang=\"pt-BR\"> e adotem as provid\u00eancias que entenderem pertinentes.<\/span><\/p>\n<p style=\"text-align: justify;\"><strong><a href=\"https:\/\/www.tjes.jus.br\/corregedoria\/2018\/05\/24\/oficio-circular-no-52-2018-disp-24-05-2018\/\">Of\u00edcio Circular n\u00ba 052\/2018<\/a> (Disponibilizado em 24\/05\/2018) &#8211;<\/strong> Recomendo\u00a0<span lang=\"pt-BR\">aos Ju\u00edzes de Direito Diretores dos F\u00f3runs, Membros do Minist\u00e9rio P\u00fablico, Advogados, Not\u00e1rios e Registradores, Serventu\u00e1rios e a quem mais possa interessar, que observem o <\/span><span lang=\"pt-BR\">expediente\u00a0<\/span><span lang=\"pt-BR\">supracitado<\/span><span lang=\"pt-BR\"> e adotem as provid\u00eancias que entenderem pertinentes.<\/span><\/p>\n<p style=\"text-align: justify;\"><strong><a href=\"https:\/\/www.tjes.jus.br\/corregedoria\/2018\/05\/24\/oficio-circular-no-51-2018-disp-24-05-2018\/\">Of\u00edcio Circular n\u00ba 051\/2018<\/a> (Disponibilizado em 24\/05\/2018) &#8211;<\/strong> Recomendo\u00a0<span lang=\"pt-BR\">aos Ju\u00edzes de Direito Diretores dos F\u00f3runs, Membros do Minist\u00e9rio P\u00fablico, Advogados, Not\u00e1rios e Registradores, Serventu\u00e1rios e a quem mais possa interessar, que observem o <\/span><span lang=\"pt-BR\">expediente\u00a0<\/span><span lang=\"pt-BR\">supracitado<\/span><span lang=\"pt-BR\"> e adotem as provid\u00eancias que entenderem pertinentes.<\/span><\/p>\n<p style=\"text-align: justify;\"><strong><a href=\"https:\/\/www.tjes.jus.br\/corregedoria\/2018\/05\/24\/oficio-circular-no-50-2018-disp-24-05-2018\/\">Of\u00edcio Circular n\u00ba 050\/2018<\/a> (Disponibilizado em 24\/05\/2018) &#8211;<\/strong>Recomendo\u00a0<span lang=\"pt-BR\">aos Ju\u00edzes de Direito Diretores dos F\u00f3runs, Membros do Minist\u00e9rio P\u00fablico, Advogados, Not\u00e1rios e Registradores, Serventu\u00e1rios e a quem mais possa interessar, que observem o <\/span><span lang=\"pt-BR\">expediente\u00a0<\/span><span lang=\"pt-BR\">supracitado<\/span><span lang=\"pt-BR\"> e adotem as provid\u00eancias que entenderem pertinentes.<\/span><\/p>\n<p style=\"text-align: justify;\"><strong><a href=\"https:\/\/www.tjes.jus.br\/corregedoria\/2018\/05\/24\/oficio-circular-no-49-2018-disp-24-05-2018\/\">Of\u00edcio Circular n\u00ba 049\/2018<\/a> (Disponibilizado em 24\/05\/2018) &#8211;<\/strong> Recomenda\u00a0<span lang=\"pt-BR\">aos Ju\u00edzes de Direito Diretores dos F<\/span><span lang=\"pt-BR\">oro<\/span><span lang=\"pt-BR\">s, Membros do Minist\u00e9rio P\u00fablico, Advogados, Not\u00e1rios e Registradores, Serventu\u00e1rios e a quem mais possa interessar, que observem o<\/span><span lang=\"pt-BR\">s\u00a0<\/span><span lang=\"pt-BR\">comunicado<\/span><span lang=\"pt-BR\">s\u00a0<\/span><span lang=\"pt-BR\">em anexo<\/span><span lang=\"pt-BR\">, e adotem as provid\u00eancias que entenderem pertinentes.<\/span><\/p>\n<p style=\"text-align: justify;\"><strong><a href=\"https:\/\/www.tjes.jus.br\/corregedoria\/2018\/05\/24\/oficio-circular-no-48-2018-disp-24-05-2018\/\">Of\u00edcio Circular n\u00ba 048\/2018<\/a> (Disponibilizado em 24\/05\/2018) &#8211;<\/strong> Recomendo\u00a0<span lang=\"pt-BR\">aos Ju\u00edzes de Direito Diretores dos F\u00f3runs, Membros do Minist\u00e9rio P\u00fablico, Advogados, Not\u00e1rios e Registradores, Serventu\u00e1rios e a quem mais possa interessar, que observem o Of\u00edcio <\/span><span lang=\"pt-BR\">supracitado<\/span><span lang=\"pt-BR\"> e adotem as provid\u00eancias que entenderem pertinentes.<\/span><\/p>\n<p style=\"text-align: justify;\"><strong><a href=\"https:\/\/www.tjes.jus.br\/corregedoria\/2018\/05\/24\/oficio-circular-no-47-2018-disp-24-05-2018\/\">Of\u00edcio Circular n\u00ba 047\/2018<\/a> (Disponibilizado em 24\/05\/2018) &#8211;\u00a0<\/strong>Recomenda\u00a0<span lang=\"pt-BR\">aos Ju\u00edzes de Direito Diretores dos F<\/span><span lang=\"pt-BR\">oro<\/span><span lang=\"pt-BR\">s, Membros do Minist\u00e9rio P\u00fablico, Advogados, Not\u00e1rios e Registradores, Serventu\u00e1rios e a quem mais possa interessar, que observem o <\/span><span lang=\"pt-BR\">comunicado\u00a0<\/span><span lang=\"pt-BR\">em anexo<\/span><span lang=\"pt-BR\">, e adotem as provid\u00eancias que entenderem pertinentes.<\/span><\/p>\n<p style=\"text-align: justify;\"><strong><a href=\"https:\/\/www.tjes.jus.br\/corregedoria\/2018\/05\/24\/oficio-circular-no-46-2018-disp-23-05-2018\/\">Of\u00edcio Circular n\u00ba 046\/2018<\/a> (Disponibilizado em 23\/05\/2018)<\/strong> &#8211; Recomendo <span lang=\"pt-BR\">aos Ju\u00edzes de Direito Diretores dos F\u00f3runs, Membros do Minist\u00e9rio P\u00fablico, Advogados, Not\u00e1rios e Registradores, Serventu\u00e1rios e a quem mais possa interessar, que observem o <\/span><span lang=\"pt-BR\">expediente\u00a0<\/span><span lang=\"pt-BR\">supracitado<\/span><span lang=\"pt-BR\"> e adotem as provid\u00eancias que entenderem pertinentes.<\/span><\/p>\n<p style=\"text-align: justify;\"><strong><a href=\"https:\/\/www.tjes.jus.br\/corregedoria\/2018\/05\/24\/oficio-circular-no-45-2018-disp-23-05-2018\/\">Of\u00edcio Circular n\u00ba 045\/2018<\/a> (Disponibilizado em 23\/05\/2018)<\/strong> &#8211; Recomendo\u00a0<span lang=\"pt-BR\">aos Ju\u00edzes de Direito Diretores dos F\u00f3runs, Membros do Minist\u00e9rio P\u00fablico, Advogados, Not\u00e1rios e Registradores, Serventu\u00e1rios e a quem mais possa interessar, que observem o <\/span><span lang=\"pt-BR\">expediente\u00a0<\/span><span lang=\"pt-BR\">supracitado<\/span><span lang=\"pt-BR\"> e adotem as provid\u00eancias que entenderem pertinentes.<\/span><\/p>\n<p style=\"text-align: justify;\"><strong><a href=\"https:\/\/www.tjes.jus.br\/corregedoria\/2018\/05\/24\/oficio-circular-no-44-2018-disp-23-05-2018\/\">Of\u00edcio Circular n\u00ba 0 44\/2018<\/a> (Disponibilizado em 23\/05\/2018)<\/strong> &#8211; Recomendo\u00a0<span lang=\"pt-BR\">aos Ju\u00edzes de Direito Diretores dos F\u00f3runs, Membros do Minist\u00e9rio P\u00fablico, Advogados, Not\u00e1rios e Registradores, Serventu\u00e1rios e a quem mais possa interessar, que observem o <\/span><span lang=\"pt-BR\">expediente\u00a0<\/span><span lang=\"pt-BR\">supracitado<\/span><span lang=\"pt-BR\"> e adotem as provid\u00eancias que entenderem pertinentes.<\/span><\/p>\n<p style=\"text-align: justify;\"><strong><a href=\"https:\/\/www.tjes.jus.br\/corregedoria\/2018\/05\/24\/oficio-circular-no-43-2018-disp-23-05-2018\/\">Of\u00edcio Circular n\u00ba 043\/2018<\/a> (Disponibilizado em 23\/05\/2018)<\/strong> &#8211; Recomendo\u00a0<span lang=\"pt-BR\">aos Ju\u00edzes de Direito Diretores dos F\u00f3runs, Membros do Minist\u00e9rio P\u00fablico, Advogados, Not\u00e1rios e Registradores, Serventu\u00e1rios e a quem mais possa interessar, que observem o <\/span><span lang=\"pt-BR\">expediente\u00a0<\/span><span lang=\"pt-BR\">supracitado<\/span><span lang=\"pt-BR\"> e adotem as provid\u00eancias que entenderem pertinentes.<\/span><\/p>\n<p style=\"text-align: justify;\"><strong><a href=\"https:\/\/www.tjes.jus.br\/corregedoria\/2018\/05\/24\/oficio-circular-no-42-2018-disp-23-05-2018\/\">Of\u00edcio Circular n\u00ba 042\/2018<\/a> (Disponibilizado em 23\/05\/2018) &#8211;\u00a0<\/strong>Recomenda\u00a0<span lang=\"pt-BR\">aos Ju\u00edzes de Direito Diretores dos F<\/span><span lang=\"pt-BR\">oro<\/span><span lang=\"pt-BR\">s, Membros do Minist\u00e9rio P\u00fablico, Advogados, Not\u00e1rios e Registradores, Serventu\u00e1rios e a quem mais possa interessar, que observem o <\/span><span lang=\"pt-BR\">comunicado\u00a0<\/span><span lang=\"pt-BR\">em anexo<\/span><span lang=\"pt-BR\">, e adotem as provid\u00eancias que entenderem pertinentes.<\/span><\/p>\n<p><strong><a href=\"https:\/\/www.tjes.jus.br\/corregedoria\/2018\/05\/24\/oficio-circular-n-o-054-2018-disp-22-05-2018\/\">Of\u00edcio Circular n\u00ba 054\/2018<\/a> (Disponibilizado em 22\/05\/2018) &#8211; <\/strong>Recomenda\u00a0aos Ju\u00edzes de Direito Diretores dos Foros, Membros do Minist\u00e9rio P\u00fablico, Advogados, Not\u00e1rios e Registradores, Serventu\u00e1rios e a quem mais possa interessar, que observem os comunicados em anexo, e adotem as provid\u00eancias que entenderem pertinentes.<\/p>\n<p style=\"text-align: justify;\"><strong><a href=\"https:\/\/www.tjes.jus.br\/corregedoria\/2018\/05\/24\/oficio-circular-n-o-41-2018-disp-18-05-2018\/\">Of\u00edcio Circular n\u00ba 041\/2018<\/a>\u00a0(Disponibilizado em 18\/05\/2018)<\/strong> &#8211; Recomenda aos Ju\u00edzes de Direito Diretores dos Foros, Membros do Minist\u00e9rio P\u00fablico, Advogados, Not\u00e1rios e Registradores, Serventu\u00e1rios e a quem mais possa interessar, que observem os comunicados em anexo, e adotem as provid\u00eancias que entenderem pertinentes.-\u00a0<span style=\"color: #ff0000;\"><strong>REPUBLICA\u00c7\u00c3O<\/strong><\/span><\/p>\n<p style=\"text-align: justify;\"><strong><a href=\"https:\/\/www.tjes.jus.br\/corregedoria\/2018\/05\/24\/oficio-circular-n-o-40-2018-disp-18-05-2018\/\">Of\u00edcio Circular n\u00ba 040\/2018<\/a>\u00a0(Disponibilizado em 18\/05\/2018)<\/strong> &#8211; Recomenda aos Ju\u00edzes de Direito Diretores dos Foros, Membros do Minist\u00e9rio P\u00fablico, Advogados, Not\u00e1rios e Registradores, Serventu\u00e1rios e a quem mais possa interessar, que observem os comunicados em anexo, e adotem as provid\u00eancias que entenderem pertinentes.-\u00a0<span style=\"color: #ff0000;\"><strong>REPUBLICA\u00c7\u00c3O<\/strong><\/span><\/p>\n<p style=\"text-align: justify;\"><strong><a href=\"https:\/\/www.tjes.jus.br\/corregedoria\/2018\/05\/24\/oficio-circular-n-o-38-2018-disp-18-05-2018\/\">Of\u00edcio Circular n\u00ba 039\/2018<\/a>\u00a0(Disponibilizado em 18\/05\/2018)<\/strong> &#8211; Recomenda aos Ju\u00edzes de Direito Diretores dos Foros, Membros do Minist\u00e9rio P\u00fablico, Advogados, Not\u00e1rios e Registradores, Serventu\u00e1rios e a quem mais possa interessar, que observem os comunicados em anexo, e adotem as provid\u00eancias que entenderem pertinentes.-\u00a0<span style=\"color: #ff0000;\"><strong>REPUBLICA\u00c7\u00c3O<\/strong><\/span><\/p>\n<p style=\"text-align: justify;\"><strong><a href=\"https:\/\/www.tjes.jus.br\/corregedoria\/2018\/05\/24\/oficio-circular-n-o-38-2018-disp-18-05-2018\/\">Of\u00edcio Circular n\u00ba 038\/2018<\/a>\u00a0(Disponibilizado em 18\/05\/2018)<\/strong> &#8211; Recomenda aos Ju\u00edzes de Direito Diretores dos Foros, Membros do Minist\u00e9rio P\u00fablico, Advogados, Not\u00e1rios e Registradores, Serventu\u00e1rios e a quem mais possa interessar, que observem os comunicados em anexo, e adotem as provid\u00eancias que entenderem pertinentes.-\u00a0<span style=\"color: #ff0000;\"><strong>REPUBLICA\u00c7\u00c3O<\/strong><\/span><\/p>\n<p style=\"text-align: justify;\"><strong><a href=\"https:\/\/www.tjes.jus.br\/corregedoria\/2018\/05\/24\/oficio-circular-no-041-2018-disp-16-05-2018-republicado\/\">Of\u00edcio Circular n\u00ba 041\/2018\u00a0<\/a>(Disponibilizado em 16\/05\/2018)<\/strong> &#8211;\u00a0Recomenda aos Ju\u00edzes de Direito Diretores dos Foros, Membros do Minist\u00e9rio P\u00fablico, Advogados, Not\u00e1rios e Registradores, Serventu\u00e1rios e a quem mais possa interessar, que observem os comunicados em anexo, e adotem as provid\u00eancias que entenderem pertinentes. &#8211;\u00a0<span style=\"color: #ff0000;\"><strong>REPUBLICADO<\/strong><\/span><\/p>\n<p style=\"text-align: justify;\"><strong><a href=\"https:\/\/www.tjes.jus.br\/corregedoria\/2018\/05\/24\/oficio-circular-no-040-2018-disp-16-05-2018-republicado\/\">Of\u00edcio Circular n\u00ba 040\/2018<\/a>\u00a0(Disponibilizado em 16\/05\/2018)<\/strong> &#8211;\u00a0Recomenda aos Ju\u00edzes de Direito Diretores dos Foros, Membros do Minist\u00e9rio P\u00fablico, Advogados, Not\u00e1rios e Registradores, Serventu\u00e1rios e a quem mais possa interessar, que observem os comunicados em anexo, e adotem as provid\u00eancias que entenderem pertinentes. &#8211;\u00a0<span style=\"color: #ff0000;\"><strong>REPUBLICADO<\/strong><\/span><\/p>\n<p style=\"text-align: justify;\"><strong><a href=\"https:\/\/www.tjes.jus.br\/corregedoria\/2018\/05\/24\/oficio-circular-no-039-2018-disp-16-05-2018-republicado\/\">Of\u00edcio Circular n\u00ba 039\/2018<\/a>\u00a0(Disponibilizado em 16\/05\/2018)<\/strong> &#8211;\u00a0Recomenda aos Ju\u00edzes de Direito Diretores dos Foros, Membros do Minist\u00e9rio P\u00fablico, Advogados, Not\u00e1rios e Registradores, Serventu\u00e1rios e a quem mais possa interessar, que observem os comunicados em anexo, e adotem as provid\u00eancias que entenderem pertinentes. &#8211;\u00a0<span style=\"color: #ff0000;\"><strong>REPUBLICADO<\/strong><\/span><\/p>\n<p style=\"text-align: justify;\"><strong><a href=\"https:\/\/www.tjes.jus.br\/corregedoria\/2018\/05\/24\/oficio-circular-no-038-2018-disp-16-05-2018\/\">Of\u00edcio Circular n\u00ba 038\/2018<\/a>\u00a0(Disponibilizado em 16\/05\/2018)<\/strong> &#8211; Recomenda\u00a0aos Ju\u00edzes de Direito Diretores dos Foros, Membros do Minist\u00e9rio P\u00fablico, Advogados, Not\u00e1rios e Registradores, Serventu\u00e1rios e a quem mais possa interessar, que observem os comunicados em anexo, e adotem as provid\u00eancias que entenderem pertinentes. &#8211;\u00a0<span style=\"color: #ff0000;\"><strong>REPUBLICADO<\/strong><\/span><\/p>\n<p style=\"text-align: justify;\"><strong><a href=\"https:\/\/www.tjes.jus.br\/corregedoria\/2018\/04\/19\/oficio-circular-no-036-2018-disp-19-04-2018\/\">Of\u00edcio Circular n\u00ba 036\/2018<\/a>\u00a0(Disponibilizado em 19\/04\/2018)<\/strong> &#8211;\u00a0Recomenda aos Ju\u00edzes de Direito Diretores dos F\u00f3runs, Membros do Minist\u00e9rio P\u00fablico, Advogados, Not\u00e1rios e Registradores, Serventu\u00e1rios e a quem mais possa interessar, que observem o comunicado sobre o extravio de selo hologr\u00e1fico de autenticidade oriundo do 2\u00ba Juizado Especial C\u00edvel da Comarca de Boa Vista\/RR, e adotem as provid\u00eancias que entenderem pertinentes.<\/p>\n<p style=\"text-align: justify;\"><strong><a href=\"https:\/\/www.tjes.jus.br\/corregedoria\/2018\/04\/19\/oficio-circular-no-035-2018-disp-19-04-2018\/\">Of\u00edcio Circular n\u00ba 035\/2018<\/a>\u00a0(Disponibilizado em 19\/04\/2018)<\/strong> &#8211;\u00a0Recomenda aos Ju\u00edzes de Direito Diretores dos F\u00f3runs, Membros do Minist\u00e9rio P\u00fablico, Advogados, Not\u00e1rios e Registradores, Serventu\u00e1rios e a quem mais possa interessar, que observem o comunicado sobre a inutiliza\u00e7\u00e3o de pap\u00e9is de seguran\u00e7a do Tabelionato de Notas e Protesto de T\u00edtulos da Comarca de Porto Belo\/SC, e adotem as provid\u00eancias que entenderem pertinentes.<\/p>\n<p style=\"text-align: justify;\"><strong><a href=\"https:\/\/www.tjes.jus.br\/corregedoria\/2018\/04\/19\/oficio-circular-no-034-2018-disp-19-04-2018\/\">Of\u00edcio Circular n\u00ba 034\/2018<\/a>\u00a0(Disponibilizado em 19\/04\/2018)<\/strong> &#8211;\u00a0Recomenda aos Ju\u00edzes de Direito Diretores dos F\u00f3runs, Membros do Minist\u00e9rio P\u00fablico, Advogados, Not\u00e1rios e Registradores, Serventu\u00e1rios e a quem mais possa interessar, que observem o comunicado sobre a ocorr\u00eancia de falsifica\u00e7\u00e3o, roubo, furto, extravio, danifica\u00e7\u00e3o e reutiliza\u00e7\u00e3o de selos, cart\u00f5es de assinatura e pap\u00e9is de seguran\u00e7a, do Estado de S\u00e3o Paulo, e adotem as provid\u00eancias que entenderem pertinentes.<\/p>\n<p style=\"text-align: justify;\"><strong><a href=\"https:\/\/www.tjes.jus.br\/corregedoria\/2018\/04\/19\/oficio-circular-no-033-2018-disp-19-04-2018\/\">Of\u00edcio Circular n\u00ba 033\/2018<\/a>\u00a0(Disponibilizado em 19\/04\/2018)<\/strong> &#8211;\u00a0Recomenda aos Ju\u00edzes de Direito Diretores dos F\u00f3runs, Membros do Minist\u00e9rio P\u00fablico, Advogados, Not\u00e1rios e Registradores, Serventu\u00e1rios e a quem mais possa interessar, que observem o comunicado sobre a inutiliza\u00e7\u00e3o do papel de seguran\u00e7a do Tabelionato de Notas e Protesto de T\u00edtulos da Comarca de S\u00e3o Jos\u00e9\/SC, e adotem as provid\u00eancias que entenderem pertinentes.<\/p>\n<p style=\"text-align: justify;\"><strong><a href=\"https:\/\/www.tjes.jus.br\/corregedoria\/2018\/04\/19\/oficio-circular-no-032-2018-disp-19-04-2018\/\">Of\u00edcio Circular n\u00ba 032\/2018<\/a>\u00a0(Disponibilizado em 19\/04\/2018)<\/strong> &#8211;\u00a0Recomenda aos Ju\u00edzes de Direito Diretores dos F\u00f3runs, Membros do Minist\u00e9rio P\u00fablico, Advogados, Not\u00e1rios e Registradores, Serventu\u00e1rios e a quem mais possa interessar, que observem o comunicado sobre a inutiliza\u00e7\u00e3o de formul\u00e1rios de Apostila de Haia, por erro de impress\u00e3o, do Estado de Santa Catarina, e adotem as provid\u00eancias que entenderem pertinentes.<\/p>\n<p style=\"text-align: justify;\"><strong><a href=\"https:\/\/www.tjes.jus.br\/corregedoria\/2018\/03\/28\/oficio-circular-no-031-2018-disp-28-03-2018\/\">Of\u00edcio Circular n\u00ba 031\/2018<\/a>\u00a0(Disponibilizado em 28\/03\/2018)<\/strong> &#8211;\u00a0Recomenda aos Ju\u00edzes de Direito Diretores dos F\u00f3runs, Membros do Minist\u00e9rio P\u00fablico, Advogados, Not\u00e1rios e Registradores, Serventu\u00e1rios e a quem mais possa interessar, que observem o comunicado sobre o extravio de selo hologr\u00e1fico de autenticidade oriundo da Vara da Justi\u00e7a Itinerante da Comarca de Boa Vista\/RR, e adotem as provid\u00eancias que entenderem pertinentes.<\/p>\n<p style=\"text-align: justify;\"><strong><a href=\"https:\/\/www.tjes.jus.br\/corregedoria\/2018\/04\/19\/oficio-circular-no-030-2018-disp-19-04-2018\/\">Of\u00edcio Circular n\u00ba 030\/2018<\/a>\u00a0(Disponibilizado em 19\/04\/2018)<\/strong> &#8211;\u00a0Recomenda aos Ju\u00edzes de Direito Diretores dos F\u00f3runs, Membros do Minist\u00e9rio P\u00fablico, Advogados, Not\u00e1rios e Registradores, Serventu\u00e1rios e a quem mais possa interessar, que observem o comunicado sobre a inutiliza\u00e7\u00e3o do Papel de Seguran\u00e7a que seria utilizado para o ato de aposi\u00e7\u00e3o de apostila do Estado de Santa Catarina, e adotem as provid\u00eancias que entenderem pertinentes.<\/p>\n<p style=\"text-align: justify;\"><strong><a href=\"https:\/\/www.tjes.jus.br\/corregedoria\/2018\/03\/28\/oficio-circular-no-029-2018-disp-28-03-2018\/\">Of\u00edcio Circular n\u00ba 029\/2018<\/a>\u00a0(Disponibilizado em 28\/03\/2018)<\/strong> &#8211;\u00a0Recomenda aos Ju\u00edzes de Direito Diretores dos F\u00f3runs, Membros do Minist\u00e9rio P\u00fablico, Advogados, Not\u00e1rios e Registradores, Serventu\u00e1rios e a quem mais possa interessar, que observem o comunicado sobre a averba\u00e7\u00e3o da interdi\u00e7\u00e3o na procura\u00e7\u00e3o p\u00fablica lavrada na Escrivania de Paz da Comarca de Sombrio\/SC, e adotem as provid\u00eancias que entenderem pertinentes.<\/p>\n<p style=\"text-align: justify;\"><strong><a href=\"https:\/\/www.tjes.jus.br\/corregedoria\/2018\/03\/22\/oficio-circular-no-028-2018-disp-22-03-2018\/\">Of\u00edcio Circular n\u00ba 028\/2018<\/a>\u00a0(Disponibilizado em 22\/03\/2018)<\/strong> &#8211; Recomenda aos Ju\u00edzes de Direito Diretores dos F\u00f3runs, Membros do Minist\u00e9rio P\u00fablico, Advogados, Not\u00e1rios e Registradores, Serventu\u00e1rios e a quem mais possa interessar, que observem o comunicado sobre a ocorr\u00eancia de falsifica\u00e7\u00e3o, roubo, furto, extravio, danifica\u00e7\u00e3o e reutiliza\u00e7\u00e3o de selos, cart\u00f5es de assinatura e pap\u00e9is de seguran\u00e7a do Estado de S\u00e3o Paulo, e adotem as provid\u00eancias que entenderem pertinentes.<\/p>\n<p style=\"text-align: justify;\"><strong><a href=\"https:\/\/www.tjes.jus.br\/corregedoria\/2018\/03\/22\/oficio-circular-no-27-2018-disp-22-03-2018\/\">Of\u00edcio Circular n\u00ba 027\/2018<\/a>\u00a0(Disponibilizado em 22\/03\/2018)<\/strong> &#8211; Recomenda aos Ju\u00edzes de Direito Diretores dos F\u00f3runs, Membros do Minist\u00e9rio P\u00fablico, Advogados, Not\u00e1rios e Registradores, Serventu\u00e1rios e a quem mais possa interessar, que observem o comunicado sobre o cancelamento de Procura\u00e7\u00e3o e de Selo de Fiscaliza\u00e7\u00e3o, da Serventia de Registro de Im\u00f3veis, Pessoas Jur\u00eddicas, T\u00edtulos e Documentos, Protestos e Tabelionato de Notas de Aparecida do Rio Negro, Comarca de Novo Acordo\/TO, e adotem as provid\u00eancias que entenderem pertinentes.<\/p>\n<p style=\"text-align: justify;\"><strong><a href=\"https:\/\/www.tjes.jus.br\/corregedoria\/2018\/03\/22\/oficio-circular-no-026-2018-disp-22-03-2018\/\">Of\u00edcio Circular n\u00ba 026\/2018<\/a>\u00a0(Disponibilizado em 22\/03\/2018)<\/strong> &#8211; Recomenda aos Ju\u00edzes de Direito Diretores dos F\u00f3runs, Membros do Minist\u00e9rio P\u00fablico, Advogados, Not\u00e1rios e Registradores, Serventu\u00e1rios e a quem mais possa interessar, que observem o comunicado sobre ind\u00edcios de falsifica\u00e7\u00e3o de reconhecimento de firma em Instrumento Particular de Procura\u00e7\u00e3o para transfer\u00eancia de ve\u00edculo, oriunda do Servi\u00e7o Notarial de Crissiumal\/RS, e adotem as provid\u00eancias que entenderem pertinentes.<\/p>\n<p style=\"text-align: justify;\"><strong><a href=\"https:\/\/www.tjes.jus.br\/corregedoria\/2018\/02\/28\/oficio-circular-no-023-2018-disp-28-02-2018\/\">Of\u00edcio Circular n\u00ba 023\/2018<\/a>\u00a0(Disponibilizado em 28\/02\/2018)<\/strong> &#8211; Recomenda aos Ju\u00edzes de Direito Diretores dos F\u00f3runs, Membros do Minist\u00e9rio P\u00fablico, Advogados, Not\u00e1rios e Registradores, Serventu\u00e1rios e a quem mais possa interessar, que observem o comunicado sobre a Decis\u00e3o que determina o cancelamento da Procura\u00e7\u00e3o oriunda do Cart\u00f3rio de Registro de Im\u00f3veis, Pessoas Jur\u00eddicas, T\u00edtulos, Documentos, Protestos e Tabelionato de Notas de Couto Magalh\u00e3es distrito da Comarca de Colm\u00e9ia\/TO, e adotem as provid\u00eancias que entenderem pertinentes.<\/p>\n<p style=\"text-align: justify;\"><strong><a href=\"https:\/\/www.tjes.jus.br\/corregedoria\/2018\/02\/28\/oficio-circular-no-022-2018-disp-28-02-2018\/\">Of\u00edcio Circular n\u00ba 022\/2018<\/a>\u00a0(Disponibilizado em 28\/02\/2018)<\/strong> &#8211; Recomenda aos Ju\u00edzes de Direito Diretores dos F\u00f3runs, Membros do Minist\u00e9rio P\u00fablico, Advogados, Not\u00e1rios e Registradores, Serventu\u00e1rios e a quem mais possa interessar, que observem o comunicado sobre a inutiliza\u00e7\u00e3o de pap\u00e9is de seguran\u00e7a para o ato de aposi\u00e7\u00e3o da apostila do Cart\u00f3rio do 3\u00ba Of\u00edcio de Notas de Vit\u00f3ria\/ES, e adotem as provid\u00eancias que entenderem pertinentes.<\/p>\n<p style=\"text-align: justify;\"><strong><a href=\"https:\/\/www.tjes.jus.br\/corregedoria\/2018\/02\/28\/oficio-circular-no-021-2018-disp-28-02-2018\/\">Of\u00edcio Circular n\u00ba 021\/2018<\/a>\u00a0(Disponibilizado em 28\/02\/2018)<\/strong> &#8211; Recomenda aos Ju\u00edzes de Direito Diretores dos F\u00f3runs, Membros do Minist\u00e9rio P\u00fablico, Advogados, Not\u00e1rios e Registradores, Serventu\u00e1rios e a quem mais possa interessar, que observem o comunicado sobre a inutiliza\u00e7\u00e3o de pap\u00e9is de seguran\u00e7a para o ato de aposi\u00e7\u00e3o da apostila do Cart\u00f3rio de Registro Civil das Pessoas F\u00edsicas e Jur\u00eddicas e Tabelionato de Notas da 1\u00ba Zona de Vit\u00f3ria\/ES, e adotem as provid\u00eancias que entenderem pertinentes.<\/p>\n<p style=\"text-align: justify;\"><strong><a href=\"https:\/\/www.tjes.jus.br\/corregedoria\/2018\/02\/20\/oficio-circular-no-020-2018-disp-20-02-2018\/\">Of\u00edcio Circular n\u00ba 020\/2018<\/a>\u00a0(Disponibilizado em 20\/02\/2018)<\/strong> &#8211; Determina\u00a0que os Delegat\u00e1rios adotem todas as medidas necess\u00e1rias para o fiel cumprimento do art. 171, par\u00e1grafo \u00fanico; art. 195-A, \u00a7 1\u00ba e art. 295, par\u00e1grafo \u00fanico, todas da <a href=\"http:\/\/www.planalto.gov.br\/CCIVIL_03\/LEIS\/L6015consolidado.htm\" target=\"_blank\" rel=\"noopener\">Lei n.\u00ba 6.015\/73<\/a>, encerrando as transcri\u00e7\u00f5es com a consequente abertura de matr\u00edcula de im\u00f3veis.<\/p>\n<p style=\"text-align: justify;\"><strong><a href=\"https:\/\/www.tjes.jus.br\/corregedoria\/2018\/02\/20\/oficio-circular-no-019-2018-disp-20-02-2018\/\">Of\u00edcio Circular n\u00ba 019\/2018<\/a>\u00a0(Disponibilizado em 20\/02\/2018)<\/strong> &#8211; Determina\u00a0que os not\u00e1rios e registradores adotem todas as medidas necess\u00e1rias ao fiel cumprimento do art. 231, \u00a7 6\u00ba, da CF\/88; art. 246, \u00a7\u00a7 3\u00ba e 4\u00ba, e art. 250, IV, da <a href=\"http:\/\/www.planalto.gov.br\/CCIVIL_03\/LEIS\/L6015consolidado.htm\" target=\"_blank\" rel=\"noopener\">Lei n.\u00ba 6.015\/73<\/a>, para que sejam declarados nulos e ineficazes os atos que tenham por objeto a ocupa\u00e7\u00e3o, o dom\u00ednio ou a posse de terras ind\u00edgenas.<\/p>\n<p style=\"text-align: justify;\"><strong><a href=\"https:\/\/www.tjes.jus.br\/corregedoria\/2018\/02\/20\/oficio-circular-no-013-2018-disp-20-02-2018\/\">Of\u00edcio Circular n\u00ba 018\/2018<\/a>\u00a0(Disponibilizado em 20\/02\/2018)<\/strong> &#8211; Determina que os Delegat\u00e1rios adotem todas as medidas necess\u00e1rias para que sejam cancelados administrativamente os registros e matr\u00edculas de im\u00f3veis rurais, nos termos da <a href=\"http:\/\/www.planalto.gov.br\/ccivil_03\/leis\/l6739.htm\" target=\"_blank\" rel=\"noopener\">Lei n.\u00ba 6.739\/79<\/a>, estando sujeitos \u00e0 fiscaliza\u00e7\u00e3o por esta CGJ.<\/p>\n<p style=\"text-align: justify;\"><strong><a href=\"https:\/\/www.tjes.jus.br\/corregedoria\/2018\/02\/22\/oficio-circular-no-017-2018-disp-22-02-2018\/\">Of\u00edcio Circular n\u00ba 017\/2018<\/a>\u00a0(Disponibilizado em 22\/02\/2018)<\/strong> &#8211; Recomenda aos Ju\u00edzes de Direito Diretores dos F\u00f3runs, Membros do Minist\u00e9rio P\u00fablico, Advogados, Not\u00e1rios e Registradores, Serventu\u00e1rios e a quem mais possa interessar, que observem o comunicado sobre o extravio do selo hologr\u00e1fico de autenticidade n\u00ba 169696 oriundo da Vara da Justi\u00e7a Itinerante da Comarca de Boa Vista\/RR, e adotem as provid\u00eancias que entenderem pertinentes.<\/p>\n<p style=\"text-align: justify;\"><strong><a href=\"https:\/\/www.tjes.jus.br\/corregedoria\/2018\/02\/22\/oficio-circular-no-016-2018-disp-22-02-2018\/\">Of\u00edcio Circular n\u00ba 016\/2018<\/a>\u00a0(Disponibilizado em 22\/02\/2018)<\/strong> &#8211; Recomenda aos Ju\u00edzes de Direito Diretores dos F\u00f3runs, Membros do Minist\u00e9rio P\u00fablico, Advogados, Not\u00e1rios e Registradores, Serventu\u00e1rios e a quem mais possa interessar, que observem o comunicado sobre a ocorr\u00eancia de falsifica\u00e7\u00e3o, roubo, furto, extravio, danifica\u00e7\u00e3o e reutiliza\u00e7\u00e3o de selos, cart\u00f5es de assinatura e pap\u00e9is de seguran\u00e7a do Estado de S\u00e3o Paulo, e adotem as provid\u00eancias que entenderem pertinentes.<\/p>\n<p style=\"text-align: justify;\"><strong><a href=\"https:\/\/www.tjes.jus.br\/corregedoria\/2018\/02\/22\/oficio-circular-no-15-2018-disp-22-02-2018\/\">Of\u00edcio Circular n\u00ba 015\/2018<\/a>\u00a0(Disponibilizado em 22\/02\/2018)<\/strong> &#8211; Recomenda aos Ju\u00edzes de Direito Diretores dos F\u00f3runs, Membros do Minist\u00e9rio P\u00fablico, Advogados, Not\u00e1rios e Registradores, Serventu\u00e1rios e a quem mais possa interessar, que observem o comunicado sobre a incinera\u00e7\u00e3o de selos f\u00edsicos elencados no Relat\u00f3rio 35\/2017, em anexo, do Cart\u00f3rio do Registro de Im\u00f3veis, Registro de T\u00edtulos e Documentos, Civil das Pessoas Jur\u00eddicas e Civil das Pessoas Naturais e de Interdi\u00e7\u00f5es e Tutelas da Comarca de Auril\u00e2ndia\/GO, e adotem as provid\u00eancias que entenderem pertinentes.<\/p>\n<p style=\"text-align: justify;\"><strong><a href=\"https:\/\/www.tjes.jus.br\/corregedoria\/2018\/02\/22\/oficio-circular-no-014-2018-disp-22-02-2018\/\">Of\u00edcio Circular n\u00ba 014\/2018<\/a>\u00a0(Disponibilizado em 22\/02\/2018)<\/strong> &#8211; Recomenda aos Ju\u00edzes de Direito Diretores dos F\u00f3runs, Membros do Minist\u00e9rio P\u00fablico, Advogados, Not\u00e1rios e Registradores, Serventu\u00e1rios e a quem mais possa interessar, que observem o comunicado sobre o cancelamento de procura\u00e7\u00e3o lavrada \u00e0s fl. 66, do livro 0170, oriunda do Cart\u00f3rio de Tabelionato de Notas da Comarca de Santo Ant\u00f4nio do Descoberto\/GO, e adotem as provid\u00eancias que entenderem pertinentes.<\/p>\n<p style=\"text-align: justify;\"><strong><a href=\"https:\/\/www.tjes.jus.br\/corregedoria\/2018\/02\/22\/oficio-circular-no-013-2018-disp-22-02-2018-republicacao\/\">Of\u00edcio Circular n\u00ba 013\/2018<\/a>\u00a0(Disponibilizado em 22\/02\/2018)<\/strong> &#8211; Recomenda aos Ju\u00edzes de Direito Diretores dos F\u00f3runs, Membros do Minist\u00e9rio P\u00fablico, Advogados, Not\u00e1rios e Registradores, Serventu\u00e1rios e a quem mais possa interessar, que observem o comunicado sobre a inutiliza\u00e7\u00e3o de pap\u00e9is de seguran\u00e7a para o ato de aposi\u00e7\u00e3o da apostila do Cart\u00f3rio do Tabelionato de Notas de S\u00e3o Jos\u00e9 do Ouro\/RS, e adotem as provid\u00eancias que entenderem pertinentes. &#8211; <span style=\"color: #ff0000;\"><strong>REPUBLICA\u00c7\u00c3O<\/strong><\/span><\/p>\n<p style=\"text-align: justify;\"><strong><a href=\"https:\/\/www.tjes.jus.br\/corregedoria\/2018\/02\/20\/oficio-circular-no-013-2018-disp-20-02-2018\/\">Of\u00edcio Circular n\u00ba 013\/2018<\/a>\u00a0(Disponibilizado em 20\/02\/2018)<\/strong> &#8211; Recomenda aos Ju\u00edzes de Direito Diretores dos F\u00f3runs, Membros do Minist\u00e9rio P\u00fablico, Advogados, Not\u00e1rios e Registradores, Serventu\u00e1rios e a quem mais possa interessar, que observem o comunicado sobre a inutiliza\u00e7\u00e3o de pap\u00e9is de seguran\u00e7a para o ato de aposi\u00e7\u00e3o da apostila do Cart\u00f3rio do Tabelionato de Notas de S\u00e3o Jos\u00e9 do Ouro\/RS, e adotem as provid\u00eancias que entenderem pertinentes. &#8211; <span style=\"color: #ff0000;\"><strong>REPUBLICADO<\/strong><\/span><\/p>\n<p style=\"text-align: justify;\"><strong><a href=\"https:\/\/www.tjes.jus.br\/corregedoria\/2018\/02\/20\/oficio-circular-no-012-2018-disp-20-02-2018\/\">Of\u00edcio Circular n\u00ba 012\/2018<\/a>\u00a0(Disponibilizado em 20\/02\/2018)<\/strong> &#8211; Recomenda aos Ju\u00edzes de Direito Diretores dos F\u00f3runs, Membros do Minist\u00e9rio P\u00fablico, Advogados, Not\u00e1rios e Registradores, Serventu\u00e1rios e a quem mais possa interessar, que observem o comunicado sobre a ocorr\u00eancia de falsifica\u00e7\u00e3o, roubo, furto, extravio, danifica\u00e7\u00e3o e reutiliza\u00e7\u00e3o de selos, cart\u00f5es de assinatura e pap\u00e9is de seguran\u00e7a do Estado de S\u00e3o Paulo, e adotem as provid\u00eancias que entenderem pertinentes.<\/p>\n<p style=\"text-align: justify;\"><strong><a href=\"https:\/\/www.tjes.jus.br\/corregedoria\/2018\/02\/09\/oficio-circular-no-0112018-disp-09022018\/\">Of\u00edcio Circular n\u00ba 011\/2018<\/a>\u00a0(Disponibilizado em 09\/02\/2018)<\/strong> &#8211; Determina, de maneira excepcional, o n\u00e3o funcionamento dos servi\u00e7os notariais e registrais do Estado do Esp\u00edrito Santo nos dias 12 e 13\/02\/2018, bem como o funcionamento, no dia 14 do mesmo m\u00eas, a partir das 12:00 horas.<\/p>\n<p style=\"text-align: justify;\"><strong><a href=\"https:\/\/www.tjes.jus.br\/corregedoria\/2018\/02\/06\/oficio-circular-no-0102018-disp-06022018\/\">Of\u00edcio Circular n\u00ba 010\/2018<\/a>\u00a0(Disponibilizado em 06\/02\/2018)<\/strong> &#8211; Republica a LISTA DE ENQUADRAMENTOS LEGAIS para o exerc\u00edcio de 2018.<\/p>\n<p style=\"text-align: justify;\"><strong><a href=\"https:\/\/www.tjes.jus.br\/corregedoria\/2018\/02\/02\/oficio-circular-no-0092018-disp-02022018\/\">Of\u00edcio Circular n\u00ba 009\/2018<\/a>\u00a0(Disponibilizado em 02\/02\/2018)<\/strong> &#8211; Recomenda aos Ju\u00edzes de Direito Diretores dos F\u00f3runs, Membros do Minist\u00e9rio P\u00fablico, Advogados, Not\u00e1rios e Registradores, Serventu\u00e1rios e a quem mais possa interessar, que observem o comunicado sobre a inutiliza\u00e7\u00e3o de pap\u00e9is de seguran\u00e7a para o ato de aposi\u00e7\u00e3o da apostila do Cart\u00f3rio do 3\u00ba Of\u00edcio de Notas de Vit\u00f3ria\/ES, e adotem as provid\u00eancias que entenderem pertinentes.<\/p>\n<p style=\"text-align: justify;\"><strong><a href=\"https:\/\/www.tjes.jus.br\/corregedoria\/2018\/02\/02\/oficio-circular-no-0082018-disp-02022018\/\">Of\u00edcio Circular n\u00ba 008\/2018<\/a>\u00a0(Disponibilizado em 02\/02\/2018)<\/strong> &#8211; Recomenda aos Ju\u00edzes de Direito Diretores dos F\u00f3runs, Membros do Minist\u00e9rio P\u00fablico, Advogados, Not\u00e1rios e Registradores, Serventu\u00e1rios e a quem mais possa interessar, que observem o comunicado sobre a inutiliza\u00e7\u00e3o de pap\u00e9is de seguran\u00e7a para o ato de aposi\u00e7\u00e3o da apostila do Cart\u00f3rio de Registro Civil das Pessoas F\u00edsicas e Jur\u00eddicas e Tabelionato de Notas da 1\u00ba Zona de Vit\u00f3ria\/ES, e adotem as provid\u00eancias que entenderem pertinentes.<\/p>\n<p style=\"text-align: justify;\"><strong><a href=\"https:\/\/www.tjes.jus.br\/corregedoria\/2018\/02\/02\/oficio-circular-no-0072018-disp-02022018\/\">Of\u00edcio Circular n\u00ba 007\/2018<\/a>\u00a0(Disponibilizado em 02\/02\/2018)<\/strong> &#8211; Recomenda aos Ju\u00edzes de Direito Diretores dos F\u00f3runs, Membros do Minist\u00e9rio P\u00fablico, Advogados, Not\u00e1rios e Registradores, Serventu\u00e1rios e a quem mais possa interessar, que observem o comunicado sobre a inutiliza\u00e7\u00e3o de pap\u00e9is de seguran\u00e7a para o ato de aposi\u00e7\u00e3o da apostila do Cart\u00f3rio do 2\u00ba Of\u00edcio de Notas de Vila Velha\/ES, e adotem as provid\u00eancias que entenderem pertinentes.<\/p>\n<p style=\"text-align: justify;\"><strong><a href=\"https:\/\/www.tjes.jus.br\/corregedoria\/2018\/02\/02\/oficio-circular-no-0062018-disp-02022018\/\">Of\u00edcio Circular n\u00ba 006\/2018<\/a>\u00a0(Disponibilizado em 02\/02\/2018)<\/strong> &#8211; Recomenda aos Ju\u00edzes de Direito Diretores dos F\u00f3runs, Membros do Minist\u00e9rio P\u00fablico, Advogados, Not\u00e1rios e Registradores, Serventu\u00e1rios e a quem mais possa interessar, que observem o comunicado sobre a inutiliza\u00e7\u00e3o de pap\u00e9is de seguran\u00e7a para o ato de aposi\u00e7\u00e3o da apostila do Cart\u00f3rio do 2\u00ba Of\u00edcio de Notas de Vit\u00f3ria\/ES, e adotem as provid\u00eancias que entenderem pertinentes.<\/p>\n<p style=\"text-align: justify;\"><strong><a href=\"https:\/\/www.tjes.jus.br\/corregedoria\/2018\/01\/26\/oficio-circular-no-0052018-disp-26012018\/\">Of\u00edcio Circular n\u00ba 005\/2018<\/a>\u00a0(Disponibilizado em 26\/01\/2018)<\/strong> &#8211; Recomenda aos Ju\u00edzes de Direito Diretores dos Foros, Membros do Minist\u00e9rio P\u00fablico, Advogados, Not\u00e1rios e Registradores, Serventu\u00e1rios e a quem mais possa interessar, que observem os comunicados da Corregedoria Geral da Justi\u00e7a do Estado de S\u00e3o Paulo sobre a ocorr\u00eancia de falsifica\u00e7\u00e3o, roubo, furto, extravio, danifica\u00e7\u00e3o e reutiliza\u00e7\u00e3o de selos, cart\u00f5es de assinatura e pap\u00e9is de seguran\u00e7a, e adotem as provid\u00eancias que entenderem pertinentes.<\/p>\n<p style=\"text-align: justify;\"><strong><a href=\"https:\/\/www.tjes.jus.br\/corregedoria\/2018\/01\/23\/oficio-circular-cgjes-no-0042018-disp-23012018\/\">Of\u00edcio Circular n\u00ba 004\/2018<\/a>\u00a0(Disponibilizado em 23\/01\/2018)<\/strong> &#8211; Recomenda aos Srs. e Srs\u00aa. Tabeli\u00e3es e Oficiais de Notas e Registradores do foro extrajudicial do Estado do Esp\u00edrito Santo, e a quem mais possa interessar, que observem o conte\u00fado da comunica\u00e7\u00e3o acerca de confec\u00e7\u00e3o de procura\u00e7\u00e3o com o uso de documentos adulterados pelo 10\u00ba Servi\u00e7o Notarial Tabelionato de Notas de Porto Alegre\/RS, e adotem as provid\u00eancias que entenderem pertinentes.<\/p>\n<p style=\"text-align: justify;\"><strong><a href=\"https:\/\/www.tjes.jus.br\/corregedoria\/2018\/01\/15\/oficio-circular-no-0032018-disp-15012018\/\">Of\u00edcio Circular n\u00ba 003\/2018<\/a>\u00a0(Disponibilizado em 15\/01\/2018)<\/strong> &#8211;\u00a0Recomenda aos Ju\u00edzes de Direito Diretores dos F\u00f3runs, Membros do Minist\u00e9rio P\u00fablico, Advogados, Not\u00e1rios e Registradores, Serventu\u00e1rios e a quem mais possa interessar, que observem o comunicado sobre o extravio de selo digital oriundo da Serventia Extrajudicial da Comarca de Bujari\/AC, e adotem as provid\u00eancias que entenderem pertinentes.<\/p>\n<p style=\"text-align: justify;\"><strong><a href=\"https:\/\/www.tjes.jus.br\/corregedoria\/2018\/01\/15\/oficio-circular-no-0022018-disp-15012018\/\">Of\u00edcio Circular n\u00ba 002\/2018<\/a>\u00a0(Disponibilizado em 15\/01\/2018)<\/strong> &#8211;\u00a0Recomenda aos Ju\u00edzes de Direito Diretores dos F\u00f3runs, Membros do Minist\u00e9rio P\u00fablico, Advogados, Not\u00e1rios e Registradores, Serventu\u00e1rios e a quem mais possa interessar, que observem o comunicado sobre a inutiliza\u00e7\u00e3o dos pap\u00e9is de seguran\u00e7a do Cart\u00f3rio do 3\u00ba Of\u00edcio de Notas de Vit\u00f3ria\/ES, e adotem as provid\u00eancias que entenderem pertinentes. &#8211; <span style=\"color: #ff0000;\"><strong>REPUBLICADO EM 16\/01\/2018 POR TER SIDO PUBLICADO SEM O ANEXO (<a href=\"https:\/\/www.tjes.jus.br\/corregedoria\/wp-content\/uploads\/2018\/01\/Oficio-Circular_002-2018_Anexo.pdf\" target=\"_blank\" rel=\"noopener\">CLIQUE AQUI<\/a>)<\/strong><\/span><\/p>\n<p style=\"text-align: justify;\"><strong><a href=\"https:\/\/www.tjes.jus.br\/corregedoria\/2018\/01\/10\/oficio-circular-no-0012018-disp-10012018\/\">Of\u00edcio Circular n\u00ba 001\/2018<\/a>\u00a0(Disponibilizado em 10\/01\/2018)<\/strong> &#8211; Referenda Atos n\u00bas <a href=\"https:\/\/www.tjes.jus.br\/corregedoria\/2017\/12\/19\/ato-no-1142017\/\" target=\"_blank\" rel=\"noopener\">114<\/a>, <a href=\"https:\/\/www.tjes.jus.br\/corregedoria\/2017\/12\/19\/ato-no-1152017\/\" target=\"_blank\" rel=\"noopener\">115<\/a> e <a href=\"https:\/\/www.tjes.jus.br\/corregedoria\/2017\/12\/19\/ato-no-1162017\/\" target=\"_blank\" rel=\"noopener\">116<\/a> de 2017, como tamb\u00e9m o <a href=\"https:\/\/www.tjes.jus.br\/corregedoria\/2018\/01\/09\/oficio-circular-no-1622017-disp-09012018\/\" target=\"_blank\" rel=\"noopener\">Of\u00edcio-Circular n\u00ba 162\/2017<\/a>, publicados no Di\u00e1rio da Justi\u00e7a em 09\/01\/2018.<\/p>\n","protected":false},"excerpt":{"rendered":"<p>Ano de 2018 &nbsp; Circular Geral de Vac\u00e2ncias CMFE n\u00ba\u00a0010\/2018 (Disponibilizado em 07\/02\/2019) &#8211;\u00a0Torna p\u00fablica a Rela\u00e7\u00e3o Geral de Vac\u00e2ncia das Delega\u00e7\u00f5es para a Atividade Notarial e de Registro do Estado do Esp\u00edrito Santo e que se encontram aptas a serem oferecidas em concurso p\u00fablico, respeitado o crit\u00e9rio de ingresso na rela\u00e7\u00e3o (provimento ou remo\u00e7\u00e3o), [&hellip;]<\/p>\n","protected":false},"author":12,"featured_media":0,"comment_status":"closed","ping_status":"closed","sticky":false,"template":"","format":"standard","meta":{"footnotes":""},"categories":[14,5],"tags":[],"_links":{"self":[{"href":"https:\/\/www.tjes.jus.br\/corregedoria\/wp-json\/wp\/v2\/posts\/28940"}],"collection":[{"href":"https:\/\/www.tjes.jus.br\/corregedoria\/wp-json\/wp\/v2\/posts"}],"about":[{"href":"https:\/\/www.tjes.jus.br\/corregedoria\/wp-json\/wp\/v2\/types\/post"}],"author":[{"embeddable":true,"href":"https:\/\/www.tjes.jus.br\/corregedoria\/wp-json\/wp\/v2\/users\/12"}],"replies":[{"embeddable":true,"href":"https:\/\/www.tjes.jus.br\/corregedoria\/wp-json\/wp\/v2\/comments?post=28940"}],"version-history":[{"count":2,"href":"https:\/\/www.tjes.jus.br\/corregedoria\/wp-json\/wp\/v2\/posts\/28940\/revisions"}],"predecessor-version":[{"id":28943,"href":"https:\/\/www.tjes.jus.br\/corregedoria\/wp-json\/wp\/v2\/posts\/28940\/revisions\/28943"}],"wp:attachment":[{"href":"https:\/\/www.tjes.jus.br\/corregedoria\/wp-json\/wp\/v2\/media?parent=28940"}],"wp:term":[{"taxonomy":"category","embeddable":true,"href":"https:\/\/www.tjes.jus.br\/corregedoria\/wp-json\/wp\/v2\/categories?post=28940"},{"taxonomy":"post_tag","embeddable":true,"href":"https:\/\/www.tjes.jus.br\/corregedoria\/wp-json\/wp\/v2\/tags?post=28940"}],"curies":[{"name":"wp","href":"https:\/\/api.w.org\/{rel}","templated":true}]}}