{"id":28951,"date":"2020-01-20T14:20:23","date_gmt":"2020-01-20T16:20:23","guid":{"rendered":"https:\/\/www.tjes.jus.br\/corregedoria\/?p=28951"},"modified":"2020-01-20T14:20:23","modified_gmt":"2020-01-20T16:20:23","slug":"oficio-circular-no-04-2020-disp-20-01-2020","status":"publish","type":"post","link":"https:\/\/www.tjes.jus.br\/corregedoria\/2020\/01\/20\/oficio-circular-no-04-2020-disp-20-01-2020\/","title":{"rendered":"OF\u00cdCIO CIRCULAR N\u00ba 04\/2020 \u2013 DISP. 20\/01\/2020"},"content":{"rendered":"<p style=\"text-align: center;\" align=\"center\"><strong>ESTADO DO ESP\u00cdRITO SANTO<\/strong><\/p>\n<p style=\"text-align: center;\" align=\"center\"><strong>PODER JUDICI\u00c1RIO<\/strong><\/p>\n<p style=\"text-align: center;\" align=\"center\"><strong>CORREGEDORIA GERAL DA JUSTI\u00c7A<\/strong><\/p>\n<p style=\"text-align: center;\"><strong>\u00a0<\/strong><\/p>\n<p style=\"text-align: center;\"><strong>OF\u00cdCIO-CIRCULAR N\u00ba 04\/2020<\/strong><\/p>\n<p style=\"text-align: center;\"><strong>Protocolo 2020.00.017.435<\/strong><\/p>\n<p><strong>\u00a0<\/strong><\/p>\n<p><strong>\u00a0<\/strong><\/p>\n<p><strong>\u00a0<\/strong><\/p>\n<p style=\"text-align: justify;\">Tendo em vista o comunicado recebido nesta Corregedoria Geral da Justi\u00e7a, conforme n\u00famero do protocolo em ep\u00edgrafe, oriundo da Corregedoria Geral da Justi\u00e7a do Estado do Santa Catarina\/SC, informando sobre a inutiliza\u00e7\u00e3o dos pap\u00e9is de seguran\u00e7a para aposi\u00e7\u00e3o de Apostila de Haia N\u00ba A4490654, oriundo do Tabelionato de Notas e Protestos de T\u00edtulos de Blumenau\/SC.<\/p>\n<p>&nbsp;<\/p>\n<p><strong>RECOMENDO\u00a0<\/strong>aos Ju\u00edzes de Direito, Serventu\u00e1rios, Not\u00e1rios e Registradores que adotem as devidas provid\u00eancias pertinentes.<\/p>\n<p>&nbsp;<\/p>\n<p><strong>CIENTIFIQUEM-SE<\/strong>, outrossim, os Membros do Minist\u00e9rio P\u00fablico e Advogados e a quem mais interessar.<\/p>\n<p>&nbsp;<\/p>\n<p><strong>Publique-se. Cumpra-se.<\/strong><\/p>\n<p><strong>\u00a0<\/strong><\/p>\n<p>Vit\u00f3ria\/ES, 16 de janeiro de 2020.<\/p>\n<p><strong>\u00a0<\/strong><\/p>\n<p>&nbsp;<\/p>\n<p><strong>\u00a0<\/strong><\/p>\n<p align=\"center\"><strong>Desembargador NEY BATISTA COUTINHO<\/strong><\/p>\n<p align=\"center\"><strong>Corregedor-Geral da Justi\u00e7a<\/strong><\/p>\n","protected":false},"excerpt":{"rendered":"<p>ESTADO DO ESP\u00cdRITO SANTO PODER JUDICI\u00c1RIO CORREGEDORIA GERAL DA JUSTI\u00c7A \u00a0 OF\u00cdCIO-CIRCULAR N\u00ba 04\/2020 Protocolo 2020.00.017.435 \u00a0 \u00a0 \u00a0 Tendo em vista o comunicado recebido nesta Corregedoria Geral da Justi\u00e7a, conforme n\u00famero do protocolo em ep\u00edgrafe, oriundo da Corregedoria Geral da Justi\u00e7a do Estado do Santa Catarina\/SC, informando sobre a inutiliza\u00e7\u00e3o dos pap\u00e9is de seguran\u00e7a [&hellip;]<\/p>\n","protected":false},"author":12,"featured_media":0,"comment_status":"closed","ping_status":"closed","sticky":false,"template":"","format":"standard","meta":{"footnotes":""},"categories":[14,5],"tags":[],"_links":{"self":[{"href":"https:\/\/www.tjes.jus.br\/corregedoria\/wp-json\/wp\/v2\/posts\/28951"}],"collection":[{"href":"https:\/\/www.tjes.jus.br\/corregedoria\/wp-json\/wp\/v2\/posts"}],"about":[{"href":"https:\/\/www.tjes.jus.br\/corregedoria\/wp-json\/wp\/v2\/types\/post"}],"author":[{"embeddable":true,"href":"https:\/\/www.tjes.jus.br\/corregedoria\/wp-json\/wp\/v2\/users\/12"}],"replies":[{"embeddable":true,"href":"https:\/\/www.tjes.jus.br\/corregedoria\/wp-json\/wp\/v2\/comments?post=28951"}],"version-history":[{"count":1,"href":"https:\/\/www.tjes.jus.br\/corregedoria\/wp-json\/wp\/v2\/posts\/28951\/revisions"}],"predecessor-version":[{"id":28952,"href":"https:\/\/www.tjes.jus.br\/corregedoria\/wp-json\/wp\/v2\/posts\/28951\/revisions\/28952"}],"wp:attachment":[{"href":"https:\/\/www.tjes.jus.br\/corregedoria\/wp-json\/wp\/v2\/media?parent=28951"}],"wp:term":[{"taxonomy":"category","embeddable":true,"href":"https:\/\/www.tjes.jus.br\/corregedoria\/wp-json\/wp\/v2\/categories?post=28951"},{"taxonomy":"post_tag","embeddable":true,"href":"https:\/\/www.tjes.jus.br\/corregedoria\/wp-json\/wp\/v2\/tags?post=28951"}],"curies":[{"name":"wp","href":"https:\/\/api.w.org\/{rel}","templated":true}]}}