{"id":29025,"date":"2020-01-27T13:21:17","date_gmt":"2020-01-27T15:21:17","guid":{"rendered":"https:\/\/www.tjes.jus.br\/corregedoria\/?p=29025"},"modified":"2020-01-27T13:21:17","modified_gmt":"2020-01-27T15:21:17","slug":"oficio-circular-no-14-2020-disp-27-01-2020","status":"publish","type":"post","link":"https:\/\/www.tjes.jus.br\/corregedoria\/2020\/01\/27\/oficio-circular-no-14-2020-disp-27-01-2020\/","title":{"rendered":"OF\u00cdCIO CIRCULAR N\u00ba 14\/2020 \u2013 DISP. 27\/01\/2020"},"content":{"rendered":"<p align=\"center\"><strong>ESTADO DO ESP\u00cdRITO SANTO<\/strong><\/p>\n<p align=\"center\"><strong>PODER JUDICI\u00c1RIO<\/strong><\/p>\n<p align=\"center\"><strong>CORREGEDORIA GERAL DA JUSTI\u00c7A<\/strong><\/p>\n<p align=\"center\">\n<p align=\"center\"><strong>OF\u00cdCIO CIRCULAR CGJES N.\u00ba 14\/2020<\/strong><\/p>\n<p align=\"justify\">\n<p align=\"justify\">O Exmo. Desembargador\u00a0<strong>NEY BATISTA COUTINHO<\/strong>, Corregedor Geral da Justi\u00e7a do Estado do Esp\u00edrito Santo, no uso de suas atribui\u00e7\u00f5es legais e,<\/p>\n<p align=\"justify\">\n<p align=\"justify\"><strong>CONSIDERANDO<\/strong>\u00a0que a Corregedoria Geral da Justi\u00e7a \u00e9 \u00f3rg\u00e3o de fiscaliza\u00e7\u00e3o, disciplina e orienta\u00e7\u00e3o administrativa do foro judicial e extrajudicial, com atribui\u00e7\u00e3o em todo o Estado, conforme artigo 35 da Lei Complementar Estadual n.\u00ba 234\/2002 (COJES);<\/p>\n<p align=\"justify\">\n<p align=\"justify\"><strong>CONSIDERANDO<\/strong>\u00a0a recente realiza\u00e7\u00e3o da Correi\u00e7\u00e3o Ordin\u00e1ria no Ju\u00edzo de Vit\u00f3ria \u2013 Comarca da Capital, conforme Edital n\u00ba 81\/2019 e Portaria n\u00ba 26\/2019;<\/p>\n<p align=\"justify\">\n<p align=\"justify\"><strong>CONSIDERANDO<\/strong>\u00a0que o respectivo Relat\u00f3rio Final de Correi\u00e7\u00e3o Ordin\u00e1ria foi homologado pelo Eg. Conselho Superior da Magistratura em 02 de dezembro de 2019, conforme Ac\u00f3rd\u00e3o disponibilizado no e-Di\u00e1rio do dia 05 de dezembro de 2019;<\/p>\n<p align=\"justify\">\n<p align=\"justify\"><strong>CONSIDERANDO\u00a0<\/strong>que, somente ap\u00f3s a homologa\u00e7\u00e3o do Relat\u00f3rio Final de Correi\u00e7\u00e3o Ordin\u00e1ria, foi poss\u00edvel iniciar o acompanhamento das determina\u00e7\u00f5es direcionadas \u00e0s Unidades Judici\u00e1rias correicionadas do Ju\u00edzo de Vit\u00f3ria;<\/p>\n<p align=\"justify\">\n<p align=\"justify\"><strong>CONSIDERANDO\u00a0<\/strong>a Decis\u00e3o\/Of\u00edcio n\u00ba 0319755 proferida em 17 de janeiro do corrente ano nos autos do Processo de Correi\u00e7\u00e3o Ordin\u00e1ria n\u00ba 7005374-15.2019.8.08.0000, determinando a instaura\u00e7\u00e3o de um Pedido de Provid\u00eancias para cada Unidade Judici\u00e1ria correicionada, visando o acompanhamento individualizado das determina\u00e7\u00f5es direcionadas \u00e0s Unidades.<\/p>\n<p align=\"justify\">\n<p align=\"justify\"><strong>RESOLVE:<\/strong><\/p>\n<p align=\"justify\">\n<p align=\"justify\"><strong>DISPENSAR<\/strong>\u00a0todas as Unidades do Ju\u00edzo de Vit\u00f3ria da apresenta\u00e7\u00e3o do Relat\u00f3rio de Inspe\u00e7\u00e3o Judicial referente ao ano de 2020, em raz\u00e3o da Correi\u00e7\u00e3o Ordin\u00e1ria realizada no referido Ju\u00edzo no final do ano de 2019, que ainda \u00e9 objeto de acompanhamento por parte desta Corregedoria Geral da Justi\u00e7a.<\/p>\n<p align=\"justify\">\n<p align=\"justify\"><strong>Publique-se.<\/strong><\/p>\n<p align=\"justify\">\n<p align=\"justify\">Vit\u00f3ria\/ES, 24 de janeiro de 2020.<\/p>\n<p align=\"center\">\n<p align=\"center\">\n<p align=\"center\"><strong>Desembargador NEY BATISTA COUTINHO<\/strong><\/p>\n<p align=\"center\"><strong>Corregedor Geral da Justi\u00e7a<\/strong><\/p>\n","protected":false},"excerpt":{"rendered":"<p>ESTADO DO ESP\u00cdRITO SANTO PODER JUDICI\u00c1RIO CORREGEDORIA GERAL DA JUSTI\u00c7A OF\u00cdCIO CIRCULAR CGJES N.\u00ba 14\/2020 O Exmo. Desembargador\u00a0NEY BATISTA COUTINHO, Corregedor Geral da Justi\u00e7a do Estado do Esp\u00edrito Santo, no uso de suas atribui\u00e7\u00f5es legais e, CONSIDERANDO\u00a0que a Corregedoria Geral da Justi\u00e7a \u00e9 \u00f3rg\u00e3o de fiscaliza\u00e7\u00e3o, disciplina e orienta\u00e7\u00e3o administrativa do foro judicial e extrajudicial, [&hellip;]<\/p>\n","protected":false},"author":8,"featured_media":0,"comment_status":"closed","ping_status":"closed","sticky":false,"template":"","format":"standard","meta":{"footnotes":""},"categories":[14,5],"tags":[],"_links":{"self":[{"href":"https:\/\/www.tjes.jus.br\/corregedoria\/wp-json\/wp\/v2\/posts\/29025"}],"collection":[{"href":"https:\/\/www.tjes.jus.br\/corregedoria\/wp-json\/wp\/v2\/posts"}],"about":[{"href":"https:\/\/www.tjes.jus.br\/corregedoria\/wp-json\/wp\/v2\/types\/post"}],"author":[{"embeddable":true,"href":"https:\/\/www.tjes.jus.br\/corregedoria\/wp-json\/wp\/v2\/users\/8"}],"replies":[{"embeddable":true,"href":"https:\/\/www.tjes.jus.br\/corregedoria\/wp-json\/wp\/v2\/comments?post=29025"}],"version-history":[{"count":1,"href":"https:\/\/www.tjes.jus.br\/corregedoria\/wp-json\/wp\/v2\/posts\/29025\/revisions"}],"predecessor-version":[{"id":29026,"href":"https:\/\/www.tjes.jus.br\/corregedoria\/wp-json\/wp\/v2\/posts\/29025\/revisions\/29026"}],"wp:attachment":[{"href":"https:\/\/www.tjes.jus.br\/corregedoria\/wp-json\/wp\/v2\/media?parent=29025"}],"wp:term":[{"taxonomy":"category","embeddable":true,"href":"https:\/\/www.tjes.jus.br\/corregedoria\/wp-json\/wp\/v2\/categories?post=29025"},{"taxonomy":"post_tag","embeddable":true,"href":"https:\/\/www.tjes.jus.br\/corregedoria\/wp-json\/wp\/v2\/tags?post=29025"}],"curies":[{"name":"wp","href":"https:\/\/api.w.org\/{rel}","templated":true}]}}