{"id":29029,"date":"2020-01-28T13:52:27","date_gmt":"2020-01-28T15:52:27","guid":{"rendered":"https:\/\/www.tjes.jus.br\/corregedoria\/?p=29029"},"modified":"2020-01-28T13:52:27","modified_gmt":"2020-01-28T15:52:27","slug":"circular-geral-de-vacancias-cmfe-no-012-2020-disp-28-01-2020","status":"publish","type":"post","link":"https:\/\/www.tjes.jus.br\/corregedoria\/2020\/01\/28\/circular-geral-de-vacancias-cmfe-no-012-2020-disp-28-01-2020\/","title":{"rendered":"CIRCULAR GERAL DE VAC\u00c2NCIAS CMFE N\u00ba 012\/2020 \u2013 DISP. 28\/01\/2020"},"content":{"rendered":"<p align=\"CENTER\">ESTADO DO ESP\u00cdRITO SANTO<\/p>\n<p align=\"CENTER\">PODER JUDICI\u00c1RIO<\/p>\n<p align=\"CENTER\">CORREGEDORIA GERAL DA JUSTI\u00c7A<\/p>\n<p align=\"center\">\n<p>&nbsp;<\/p>\n<p style=\"text-align: center;\"><strong>CIRCULAR GERAL DE VAC\u00c2NCIAS CMFE N.\u00ba 012\/2020<\/strong><\/p>\n<p style=\"text-align: center;\">(<i>Proc. CGJES n.\u00ba 201200854601<\/i>)<\/p>\n<p>&nbsp;<\/p>\n<p>O Desembargador NEY BATISTA COUTINHO, Corregedor-Geral da Justi\u00e7a do Estado do Esp\u00edrito Santo, no uso de suas atribui\u00e7\u00f5es e,<\/p>\n<p>&nbsp;<\/p>\n<p style=\"text-align: justify;\"><strong>CONSIDERANDO<\/strong>\u00a0que a Corregedoria Geral da Justi\u00e7a \u00e9 \u00f3rg\u00e3o de fiscaliza\u00e7\u00e3o, disciplina e orienta\u00e7\u00e3o administrativa do foro extrajudicial, com circunscri\u00e7\u00e3o em todo o Estado, conforme art. 35 da Lei Complementar Estadual n.\u00ba 234\/2002 (COJES) c\/c art. 37 da Lei 9.835\/94 (LNR);<\/p>\n<p style=\"text-align: justify;\">\n<p style=\"text-align: justify;\">CONSIDERANDO\u00a0o disposto nos \u00a7 3\u00ba do art. 11 da Resolu\u00e7\u00e3o 80, \u00a7 2\u00ba do art. 2\u00ba da Resolu\u00e7\u00e3o n.\u00ba 81, ambas do Conselho Nacional de Justi\u00e7a;\u00a0bem como na Ordem de Servi\u00e7o n.\u00ba 001\/2014 da Corregedoria Geral da Justi\u00e7a deste Estado.<\/p>\n<p style=\"text-align: justify;\">\n<p><strong>RESOLVE:<\/strong><\/p>\n<p>&nbsp;<\/p>\n<p style=\"text-align: justify;\"><strong>TORNAR P\u00daBLICA<\/strong>\u00a0a Rela\u00e7\u00e3o Geral de Vac\u00e2ncia das Delega\u00e7\u00f5es para a Atividade Notarial e de Registro do Estado do Esp\u00edrito Santo e que se encontram aptas a serem oferecidas em concurso p\u00fablico, respeitado o crit\u00e9rio de ingresso na rela\u00e7\u00e3o (provimento ou remo\u00e7\u00e3o), conforme Anexo I que acompanha a presente Circular,\u00a0<strong>atualizado at\u00e9 23\/01\/2020<\/strong><\/p>\n<p style=\"text-align: justify;\">\n<p style=\"text-align: justify;\">Esclare\u00e7o que os Editais do Sorteio P\u00fablico para desempate da ordem de ingresso das serventias vagas que possuem mesma data de vac\u00e2ncia e\/ou mesma data de cria\u00e7\u00e3o, nos termos do par\u00e1frafo \u00fanico do artigo 10 da Resolu\u00e7\u00e3o n\u00b0 80 do Conselho Nacional de Justi\u00e7a, que integram o Anexo ll desta Circular, ser\u00e3o publicados oportunamente.<\/p>\n<p style=\"text-align: justify;\">\n<p style=\"text-align: justify;\">A rela\u00e7\u00e3o geral de vac\u00e2ncias ser\u00e1 publicada no Di\u00e1rio da Justi\u00e7a Eletr\u00f4nico (e-Di\u00e1rio) pelo prazo de 05 (cinco) dias \u00fateis consecutivos, e poder\u00e1 ser impugnada no prazo de 15 (quinze) dias contados do encerramento da divulga\u00e7\u00e3o.<\/p>\n<p align=\"center\">\n<p align=\"center\"><strong>Publique-se. Cumpra-se.<\/strong><\/p>\n<p align=\"center\"><strong>\u00a0<\/strong><\/p>\n<p align=\"center\">Vit\u00f3ria, 23 de janeiro de 2020.<\/p>\n<p align=\"center\">\n<p align=\"center\">\n<p align=\"center\"><strong>Desembargador NEY BATISTA COUTINHO<\/strong><\/p>\n<p align=\"center\"><strong>CORREGEDOR-GERAL DA JUSTI\u00c7A<\/strong><\/p>\n<p align=\"center\">\n<p align=\"center\"><strong><a href=\"https:\/\/sistemas.tjes.jus.br\/ediario\/images\/RGV_012_ANEXO_I_copia.pdf\" target=\"_blank\" rel=\"noopener\">RGV 012 ANEXO I &#8211; CLIQUE AQUI<\/a><\/strong><\/p>\n<p align=\"center\">\n<p align=\"center\">\n<p align=\"center\"><strong><a href=\"https:\/\/sistemas.tjes.jus.br\/ediario\/images\/RGV_012__ANEXO_II_-_PR%C3%93XIMA_PUBLICA%C3%87%C3%83O.pdf\" target=\"_blank\" rel=\"noopener\">RGV 012 ANEXO II &#8211; CLIQUE AQUI<\/a><\/strong><\/p>\n","protected":false},"excerpt":{"rendered":"<p>ESTADO DO ESP\u00cdRITO SANTO PODER JUDICI\u00c1RIO CORREGEDORIA GERAL DA JUSTI\u00c7A &nbsp; CIRCULAR GERAL DE VAC\u00c2NCIAS CMFE N.\u00ba 012\/2020 (Proc. CGJES n.\u00ba 201200854601) &nbsp; O Desembargador NEY BATISTA COUTINHO, Corregedor-Geral da Justi\u00e7a do Estado do Esp\u00edrito Santo, no uso de suas atribui\u00e7\u00f5es e, &nbsp; CONSIDERANDO\u00a0que a Corregedoria Geral da Justi\u00e7a \u00e9 \u00f3rg\u00e3o de fiscaliza\u00e7\u00e3o, disciplina e [&hellip;]<\/p>\n","protected":false},"author":8,"featured_media":0,"comment_status":"closed","ping_status":"closed","sticky":false,"template":"","format":"standard","meta":{"footnotes":""},"categories":[17,14],"tags":[],"_links":{"self":[{"href":"https:\/\/www.tjes.jus.br\/corregedoria\/wp-json\/wp\/v2\/posts\/29029"}],"collection":[{"href":"https:\/\/www.tjes.jus.br\/corregedoria\/wp-json\/wp\/v2\/posts"}],"about":[{"href":"https:\/\/www.tjes.jus.br\/corregedoria\/wp-json\/wp\/v2\/types\/post"}],"author":[{"embeddable":true,"href":"https:\/\/www.tjes.jus.br\/corregedoria\/wp-json\/wp\/v2\/users\/8"}],"replies":[{"embeddable":true,"href":"https:\/\/www.tjes.jus.br\/corregedoria\/wp-json\/wp\/v2\/comments?post=29029"}],"version-history":[{"count":1,"href":"https:\/\/www.tjes.jus.br\/corregedoria\/wp-json\/wp\/v2\/posts\/29029\/revisions"}],"predecessor-version":[{"id":29030,"href":"https:\/\/www.tjes.jus.br\/corregedoria\/wp-json\/wp\/v2\/posts\/29029\/revisions\/29030"}],"wp:attachment":[{"href":"https:\/\/www.tjes.jus.br\/corregedoria\/wp-json\/wp\/v2\/media?parent=29029"}],"wp:term":[{"taxonomy":"category","embeddable":true,"href":"https:\/\/www.tjes.jus.br\/corregedoria\/wp-json\/wp\/v2\/categories?post=29029"},{"taxonomy":"post_tag","embeddable":true,"href":"https:\/\/www.tjes.jus.br\/corregedoria\/wp-json\/wp\/v2\/tags?post=29029"}],"curies":[{"name":"wp","href":"https:\/\/api.w.org\/{rel}","templated":true}]}}