{"id":29079,"date":"2020-01-30T16:41:25","date_gmt":"2020-01-30T18:41:25","guid":{"rendered":"https:\/\/www.tjes.jus.br\/corregedoria\/?p=29079"},"modified":"2020-02-10T16:50:12","modified_gmt":"2020-02-10T18:50:12","slug":"unidade-judiciarias-de-vitoria-foram-dispensadas-da-apresentacao-do-relatorio-de-inspecao-judicial-em-2020","status":"publish","type":"post","link":"https:\/\/www.tjes.jus.br\/corregedoria\/2020\/01\/30\/unidade-judiciarias-de-vitoria-foram-dispensadas-da-apresentacao-do-relatorio-de-inspecao-judicial-em-2020\/","title":{"rendered":"Varas de Vit\u00f3ria s\u00e3o dispensadas do Relat\u00f3rio de Inspe\u00e7\u00e3o Judicial"},"content":{"rendered":"<blockquote>\n<p style=\"text-align: justify;\"><i>\u00a0A decis\u00e3o foi publicada por meio de of\u00edcio circular na \u00faltima segunda-feira (27).<\/i><\/p>\n<\/blockquote>\n<p style=\"text-align: justify;\">Na \u00faltima segunda feira (27), a Corregedoria Geral de Justi\u00e7a do Esp\u00edrito Santo (CGJ-ES), por meio do of\u00edcio circular n\u00b0 14\/2020, dispensou as unidades do Ju\u00edzo de Vit\u00f3ria da apresenta\u00e7\u00e3o do Relat\u00f3rio de Inspe\u00e7\u00e3o Judicial referente ao ano de 2020.<\/p>\n<p style=\"text-align: justify;\">A decis\u00e3o foi tomada em raz\u00e3o da correi\u00e7\u00e3o ordin\u00e1ria realizada no final do ano de 2019, determinada pela Portaria n\u00ba 26\/2019 da Corregedoria Geral de Justi\u00e7a. O of\u00edcio foi disponibilizado no Di\u00e1rio Oficial de Justi\u00e7a do dia 27 de janeiro.<\/p>\n<p style=\"text-align: justify;\">Segundo o Des. Ney Batista Coutinho, Corregedor Geral, as demais unidades judici\u00e1rias da Comarca da Capital, assim como do interior, dever\u00e3o apresentar o relat\u00f3rio de inspe\u00e7\u00e3o de forma regular at\u00e9 o final do m\u00eas de junho, assim como dever\u00e3o ser mantidas as inspe\u00e7\u00f5es do servi\u00e7o extrajudicial, inclusive no ju\u00edzo de Vit\u00f3ria.<\/p>\n<p style=\"text-align: justify;\">A inspe\u00e7\u00e3o judicial anual tem como objetivo aferir a regularidade do processamento dos feitos judiciais, a observ\u00e2ncia dos prazos, bem como a regularidade dos demais servi\u00e7os judici\u00e1rios e administrativos, conforme regulamenta\u00e7\u00e3o constante nos Artigos 12 e 13 do Provimento CGJES N\u00ba 16\/2018 publicado no Di\u00e1rio da Justi\u00e7a no dia 19 de Dezembro de 2018.<\/p>\n<p style=\"text-align: justify;\">Acesse: <a href=\"https:\/\/sistemas.tjes.jus.br\/ediario\/index.php\/component\/ediario\/920567?view=content\">OF\u00cdCIO CIRCULAR CGJES N.\u00ba 14\/2020\u00a0<\/a><\/p>\n<p>Vit\u00f3ria, 29 de janeiro de 2020<\/p>\n<p>Texto: Brunella Rios<\/p>\n<p><a href=\"mailto:gabinete@tjes.jus.br\">gabinete@tjes.jus.br<\/a><\/p>\n","protected":false},"excerpt":{"rendered":"<p>\u00a0A decis\u00e3o foi publicada por meio de of\u00edcio circular na \u00faltima segunda-feira (27). Na \u00faltima segunda feira (27), a Corregedoria Geral de Justi\u00e7a do Esp\u00edrito Santo (CGJ-ES), por meio do of\u00edcio circular n\u00b0 14\/2020, dispensou as unidades do Ju\u00edzo de Vit\u00f3ria da apresenta\u00e7\u00e3o do Relat\u00f3rio de Inspe\u00e7\u00e3o Judicial referente ao ano de 2020. A decis\u00e3o [&hellip;]<\/p>\n","protected":false},"author":12,"featured_media":29080,"comment_status":"closed","ping_status":"closed","sticky":false,"template":"","format":"standard","meta":{"footnotes":""},"categories":[1],"tags":[],"_links":{"self":[{"href":"https:\/\/www.tjes.jus.br\/corregedoria\/wp-json\/wp\/v2\/posts\/29079"}],"collection":[{"href":"https:\/\/www.tjes.jus.br\/corregedoria\/wp-json\/wp\/v2\/posts"}],"about":[{"href":"https:\/\/www.tjes.jus.br\/corregedoria\/wp-json\/wp\/v2\/types\/post"}],"author":[{"embeddable":true,"href":"https:\/\/www.tjes.jus.br\/corregedoria\/wp-json\/wp\/v2\/users\/12"}],"replies":[{"embeddable":true,"href":"https:\/\/www.tjes.jus.br\/corregedoria\/wp-json\/wp\/v2\/comments?post=29079"}],"version-history":[{"count":9,"href":"https:\/\/www.tjes.jus.br\/corregedoria\/wp-json\/wp\/v2\/posts\/29079\/revisions"}],"predecessor-version":[{"id":29253,"href":"https:\/\/www.tjes.jus.br\/corregedoria\/wp-json\/wp\/v2\/posts\/29079\/revisions\/29253"}],"wp:featuredmedia":[{"embeddable":true,"href":"https:\/\/www.tjes.jus.br\/corregedoria\/wp-json\/wp\/v2\/media\/29080"}],"wp:attachment":[{"href":"https:\/\/www.tjes.jus.br\/corregedoria\/wp-json\/wp\/v2\/media?parent=29079"}],"wp:term":[{"taxonomy":"category","embeddable":true,"href":"https:\/\/www.tjes.jus.br\/corregedoria\/wp-json\/wp\/v2\/categories?post=29079"},{"taxonomy":"post_tag","embeddable":true,"href":"https:\/\/www.tjes.jus.br\/corregedoria\/wp-json\/wp\/v2\/tags?post=29079"}],"curies":[{"name":"wp","href":"https:\/\/api.w.org\/{rel}","templated":true}]}}