{"id":29150,"date":"2020-02-05T17:29:43","date_gmt":"2020-02-05T19:29:43","guid":{"rendered":"https:\/\/www.tjes.jus.br\/corregedoria\/?p=29150"},"modified":"2020-02-05T17:29:43","modified_gmt":"2020-02-05T19:29:43","slug":"portaria-no-002-2020-disp-05-02-2020","status":"publish","type":"post","link":"https:\/\/www.tjes.jus.br\/corregedoria\/2020\/02\/05\/portaria-no-002-2020-disp-05-02-2020\/","title":{"rendered":"PORTARIA N\u00ba 002\/2020 \u2013 DISP. 05\/02\/2020"},"content":{"rendered":"<p style=\"text-align: center;\" align=\"center\"><strong>PODER JUDICI\u00c1RIO DO ESTADO DO ESP\u00cdRITO SANTO<\/strong><\/p>\n<p style=\"text-align: center;\" align=\"center\"><strong>CORREGEDORIA GERAL DA JUSTI\u00c7A<\/strong><\/p>\n<p style=\"text-align: center;\" align=\"center\">\n<p style=\"text-align: center;\" align=\"center\"><strong>PORTARIA N\u00ba 002\/2020<\/strong><\/p>\n<p align=\"center\">\n<p style=\"text-align: justify;\" align=\"justify\">O Desembargador\u00a0<strong>NEY BATISTA COUTINHO<\/strong>, Corregedor-Geral da Justi\u00e7a do Estado do Esp\u00edrito Santo, no uso de suas atribui\u00e7\u00f5es legais,<\/p>\n<p style=\"text-align: justify;\" align=\"justify\">\n<p style=\"text-align: justify;\" align=\"justify\"><strong>CONSIDERANDO<\/strong>\u00a0o que prescreve o art. 35, do C\u00f3digo de Organiza\u00e7\u00e3o Judici\u00e1ria do Estado do Esp\u00edrito Santo, no sentido de ser a Corregedoria Geral da Justi\u00e7a o \u00f3rg\u00e3o de fiscaliza\u00e7\u00e3o, que disciplina a orienta\u00e7\u00e3o administrativa com circunscri\u00e7\u00e3o em todo o Estado;<\/p>\n<p style=\"text-align: justify;\" align=\"justify\">\n<p style=\"text-align: justify;\" align=\"justify\"><strong>CONSIDERANDO<\/strong>\u00a0a import\u00e2ncia da realiza\u00e7\u00e3o de Correi\u00e7\u00f5es, na conformidade das modalidades previstas no C\u00f3digo de Normas (art. 11);<\/p>\n<p style=\"text-align: justify;\" align=\"justify\">\n<p style=\"text-align: justify;\" align=\"justify\"><strong>CONSIDERANDO<\/strong>\u00a0ainda que o cronograma de correi\u00e7\u00f5es presenciais e virtuais \u00e9 pautado em crit\u00e9rios objetivos, destacando-se, dentre outros, o decurso temporal da \u00faltima correi\u00e7\u00e3o sobre os servi\u00e7os do foro judicial;<\/p>\n<p style=\"text-align: justify;\" align=\"justify\">\n<p style=\"text-align: justify;\" align=\"justify\"><strong>CONSIDERANDO<\/strong>\u00a0a necessidade de ampla divulga\u00e7\u00e3o, transpar\u00eancia e publicidade do cronograma de correi\u00e7\u00f5es no ano de 2020;<\/p>\n<p style=\"text-align: justify;\" align=\"justify\">\n<p style=\"text-align: justify;\" align=\"justify\"><strong>RESOLVE<\/strong>:<\/p>\n<p style=\"text-align: justify;\" align=\"justify\">\n<p style=\"text-align: justify;\" align=\"justify\"><strong>Artigo 1\u00ba.\u00a0<\/strong>Determinar a\u00a0realiza\u00e7\u00e3o de correi\u00e7\u00f5es ordin\u00e1rias e virtuais nas seguintes Comarcas\/unidades judici\u00e1rias do Estado do Esp\u00edrito Santo, conforme\u00a0modalidades\u00a0abaixo relacionadas:<\/p>\n<table cellspacing=\"0\" cellpadding=\"4\">\n<colgroup>\n<col width=\"54*\" \/>\n<col width=\"141*\" \/>\n<col width=\"62*\" \/><\/colgroup>\n<tbody>\n<tr valign=\"top\">\n<td bgcolor=\"#cccccc\" width=\"21%\">\n<p align=\"justify\"><strong>M\u00eas<\/strong><\/p>\n<\/td>\n<td bgcolor=\"#cccccc\" width=\"55%\">\n<p align=\"justify\"><strong>Unidade Judici\u00e1ria<\/strong><\/p>\n<\/td>\n<td bgcolor=\"#cccccc\" width=\"24%\">\n<p align=\"justify\"><strong>Modalidade<\/strong><\/p>\n<\/td>\n<\/tr>\n<tr valign=\"top\">\n<td rowspan=\"2\" width=\"21%\" height=\"30\">\n<p align=\"justify\"><strong>Fevereiro<\/strong><\/p>\n<\/td>\n<td width=\"55%\">\n<p align=\"justify\">2\u00aa Vara de Fam\u00edlia de Guarapari<\/p>\n<\/td>\n<td width=\"24%\">\n<p align=\"justify\">Virtual<\/p>\n<\/td>\n<\/tr>\n<tr valign=\"top\">\n<td width=\"55%\">\n<p align=\"justify\">4\u00aa Vara Criminal de Cariacica<\/p>\n<\/td>\n<td width=\"24%\">\n<p align=\"justify\">Virtual<\/p>\n<\/td>\n<\/tr>\n<tr valign=\"top\">\n<td rowspan=\"5\" bgcolor=\"#cccccc\" width=\"21%\" height=\"30\">\n<p align=\"justify\"><strong>Mar\u00e7o<\/strong><\/p>\n<\/td>\n<td bgcolor=\"#cccccc\" width=\"55%\">\n<p align=\"justify\">Vara \u00danica da Comarca de Ecoporanga<\/p>\n<\/td>\n<td bgcolor=\"#cccccc\" width=\"24%\">\n<p align=\"justify\">Ordin\u00e1ria<\/p>\n<\/td>\n<\/tr>\n<tr valign=\"top\">\n<td bgcolor=\"#cccccc\" width=\"55%\">\n<p align=\"justify\">2\u00aa Vara Criminal da Comarca de Barra de S\u00e3o Francisco<\/p>\n<\/td>\n<td bgcolor=\"#cccccc\" width=\"24%\">\n<p align=\"justify\">Ordin\u00e1ria<\/p>\n<\/td>\n<\/tr>\n<tr valign=\"top\">\n<td bgcolor=\"#cccccc\" width=\"55%\">\n<p align=\"justify\">Vara \u00danica da Comarca de Jo\u00e3o Neiva<\/p>\n<\/td>\n<td bgcolor=\"#cccccc\" width=\"24%\">\n<p align=\"justify\">Virtual<\/p>\n<\/td>\n<\/tr>\n<tr valign=\"top\">\n<td bgcolor=\"#cccccc\" width=\"55%\">\n<p align=\"justify\">1\u00aa Vara da Comarca de Domingos Martins<\/p>\n<\/td>\n<td bgcolor=\"#cccccc\" width=\"24%\">\n<p align=\"justify\">Virtual<\/p>\n<\/td>\n<\/tr>\n<tr valign=\"top\">\n<td bgcolor=\"#cccccc\" width=\"55%\">\n<p align=\"justify\">Vara \u00danica da Comarca de Jaguar\u00e9<\/p>\n<\/td>\n<td bgcolor=\"#cccccc\" width=\"24%\">\n<p align=\"justify\">Virtual<\/p>\n<\/td>\n<\/tr>\n<tr valign=\"top\">\n<td rowspan=\"8\" width=\"21%\">\n<p align=\"justify\"><strong>Abril<\/strong><\/p>\n<\/td>\n<td width=\"55%\">1\u00ba Juizado Especial C\u00edvel de Guarapari<\/td>\n<td width=\"24%\">\n<p align=\"justify\">Ordin\u00e1ria<\/p>\n<\/td>\n<\/tr>\n<tr valign=\"top\">\n<td width=\"55%\">2\u00ba Juizado Especial C\u00edvel de Guarapari<\/td>\n<td width=\"24%\">\n<p align=\"justify\">Ordin\u00e1ria<\/p>\n<\/td>\n<\/tr>\n<tr valign=\"top\">\n<td width=\"55%\">Juizado Especial Criminal e da Fazenda P\u00fablica de Guarapari<\/td>\n<td width=\"24%\">\n<p align=\"justify\">Ordin\u00e1ria<\/p>\n<\/td>\n<\/tr>\n<tr valign=\"top\">\n<td width=\"55%\">Vara da Fazenda P\u00fablica Estadual, Municipal, Registros P\u00fablicos e Meio Ambiente de Guarapari<\/td>\n<td width=\"24%\">\n<p align=\"justify\">Ordin\u00e1ria<\/p>\n<\/td>\n<\/tr>\n<tr valign=\"top\">\n<td width=\"55%\">1\u00aa Vara da Comarca de Ibira\u00e7u<\/td>\n<td width=\"24%\">\n<p align=\"justify\">Virtual<\/p>\n<\/td>\n<\/tr>\n<tr valign=\"top\">\n<td width=\"55%\">2\u00aa Vara da Comarca de Ibira\u00e7u<\/td>\n<td width=\"24%\">\n<p align=\"justify\">Virtual<\/p>\n<\/td>\n<\/tr>\n<tr valign=\"top\">\n<td width=\"55%\">Vara da Inf\u00e2ncia e Juventude de Guarapari<\/td>\n<td width=\"24%\">\n<p align=\"justify\">Virtual<\/p>\n<\/td>\n<\/tr>\n<tr valign=\"top\">\n<td width=\"55%\">3\u00aa Vara Criminal de Guarapari<\/td>\n<td width=\"24%\">\n<p align=\"justify\">Virtual<\/p>\n<\/td>\n<\/tr>\n<tr valign=\"top\">\n<td rowspan=\"6\" bgcolor=\"#cccccc\" width=\"21%\">\n<p align=\"justify\"><strong>Maio<\/strong><\/p>\n<\/td>\n<td bgcolor=\"#cccccc\" width=\"55%\">\n<p align=\"justify\">Juizado Especial C\u00edvel, Criminal e da Fazenda P\u00fablica da Comarca de Itapemirim<\/p>\n<\/td>\n<td bgcolor=\"#cccccc\" width=\"24%\">\n<p align=\"justify\">Ordin\u00e1ria<\/p>\n<\/td>\n<\/tr>\n<tr valign=\"top\">\n<td bgcolor=\"#cccccc\" width=\"55%\">\n<p align=\"justify\">Vara \u00danica da Comarca de Santa Teresa<\/p>\n<\/td>\n<td bgcolor=\"#cccccc\" width=\"24%\">\n<p align=\"justify\">Virtual<\/p>\n<\/td>\n<\/tr>\n<tr valign=\"top\">\n<td bgcolor=\"#cccccc\" width=\"55%\">\n<p align=\"justify\">1\u00ba Juizado Especial C\u00edvel de Vila Velha<\/p>\n<\/td>\n<td bgcolor=\"#cccccc\" width=\"24%\">\n<p align=\"justify\">Virtual<\/p>\n<\/td>\n<\/tr>\n<tr valign=\"top\">\n<td bgcolor=\"#cccccc\" width=\"55%\">\n<p align=\"justify\">1\u00ba Juizado Especial Criminal e da Fazenda P\u00fablica de Vila Velha<\/p>\n<\/td>\n<td bgcolor=\"#cccccc\" width=\"24%\">\n<p align=\"justify\">Virtual<\/p>\n<\/td>\n<\/tr>\n<tr valign=\"top\">\n<td bgcolor=\"#cccccc\" width=\"55%\">\n<p align=\"justify\">1\u00aa Vara da Fazenda P\u00fablica Municipal de Vila Velha<\/p>\n<\/td>\n<td bgcolor=\"#cccccc\" width=\"24%\">\n<p align=\"justify\">Virtual<\/p>\n<\/td>\n<\/tr>\n<tr valign=\"top\">\n<td bgcolor=\"#cccccc\" width=\"55%\">\n<p align=\"justify\">2\u00aa Vara da Fazenda P\u00fablica Municipal de Vila Velha<\/p>\n<\/td>\n<td bgcolor=\"#cccccc\" width=\"24%\">\n<p align=\"justify\">Virtual<\/p>\n<\/td>\n<\/tr>\n<tr valign=\"top\">\n<td rowspan=\"11\" width=\"21%\">\n<p align=\"justify\"><strong>Junho<\/strong><\/p>\n<\/td>\n<td width=\"55%\">\n<p align=\"justify\">2\u00aa Vara Criminal da Comarca de Cachoeiro de Itapemirim<\/p>\n<\/td>\n<td width=\"24%\">\n<p align=\"justify\">Ordin\u00e1ria<\/p>\n<\/td>\n<\/tr>\n<tr valign=\"top\">\n<td width=\"55%\">\n<p align=\"justify\">1\u00ba Juizado Especial C\u00edvel da Comarca de Cachoeiro de Itapemirim<\/p>\n<\/td>\n<td width=\"24%\">\n<p align=\"justify\">Ordin\u00e1ria<\/p>\n<\/td>\n<\/tr>\n<tr valign=\"top\">\n<td width=\"55%\">\n<p align=\"justify\">1\u00ba Juizado Especial Criminal da Comarca de Cachoeiro de Itapemirim<\/p>\n<\/td>\n<td width=\"24%\">\n<p align=\"justify\">Ordin\u00e1ria<\/p>\n<\/td>\n<\/tr>\n<tr valign=\"top\">\n<td width=\"55%\">\n<p align=\"justify\">2\u00aa Vara da Inf\u00e2ncia e Juventude da Comarca de Cachoeiro de Itapemirim<\/p>\n<\/td>\n<td width=\"24%\">\n<p align=\"justify\">Ordin\u00e1ria<\/p>\n<\/td>\n<\/tr>\n<tr valign=\"top\">\n<td width=\"55%\">\n<p align=\"justify\">2\u00ba Juizado Especial C\u00edvel da Comarca de Cachoeiro de Itapemirim<\/p>\n<\/td>\n<td width=\"24%\">\n<p align=\"justify\">Ordin\u00e1ria<\/p>\n<\/td>\n<\/tr>\n<tr valign=\"top\">\n<td width=\"55%\">\n<p align=\"justify\">3\u00aa Vara de Fam\u00edlia da Comarca de Cachoeiro de Itapemirim<\/p>\n<\/td>\n<td width=\"24%\">\n<p align=\"justify\">Ordin\u00e1ria<\/p>\n<\/td>\n<\/tr>\n<tr valign=\"top\">\n<td width=\"55%\">\n<p align=\"justify\">4\u00ba Juizado Especial C\u00edvel de Vila Velha<\/p>\n<\/td>\n<td width=\"24%\">\n<p align=\"justify\">Virtual<\/p>\n<\/td>\n<\/tr>\n<tr valign=\"top\">\n<td width=\"55%\">\n<p align=\"justify\">3\u00ba Juizado Especial Criminal e da Fazenda P\u00fablica de Vila Velha<\/p>\n<\/td>\n<td width=\"24%\">\n<p align=\"justify\">Virtual<\/p>\n<\/td>\n<\/tr>\n<tr valign=\"top\">\n<td width=\"55%\">\n<p align=\"justify\">2\u00ba Juizado Especial C\u00edvel de Vila Velha<\/p>\n<\/td>\n<td width=\"24%\">\n<p align=\"justify\">Virtual<\/p>\n<\/td>\n<\/tr>\n<tr valign=\"top\">\n<td width=\"55%\">\n<p align=\"justify\">2\u00aa Vara de \u00d3rf\u00e3os e Sucess\u00f5es de Vila Velha<\/p>\n<\/td>\n<td width=\"24%\">\n<p align=\"justify\">Virtual<\/p>\n<\/td>\n<\/tr>\n<tr valign=\"top\">\n<td width=\"55%\">\n<p align=\"justify\">Vara da Fazenda P\u00fablica Estadual, Registros P\u00fablicos e Meio Ambiente de Vila Velha<\/p>\n<\/td>\n<td width=\"24%\">\n<p align=\"justify\">Virtual<\/p>\n<\/td>\n<\/tr>\n<tr valign=\"top\">\n<td rowspan=\"4\" bgcolor=\"#cccccc\" width=\"21%\">\n<p align=\"justify\"><strong>Julho<\/strong><\/p>\n<\/td>\n<td bgcolor=\"#cccccc\" width=\"55%\">\n<p align=\"justify\">5\u00ba Juizado Especial C\u00edvel de Vila Velha<\/p>\n<\/td>\n<td bgcolor=\"#cccccc\" width=\"24%\">\n<p align=\"justify\">Virtual<\/p>\n<\/td>\n<\/tr>\n<tr valign=\"top\">\n<td bgcolor=\"#cccccc\" width=\"55%\">\n<p align=\"justify\">2\u00aa Vara Criminal de Vila Velha<\/p>\n<\/td>\n<td bgcolor=\"#cccccc\" width=\"24%\">\n<p align=\"justify\">Virtual<\/p>\n<\/td>\n<\/tr>\n<tr valign=\"top\">\n<td bgcolor=\"#cccccc\" width=\"55%\">\n<p align=\"justify\">3\u00aa Vara Criminal de Vila Velha<\/p>\n<\/td>\n<td bgcolor=\"#cccccc\" width=\"24%\">\n<p align=\"justify\">Virtual<\/p>\n<\/td>\n<\/tr>\n<tr valign=\"top\">\n<td bgcolor=\"#cccccc\" width=\"55%\">\n<p align=\"justify\">6\u00aa Vara Criminal de Vila Velha<\/p>\n<\/td>\n<td bgcolor=\"#cccccc\" width=\"24%\">\n<p align=\"justify\">Virtual<\/p>\n<\/td>\n<\/tr>\n<tr valign=\"top\">\n<td rowspan=\"7\" width=\"21%\">\n<p align=\"justify\"><strong>Agosto<\/strong><\/p>\n<\/td>\n<td width=\"55%\">\n<p align=\"justify\">1\u00ba Juizado Especial C\u00edvel de Viana<\/p>\n<\/td>\n<td width=\"24%\">\n<p align=\"justify\">Ordin\u00e1ria<\/p>\n<\/td>\n<\/tr>\n<tr valign=\"top\">\n<td width=\"55%\">\n<p align=\"justify\">Juizado Especial Criminal e da Fazenda P\u00fablica de Viana<\/p>\n<\/td>\n<td width=\"24%\">\n<p align=\"justify\">Ordin\u00e1ria<\/p>\n<\/td>\n<\/tr>\n<tr valign=\"top\">\n<td width=\"55%\">\n<p align=\"justify\">2\u00aa Vara Criminal de Viana<\/p>\n<\/td>\n<td width=\"24%\">\n<p align=\"justify\">Ordin\u00e1ria<\/p>\n<\/td>\n<\/tr>\n<tr valign=\"top\">\n<td width=\"55%\">\n<p align=\"justify\">Vara de Fam\u00edlia de Viana<\/p>\n<\/td>\n<td width=\"24%\">\n<p align=\"justify\">Ordin\u00e1ria<\/p>\n<\/td>\n<\/tr>\n<tr valign=\"top\">\n<td width=\"55%\">\n<p align=\"justify\">7\u00aa Vara Criminal de Vila Velha<\/p>\n<\/td>\n<td width=\"24%\">\n<p align=\"justify\">Virtual<\/p>\n<\/td>\n<\/tr>\n<tr valign=\"top\">\n<td width=\"55%\">\n<p align=\"justify\">9\u00aa Vara Criminal de Vila Velha<\/p>\n<\/td>\n<td width=\"24%\">\n<p align=\"justify\">Virtual<\/p>\n<\/td>\n<\/tr>\n<tr valign=\"top\">\n<td width=\"55%\">\n<p align=\"justify\">Vara \u00danica da Comarca de \u00c1gua Doce do Norte<\/p>\n<\/td>\n<td width=\"24%\">\n<p align=\"justify\">Virtual<\/p>\n<\/td>\n<\/tr>\n<tr valign=\"top\">\n<td rowspan=\"6\" bgcolor=\"#cccccc\" width=\"21%\">\n<p align=\"justify\"><strong>Setembro<\/strong><\/p>\n<\/td>\n<td bgcolor=\"#cccccc\" width=\"55%\">\n<p align=\"justify\">2\u00aa Vara Criminal da Comarca de Linhares<\/p>\n<\/td>\n<td bgcolor=\"#cccccc\" width=\"24%\">\n<p align=\"justify\">Ordin\u00e1ria<\/p>\n<\/td>\n<\/tr>\n<tr valign=\"top\">\n<td bgcolor=\"#cccccc\" width=\"55%\">\n<p align=\"justify\">1\u00ba Juizado Especial C\u00edvel da Comarca de Linhares<\/p>\n<\/td>\n<td bgcolor=\"#cccccc\" width=\"24%\">\n<p align=\"justify\">Ordin\u00e1ria<\/p>\n<\/td>\n<\/tr>\n<tr valign=\"top\">\n<td bgcolor=\"#cccccc\" width=\"55%\">\n<p align=\"justify\">2\u00ba Juizado Especial C\u00edvel da Comarca de Linhares<\/p>\n<\/td>\n<td bgcolor=\"#cccccc\" width=\"24%\">\n<p align=\"justify\">Ordin\u00e1ria<\/p>\n<\/td>\n<\/tr>\n<tr valign=\"top\">\n<td bgcolor=\"#cccccc\" width=\"55%\">\n<p align=\"justify\">Vara \u00danica da Comarca de Vargem Alta<\/p>\n<\/td>\n<td bgcolor=\"#cccccc\" width=\"24%\">\n<p align=\"justify\">Virtual<\/p>\n<\/td>\n<\/tr>\n<tr valign=\"top\">\n<td bgcolor=\"#cccccc\" width=\"55%\">\n<p align=\"justify\">Vara \u00danica da Comarca de At\u00edlio Vivacqua<\/p>\n<\/td>\n<td bgcolor=\"#cccccc\" width=\"24%\">\n<p align=\"justify\">Virtual<\/p>\n<\/td>\n<\/tr>\n<tr valign=\"top\">\n<td bgcolor=\"#cccccc\" width=\"55%\">\n<p align=\"justify\">Vara \u00danica da Comarca de Maril\u00e2ndia<\/p>\n<\/td>\n<td bgcolor=\"#cccccc\" width=\"24%\">\n<p align=\"justify\">Virtual<\/p>\n<\/td>\n<\/tr>\n<tr valign=\"top\">\n<td rowspan=\"5\" width=\"21%\">\n<p align=\"justify\"><strong>Outubro<\/strong><\/p>\n<\/td>\n<td width=\"55%\">\n<p align=\"justify\">Todas as Unidades Judici\u00e1rias do Ju\u00edzo de Cariacica (23 Unidades)<\/p>\n<\/td>\n<td width=\"24%\">\n<p align=\"justify\">Ordin\u00e1ria<\/p>\n<\/td>\n<\/tr>\n<tr valign=\"top\">\n<td width=\"55%\">\n<p align=\"justify\">Vara \u00danica da Comarca de S\u00e3o Domingos do Norte<\/p>\n<\/td>\n<td width=\"24%\">\n<p align=\"justify\">Virtual<\/p>\n<\/td>\n<\/tr>\n<tr valign=\"top\">\n<td width=\"55%\">\n<p align=\"justify\">Vara \u00danica da Comarca de Ibatiba<\/p>\n<\/td>\n<td width=\"24%\">\n<p align=\"justify\">Virtual<\/p>\n<\/td>\n<\/tr>\n<tr valign=\"top\">\n<td width=\"55%\">\n<p align=\"justify\">1\u00aa Vara da Comarca de I\u00fana<\/p>\n<\/td>\n<td width=\"24%\">\n<p align=\"justify\">Virtual<\/p>\n<\/td>\n<\/tr>\n<tr valign=\"top\">\n<td width=\"55%\">\n<p align=\"justify\">Vara \u00danica da Comarca de Marechal Floriano<\/p>\n<\/td>\n<td width=\"24%\">\n<p align=\"justify\">Virtual<\/p>\n<\/td>\n<\/tr>\n<tr valign=\"top\">\n<td rowspan=\"4\" bgcolor=\"#cccccc\" width=\"21%\">\n<p align=\"justify\"><strong>Novembro<\/strong><\/p>\n<\/td>\n<td bgcolor=\"#cccccc\" width=\"55%\">\n<p align=\"justify\">Vara \u00danica da Comarca de Santa Leopoldina<\/p>\n<\/td>\n<td bgcolor=\"#cccccc\" width=\"24%\">\n<p align=\"justify\">Virtual<\/p>\n<\/td>\n<\/tr>\n<tr valign=\"top\">\n<td bgcolor=\"#cccccc\" width=\"55%\">\n<p align=\"justify\">1\u00aa Vara da Comarca de Alegre<\/p>\n<\/td>\n<td bgcolor=\"#cccccc\" width=\"24%\">\n<p align=\"justify\">Virtual<\/p>\n<\/td>\n<\/tr>\n<tr valign=\"top\">\n<td bgcolor=\"#cccccc\" width=\"55%\">\n<p align=\"justify\">2\u00aa Vara da Comarca de Alegre<\/p>\n<\/td>\n<td bgcolor=\"#cccccc\" width=\"24%\">\n<p align=\"justify\">Virtual<\/p>\n<\/td>\n<\/tr>\n<tr valign=\"top\">\n<td bgcolor=\"#cccccc\" width=\"55%\">\n<p align=\"justify\">Vara \u00danica da Comarca de Muqui<\/p>\n<\/td>\n<td bgcolor=\"#cccccc\" width=\"24%\">\n<p align=\"justify\">Virtual<\/p>\n<\/td>\n<\/tr>\n<\/tbody>\n<\/table>\n<p align=\"justify\">\n<p style=\"text-align: justify;\" align=\"justify\">Par\u00e1grafo \u00fanico. O cronograma descrito nesta Portaria poder\u00e1 sofrer altera\u00e7\u00f5es, a depender de fatores externos, n\u00e3o previstos quando de sua elabora\u00e7\u00e3o.<\/p>\n<p style=\"text-align: justify;\" align=\"justify\">\n<p style=\"text-align: justify;\" align=\"justify\">Art. 2\u00ba. Determinar que, durante o per\u00edodo de correi\u00e7\u00e3o, n\u00e3o haver\u00e1 suspens\u00e3o de prazos, interrup\u00e7\u00e3o de distribui\u00e7\u00e3o, transfer\u00eancia das audi\u00eancias marcadas, procurando-se evitar, ao m\u00e1ximo, preju\u00edzo aos trabalhos normais da unidade correicionada.<\/p>\n<p style=\"text-align: justify;\" align=\"justify\">\n<p style=\"text-align: justify;\" align=\"justify\">Art. 3\u00ba. Em rela\u00e7\u00e3o \u00e0s correi\u00e7\u00f5es ordin\u00e1rias, os trabalhos ser\u00e3o abertos pelo Corregedor-Geral de Justi\u00e7a em sess\u00e3o p\u00fablica e ser\u00e3o executados pelos ju\u00edzes corregedores, sob a supervis\u00e3o do Corregedor-Geral de Justi\u00e7a, que receber\u00e1, por escrito ou verbalmente, quaisquer informa\u00e7\u00f5es ou reclama\u00e7\u00f5es sobre o servi\u00e7o forense.<\/p>\n<p style=\"text-align: justify;\" align=\"justify\">\n<p style=\"text-align: justify;\" align=\"justify\">Par\u00e1grafo \u00fanico. A equipe t\u00e9cnica da CEJA participar\u00e1 das correi\u00e7\u00f5es ordin\u00e1rias realizadas nas Unidades Judici\u00e1rias com compet\u00eancia em Inf\u00e2ncia e Juventude.<\/p>\n<p style=\"text-align: justify;\" align=\"justify\">\n<p style=\"text-align: justify;\" align=\"justify\">Art. 4\u00ba. Determinar que o senhor Diretor do F\u00f3rum, no per\u00edodo de realiza\u00e7\u00e3o da correi\u00e7\u00e3o ordin\u00e1ria, disponibilize espa\u00e7o adequado e reservado ao trabalho da equipe correicional com prepara\u00e7\u00e3o de mesas, cadeiras, computadores, impressoras e conex\u00e3o \u00e0 internet.<\/p>\n<p style=\"text-align: justify;\" align=\"justify\">\n<p style=\"text-align: justify;\" align=\"justify\">Art. 5\u00ba. Determinar que, por ocasi\u00e3o da sess\u00e3o de instala\u00e7\u00e3o das correi\u00e7\u00f5es ordin\u00e1rias, dever\u00e3o ser apresentados os t\u00edtulos de nomea\u00e7\u00e3o ou documentos correspondentes das autoridades judici\u00e1rias, servidores e demais auxiliares da Justi\u00e7a, ficando todos convocados a participar dos atos de correi\u00e7\u00e3o.<\/p>\n<p style=\"text-align: justify;\" align=\"justify\">Art. 6\u00ba Em conformidade com o art. 11, \u00a710\u00ba do C\u00f3digo de Normas, as unidades judici\u00e1rias\u00a0mencionadas no art. 1\u00ba desta Portaria, ficam dispensadas da realiza\u00e7\u00e3o de inspe\u00e7\u00f5es judiciais\u00a0no ano de 2020.<\/p>\n<p style=\"text-align: justify;\" align=\"justify\">Art. 7\u00ba O calend\u00e1rio das Correi\u00e7\u00f5es Gerais Ordin\u00e1rias nas serventias extrajudiciais ser\u00e3o designadas em Portaria pr\u00f3pria.<\/p>\n<p style=\"text-align: justify;\" align=\"justify\">\n<p style=\"text-align: justify;\" align=\"justify\">Art. 8\u00ba. Esta portaria entrar\u00e1 em vigor na data da sua publica\u00e7\u00e3o.<\/p>\n<p style=\"text-align: justify;\" align=\"justify\">\n<p style=\"text-align: justify;\" align=\"justify\">Publique-se. Registre-se. Cumpra-se.<\/p>\n<p align=\"center\">\n<p style=\"text-align: left;\" align=\"center\">Vit\u00f3ria\/ES, 03 de fevereiro de 2020.<\/p>\n<p align=\"center\"><strong>Desembargador\u00a0<\/strong><strong>NEY BATISTA COUTINHO<\/strong><\/p>\n<p align=\"center\"><strong>Corregedor Geral da Justi\u00e7a<\/strong><\/p>\n<p align=\"justify\">\n","protected":false},"excerpt":{"rendered":"<p>PODER JUDICI\u00c1RIO DO ESTADO DO ESP\u00cdRITO SANTO CORREGEDORIA GERAL DA JUSTI\u00c7A PORTARIA N\u00ba 002\/2020 O Desembargador\u00a0NEY BATISTA COUTINHO, Corregedor-Geral da Justi\u00e7a do Estado do Esp\u00edrito Santo, no uso de suas atribui\u00e7\u00f5es legais, CONSIDERANDO\u00a0o que prescreve o art. 35, do C\u00f3digo de Organiza\u00e7\u00e3o Judici\u00e1ria do Estado do Esp\u00edrito Santo, no sentido de ser a Corregedoria Geral [&hellip;]<\/p>\n","protected":false},"author":12,"featured_media":0,"comment_status":"closed","ping_status":"closed","sticky":false,"template":"","format":"standard","meta":{"footnotes":""},"categories":[14,6],"tags":[],"_links":{"self":[{"href":"https:\/\/www.tjes.jus.br\/corregedoria\/wp-json\/wp\/v2\/posts\/29150"}],"collection":[{"href":"https:\/\/www.tjes.jus.br\/corregedoria\/wp-json\/wp\/v2\/posts"}],"about":[{"href":"https:\/\/www.tjes.jus.br\/corregedoria\/wp-json\/wp\/v2\/types\/post"}],"author":[{"embeddable":true,"href":"https:\/\/www.tjes.jus.br\/corregedoria\/wp-json\/wp\/v2\/users\/12"}],"replies":[{"embeddable":true,"href":"https:\/\/www.tjes.jus.br\/corregedoria\/wp-json\/wp\/v2\/comments?post=29150"}],"version-history":[{"count":1,"href":"https:\/\/www.tjes.jus.br\/corregedoria\/wp-json\/wp\/v2\/posts\/29150\/revisions"}],"predecessor-version":[{"id":29151,"href":"https:\/\/www.tjes.jus.br\/corregedoria\/wp-json\/wp\/v2\/posts\/29150\/revisions\/29151"}],"wp:attachment":[{"href":"https:\/\/www.tjes.jus.br\/corregedoria\/wp-json\/wp\/v2\/media?parent=29150"}],"wp:term":[{"taxonomy":"category","embeddable":true,"href":"https:\/\/www.tjes.jus.br\/corregedoria\/wp-json\/wp\/v2\/categories?post=29150"},{"taxonomy":"post_tag","embeddable":true,"href":"https:\/\/www.tjes.jus.br\/corregedoria\/wp-json\/wp\/v2\/tags?post=29150"}],"curies":[{"name":"wp","href":"https:\/\/api.w.org\/{rel}","templated":true}]}}