{"id":29165,"date":"2020-02-06T14:09:41","date_gmt":"2020-02-06T16:09:41","guid":{"rendered":"https:\/\/www.tjes.jus.br\/corregedoria\/?p=29165"},"modified":"2020-02-06T14:09:48","modified_gmt":"2020-02-06T16:09:48","slug":"oficio-circular-no-16-2020-disp-06-02-2020","status":"publish","type":"post","link":"https:\/\/www.tjes.jus.br\/corregedoria\/2020\/02\/06\/oficio-circular-no-16-2020-disp-06-02-2020\/","title":{"rendered":"OF\u00cdCIO CIRCULAR N\u00ba 17\/2020 \u2013 DISP. 06\/02\/2020"},"content":{"rendered":"<p style=\"text-align: center;\" align=\"center\"><strong>ESTADO DO ESP\u00cdRITO SANTO<\/strong><\/p>\n<p style=\"text-align: center;\" align=\"center\"><strong>PODER JUDICI\u00c1RIO<\/strong><\/p>\n<p style=\"text-align: center;\" align=\"center\"><strong>CORREGEDORIA GERAL DA JUSTI\u00c7A<\/strong><\/p>\n<p style=\"text-align: center;\" align=\"justify\"><span lang=\"pt-BR\"><strong>OF\u00cdCIO-CIRCULAR N\u00ba\u00a0<\/strong><\/span><span lang=\"pt-BR\"><strong>1<\/strong><\/span><span lang=\"pt-BR\"><strong>7<\/strong><\/span><span lang=\"pt-BR\"><strong>\/<\/strong><\/span><span lang=\"pt-BR\"><strong>20<\/strong><\/span><span lang=\"pt-BR\"><strong>20<\/strong><\/span><\/p>\n<p style=\"text-align: center;\" align=\"justify\"><span lang=\"pt-BR\"><strong>Protocolo\u00a0<\/strong><\/span><span lang=\"pt-BR\"><strong>20<\/strong><\/span><span lang=\"pt-BR\"><strong>19.01.912.971<\/strong><\/span><\/p>\n<p style=\"text-align: justify;\" align=\"justify\">O Exmo. Sr. Desembargador Corregedor-Geral da Justi\u00e7a do Estado do Esp\u00edrito Santo, no uso de suas atribui\u00e7\u00f5es legais e,<\/p>\n<p style=\"text-align: justify;\" align=\"justify\"><strong>CONSIDERANDO<\/strong>\u00a0que a Corregedoria Geral da Justi\u00e7a \u00e9 \u00f3rg\u00e3o de fiscaliza\u00e7\u00e3o, disciplina e orienta\u00e7\u00e3o administrativa, com circunscri\u00e7\u00e3o em todo o Estado, conforme art. 35 da Lei Complementar Estadual n\u00ba 234\/2002 (COJES);<\/p>\n<p style=\"text-align: justify;\" align=\"justify\"><span lang=\"pt-BR\"><strong>CONSIDERANDO<\/strong><\/span><span lang=\"pt-BR\">\u00a0o recebimento do\u00a0<\/span><span lang=\"pt-BR\">malote digital n\u00ba\u00a0<\/span><span lang=\"pt-BR\">80920194175173<\/span><span lang=\"pt-BR\">enviado pela\u00a0<\/span><span lang=\"pt-BR\">Secretaria-Geral\u00a0<\/span><span lang=\"pt-BR\">da\u00a0<\/span><span lang=\"pt-BR\">Corregedor<\/span><span lang=\"pt-BR\">ia<\/span><span lang=\"pt-BR\">&#8211;<\/span><span lang=\"pt-BR\">Geral da Justi\u00e7a do Estado\u00a0<\/span><span lang=\"pt-BR\">de Goi\u00e1s<\/span><span lang=\"pt-BR\">\/<\/span><span lang=\"pt-BR\">GO<\/span><span lang=\"pt-BR\">;<\/span><\/p>\n<p style=\"text-align: justify;\" align=\"justify\"><span lang=\"pt-BR\"><strong>CONSIDERANDO<\/strong><\/span><span lang=\"pt-BR\">\u00a0que referido\u00a0<\/span><span lang=\"pt-BR\">comunica<\/span><span lang=\"pt-BR\">do informa<\/span><span lang=\"pt-BR\">a\u00a0<\/span><span lang=\"pt-BR\">cerca de irregularidades no reconhecimento de firma em contrato de intermedia\u00e7\u00e3o de financiamento de ve\u00edculo(evento 1)\u00a0<\/span><span lang=\"pt-BR\">em nome de Maria Rita Teizen Marques de Oliveira<\/span><span lang=\"pt-BR\">,\u00a0<\/span><span lang=\"pt-BR\">o<\/span><span lang=\"pt-BR\">riund<\/span><span lang=\"pt-BR\">o<\/span><span lang=\"pt-BR\">d<\/span><span lang=\"pt-BR\">o Cart\u00f3rio de Tabelionato de Notas\u00a0<\/span><span lang=\"pt-BR\">e Protesto<\/span><span lang=\"pt-BR\">, Comarca de\u00a0<\/span><span lang=\"pt-BR\">Flores de Goi\u00e1s<\/span><span lang=\"pt-BR\">\/<\/span><span lang=\"pt-BR\">GO<\/span><span lang=\"pt-BR\">,\u00a0<\/span><span lang=\"pt-BR\">conforme consta em anexo.<\/span><\/p>\n<p style=\"text-align: justify;\" align=\"justify\"><span lang=\"pt-BR\"><strong>RECOMENDO<\/strong><\/span><span lang=\"pt-BR\">\u00a0aos Ju\u00edzes de Direito Diretores dos F\u00f3runs, Membros do Minist\u00e9rio P\u00fablico, Advogados, Not\u00e1rios e Registradores, Serventu\u00e1rios e a quem mais possa interessar, que observem o\u00a0<\/span><span lang=\"pt-BR\">comunicado em anexo,\u00a0<\/span><span lang=\"pt-BR\">e adotem as provid\u00eancias que entenderem pertinentes.<\/span><\/p>\n<p style=\"text-align: justify;\" align=\"justify\"><strong>Publique-se. Cumpra-se.<\/strong><\/p>\n<p style=\"text-align: justify;\" align=\"justify\"><span lang=\"pt-BR\">Vit\u00f3ria\/ES,\u00a0<\/span><span lang=\"pt-BR\">30<\/span><span lang=\"pt-BR\">\u00a0de\u00a0<\/span><span lang=\"pt-BR\">janeiro\u00a0<\/span><span lang=\"pt-BR\">de 20<\/span><span lang=\"pt-BR\">20<\/span><span lang=\"pt-BR\">.<\/span><\/p>\n<p align=\"center\"><strong>DES. NEY BATISTA COUTINHO<\/strong><\/p>\n<p align=\"center\"><strong>Corregedor-Geral da Justi\u00e7a<\/strong><\/p>\n<p align=\"center\"><strong><a href=\"https:\/\/sistemas.tjes.jus.br\/ediario\/images\/Malote_Digital_do_Oficio_Circular_17.pdf\" target=\"_blank\" rel=\"noopener\">ANEXO &#8211; CLIQUE AQUI<\/a><\/strong><\/p>\n","protected":false},"excerpt":{"rendered":"<p>ESTADO DO ESP\u00cdRITO SANTO PODER JUDICI\u00c1RIO CORREGEDORIA GERAL DA JUSTI\u00c7A OF\u00cdCIO-CIRCULAR N\u00ba\u00a017\/2020 Protocolo\u00a02019.01.912.971 O Exmo. Sr. Desembargador Corregedor-Geral da Justi\u00e7a do Estado do Esp\u00edrito Santo, no uso de suas atribui\u00e7\u00f5es legais e, CONSIDERANDO\u00a0que a Corregedoria Geral da Justi\u00e7a \u00e9 \u00f3rg\u00e3o de fiscaliza\u00e7\u00e3o, disciplina e orienta\u00e7\u00e3o administrativa, com circunscri\u00e7\u00e3o em todo o Estado, conforme art. 35 [&hellip;]<\/p>\n","protected":false},"author":12,"featured_media":0,"comment_status":"closed","ping_status":"closed","sticky":false,"template":"","format":"standard","meta":{"footnotes":""},"categories":[14,5],"tags":[],"_links":{"self":[{"href":"https:\/\/www.tjes.jus.br\/corregedoria\/wp-json\/wp\/v2\/posts\/29165"}],"collection":[{"href":"https:\/\/www.tjes.jus.br\/corregedoria\/wp-json\/wp\/v2\/posts"}],"about":[{"href":"https:\/\/www.tjes.jus.br\/corregedoria\/wp-json\/wp\/v2\/types\/post"}],"author":[{"embeddable":true,"href":"https:\/\/www.tjes.jus.br\/corregedoria\/wp-json\/wp\/v2\/users\/12"}],"replies":[{"embeddable":true,"href":"https:\/\/www.tjes.jus.br\/corregedoria\/wp-json\/wp\/v2\/comments?post=29165"}],"version-history":[{"count":2,"href":"https:\/\/www.tjes.jus.br\/corregedoria\/wp-json\/wp\/v2\/posts\/29165\/revisions"}],"predecessor-version":[{"id":29167,"href":"https:\/\/www.tjes.jus.br\/corregedoria\/wp-json\/wp\/v2\/posts\/29165\/revisions\/29167"}],"wp:attachment":[{"href":"https:\/\/www.tjes.jus.br\/corregedoria\/wp-json\/wp\/v2\/media?parent=29165"}],"wp:term":[{"taxonomy":"category","embeddable":true,"href":"https:\/\/www.tjes.jus.br\/corregedoria\/wp-json\/wp\/v2\/categories?post=29165"},{"taxonomy":"post_tag","embeddable":true,"href":"https:\/\/www.tjes.jus.br\/corregedoria\/wp-json\/wp\/v2\/tags?post=29165"}],"curies":[{"name":"wp","href":"https:\/\/api.w.org\/{rel}","templated":true}]}}