{"id":29174,"date":"2020-02-06T17:49:30","date_gmt":"2020-02-06T19:49:30","guid":{"rendered":"https:\/\/www.tjes.jus.br\/corregedoria\/?p=29174"},"modified":"2020-02-06T18:48:24","modified_gmt":"2020-02-06T20:48:24","slug":"divulgada-a-tabela-de-correicoes-das-comarcas-e-unidades-judiciarias-do-estado","status":"publish","type":"post","link":"https:\/\/www.tjes.jus.br\/corregedoria\/2020\/02\/06\/divulgada-a-tabela-de-correicoes-das-comarcas-e-unidades-judiciarias-do-estado\/","title":{"rendered":"Divulgado o calend\u00e1rio de correi\u00e7\u00f5es para 2020"},"content":{"rendered":"<blockquote><p><i>\u00a0O calend\u00e1rio determina a realiza\u00e7\u00e3o das correi\u00e7\u00f5es ordin\u00e1rias e virtuais a serem realizadas no ano de 2020.<\/i><\/p><\/blockquote>\n<p>A Corregedoria Geral da Justi\u00e7a do Esp\u00edrito Santo (CGJ-ES), divulgou a tabela de correi\u00e7\u00f5es ordin\u00e1rias e virtuais a serem realizadas nas comarcas e unidades judici\u00e1rias do Estado do Esp\u00edrito Santo no ano de 2020.<\/p>\n<p>Durante o per\u00edodo de correi\u00e7\u00e3o, n\u00e3o haver\u00e1 suspens\u00e3o de prazos, interrup\u00e7\u00e3o de distribui\u00e7\u00e3o e transfer\u00eancia de audi\u00eancias marcadas, de modo a evitar preju\u00edzo aos trabalhos da unidade correicionada.<\/p>\n<p>A realiza\u00e7\u00e3o de correi\u00e7\u00f5es e inspe\u00e7\u00f5es judiciais e extrajudiciais est\u00e3o determinadas de acordo com os artigos 10 e 11 do C\u00f3digo de Normas do Tribunal de Justi\u00e7a do Esp\u00edrito Santo (TJ-ES). Essas atividades t\u00eam como objetivo a apura\u00e7\u00e3o e preven\u00e7\u00e3o de irregularidades, o aprimoramento e a efici\u00eancia na presta\u00e7\u00e3o de servi\u00e7os, bem como a orienta\u00e7\u00e3o administrativa da atividade jurisdicional.<\/p>\n<p>A tabela de correi\u00e7\u00f5es foi divulgada por meio da portaria n\u00ba 002\/2020 e encontra-se dispon\u00edvel no Di\u00e1rio da Justi\u00e7a do dia 05 de fevereiro.<\/p>\n<p>Acesse: <a href=\"https:\/\/sistemas.tjes.jus.br\/ediario\/index.php\/component\/ediario\/924967?view=content\">PORTARIA N\u00ba 002\/2020<\/a><\/p>\n<p>Vit\u00f3ria, 06 de fevereiro de 2020<\/p>\n<p>Texto: Brunella Rios<\/p>\n<p><a href=\"mailto:gabinete@tjes.jus.br\">gabinete@tjes.jus.br<\/a><\/p>\n","protected":false},"excerpt":{"rendered":"<p>\u00a0O calend\u00e1rio determina a realiza\u00e7\u00e3o das correi\u00e7\u00f5es ordin\u00e1rias e virtuais a serem realizadas no ano de 2020. A Corregedoria Geral da Justi\u00e7a do Esp\u00edrito Santo (CGJ-ES), divulgou a tabela de correi\u00e7\u00f5es ordin\u00e1rias e virtuais a serem realizadas nas comarcas e unidades judici\u00e1rias do Estado do Esp\u00edrito Santo no ano de 2020. Durante o per\u00edodo de [&hellip;]<\/p>\n","protected":false},"author":13,"featured_media":29187,"comment_status":"closed","ping_status":"closed","sticky":false,"template":"","format":"standard","meta":{"footnotes":""},"categories":[1],"tags":[],"_links":{"self":[{"href":"https:\/\/www.tjes.jus.br\/corregedoria\/wp-json\/wp\/v2\/posts\/29174"}],"collection":[{"href":"https:\/\/www.tjes.jus.br\/corregedoria\/wp-json\/wp\/v2\/posts"}],"about":[{"href":"https:\/\/www.tjes.jus.br\/corregedoria\/wp-json\/wp\/v2\/types\/post"}],"author":[{"embeddable":true,"href":"https:\/\/www.tjes.jus.br\/corregedoria\/wp-json\/wp\/v2\/users\/13"}],"replies":[{"embeddable":true,"href":"https:\/\/www.tjes.jus.br\/corregedoria\/wp-json\/wp\/v2\/comments?post=29174"}],"version-history":[{"count":4,"href":"https:\/\/www.tjes.jus.br\/corregedoria\/wp-json\/wp\/v2\/posts\/29174\/revisions"}],"predecessor-version":[{"id":29182,"href":"https:\/\/www.tjes.jus.br\/corregedoria\/wp-json\/wp\/v2\/posts\/29174\/revisions\/29182"}],"wp:featuredmedia":[{"embeddable":true,"href":"https:\/\/www.tjes.jus.br\/corregedoria\/wp-json\/wp\/v2\/media\/29187"}],"wp:attachment":[{"href":"https:\/\/www.tjes.jus.br\/corregedoria\/wp-json\/wp\/v2\/media?parent=29174"}],"wp:term":[{"taxonomy":"category","embeddable":true,"href":"https:\/\/www.tjes.jus.br\/corregedoria\/wp-json\/wp\/v2\/categories?post=29174"},{"taxonomy":"post_tag","embeddable":true,"href":"https:\/\/www.tjes.jus.br\/corregedoria\/wp-json\/wp\/v2\/tags?post=29174"}],"curies":[{"name":"wp","href":"https:\/\/api.w.org\/{rel}","templated":true}]}}