{"id":29190,"date":"2020-02-07T13:45:30","date_gmt":"2020-02-07T15:45:30","guid":{"rendered":"https:\/\/www.tjes.jus.br\/corregedoria\/?p=29190"},"modified":"2020-02-07T13:45:30","modified_gmt":"2020-02-07T15:45:30","slug":"ato-normativo-conjunto-no-006-2020-disp-07-02-2020","status":"publish","type":"post","link":"https:\/\/www.tjes.jus.br\/corregedoria\/2020\/02\/07\/ato-normativo-conjunto-no-006-2020-disp-07-02-2020\/","title":{"rendered":"ATO NORMATIVO CONJUNTO N\u00ba 006 \/ 2020 \u2013 DISP. 07\/02\/2020"},"content":{"rendered":"<p style=\"text-align: center;\"><strong>PODER JUDICI\u00c1RIO DO ESTADO DO ESP\u00cdRITO SANTO &#8211; PJES<\/strong><\/p>\n<p style=\"text-align: center;\"><strong>RUA DESEMBARGADOR HOMERO MAFRA,60 &#8211; Bairro ENSEADA DO SU\u00c1 &#8211; CEP 29050906 &#8211; Vit\u00f3ria &#8211; ES &#8211; www.tjes.jus.br<\/strong><\/p>\n<p style=\"text-align: center;\">\n<p style=\"text-align: center;\"><strong>\u00a0ATO NORMATIVO CONJUNTO N\u00b0 006\/2020<\/strong><\/p>\n<p style=\"text-align: justify;\">\n<p style=\"text-align: justify;\">O Excelent\u00edssimo Senhor Desembargador RONALDO GON\u00c7ALVES DE SOUSA, Presidente do Egr\u00e9gio Tribunal de Justi\u00e7a do Estado do Esp\u00edrito Santo, e o Excelent\u00edssimo Senhor Desembargador JORGE HENRIQUE VALLE DOS SANTOS, Supervisor das Varas da Inf\u00e2ncia e Juventude, no uso de suas atribui\u00e7\u00f5es legais etc.<\/p>\n<p style=\"text-align: justify;\">\n<p style=\"text-align: justify;\"><strong>CONSIDERANDO\u00a0<\/strong>a prioridade afeta \u00e0 coordena\u00e7\u00e3o, elabora\u00e7\u00e3o e execu\u00e7\u00e3o das pol\u00edticas p\u00fablicas de atendimento \u00e0 inf\u00e2ncia e juventude no \u00e2mbito do PJES, nos termos do art. 227, da CF\/88, e art. 152, \u00a71\u00ba, da Lei 8069\/90;<\/p>\n<p style=\"text-align: justify;\">\n<p style=\"text-align: justify;\"><strong>CONSIDERANDO\u00a0<\/strong>o disposto no artigo 3\u00ba, \u00a71\u00ba, da Resolu\u00e7\u00e3o n\u00b0 009\/2010, deste e. TJES, ao estabelecer que a Coordenadoria das Varas da Inf\u00e2ncia e da Juventude poder\u00e1 contar com a colabora\u00e7\u00e3o ou assessoria de outros magistrados, sem dispensa da fun\u00e7\u00e3o jurisdicional;<\/p>\n<p style=\"text-align: justify;\">\n<p style=\"text-align: justify;\"><strong>RESOLVEM:<\/strong><\/p>\n<p style=\"text-align: justify;\">Art. 1\u00ba\u00a0&#8211; Designar como Ju\u00edzes Colaboradores da Coordenadoria das Varas da Inf\u00e2ncia e Juventude os magistrados RICHARDA AGUIAR LITTIG, VLADSON COUTO BITTENCOURT, VIVIANE BRITO BORILLE, LORENA MIRANDA LARANJA DO AMARAL, EWERTON NICOLI, FELIPE LEITAO GOMES, MARCELO SOARES CUNHA, GIDEON DRESCHER e EDUARDO GERALDO DE MATOS HENRIQUEZ, na forma do art. 3\u00ba, \u00a71\u00ba, da Resolu\u00e7\u00e3o n\u00b0 009\/2010, sem preju\u00edzo de suas atividades jurisdicionais.<\/p>\n<p style=\"text-align: justify;\">\n<p style=\"text-align: justify;\">Art. 2\u00ba &#8211; Este Ato entra em vigor na data de sua publica\u00e7\u00e3o.<\/p>\n<p style=\"text-align: justify;\">\nPublique-se.<\/p>\n<p style=\"text-align: justify;\">\nVit\u00f3ria, 05 de Fevereiro\u00a0de 2020.<\/p>\n<p>&nbsp;<\/p>\n<p style=\"text-align: center;\"><strong>Desembargador RONALDO GON\u00c7ALVES DE SOUSA<\/strong><\/p>\n<p style=\"text-align: center;\"><strong>Presidente do Egr\u00e9gio Tribunal de Justi\u00e7a do Estado do Esp\u00edrito Santo<\/strong><\/p>\n<p style=\"text-align: center;\">\n<p style=\"text-align: center;\"><strong>Desembargador JORGE HENRIQUE VALLE DOS SANTOS<\/strong><\/p>\n<p style=\"text-align: center;\"><strong>Supervisor das Varas da Inf\u00e2ncia e Juventude<\/strong><\/p>\n","protected":false},"excerpt":{"rendered":"<p>PODER JUDICI\u00c1RIO DO ESTADO DO ESP\u00cdRITO SANTO &#8211; PJES RUA DESEMBARGADOR HOMERO MAFRA,60 &#8211; Bairro ENSEADA DO SU\u00c1 &#8211; CEP 29050906 &#8211; Vit\u00f3ria &#8211; ES &#8211; www.tjes.jus.br \u00a0ATO NORMATIVO CONJUNTO N\u00b0 006\/2020 O Excelent\u00edssimo Senhor Desembargador RONALDO GON\u00c7ALVES DE SOUSA, Presidente do Egr\u00e9gio Tribunal de Justi\u00e7a do Estado do Esp\u00edrito Santo, e o Excelent\u00edssimo Senhor [&hellip;]<\/p>\n","protected":false},"author":12,"featured_media":0,"comment_status":"closed","ping_status":"closed","sticky":false,"template":"","format":"standard","meta":{"footnotes":""},"categories":[4,14],"tags":[],"_links":{"self":[{"href":"https:\/\/www.tjes.jus.br\/corregedoria\/wp-json\/wp\/v2\/posts\/29190"}],"collection":[{"href":"https:\/\/www.tjes.jus.br\/corregedoria\/wp-json\/wp\/v2\/posts"}],"about":[{"href":"https:\/\/www.tjes.jus.br\/corregedoria\/wp-json\/wp\/v2\/types\/post"}],"author":[{"embeddable":true,"href":"https:\/\/www.tjes.jus.br\/corregedoria\/wp-json\/wp\/v2\/users\/12"}],"replies":[{"embeddable":true,"href":"https:\/\/www.tjes.jus.br\/corregedoria\/wp-json\/wp\/v2\/comments?post=29190"}],"version-history":[{"count":1,"href":"https:\/\/www.tjes.jus.br\/corregedoria\/wp-json\/wp\/v2\/posts\/29190\/revisions"}],"predecessor-version":[{"id":29191,"href":"https:\/\/www.tjes.jus.br\/corregedoria\/wp-json\/wp\/v2\/posts\/29190\/revisions\/29191"}],"wp:attachment":[{"href":"https:\/\/www.tjes.jus.br\/corregedoria\/wp-json\/wp\/v2\/media?parent=29190"}],"wp:term":[{"taxonomy":"category","embeddable":true,"href":"https:\/\/www.tjes.jus.br\/corregedoria\/wp-json\/wp\/v2\/categories?post=29190"},{"taxonomy":"post_tag","embeddable":true,"href":"https:\/\/www.tjes.jus.br\/corregedoria\/wp-json\/wp\/v2\/tags?post=29190"}],"curies":[{"name":"wp","href":"https:\/\/api.w.org\/{rel}","templated":true}]}}