{"id":29360,"date":"2020-02-20T12:21:57","date_gmt":"2020-02-20T15:21:57","guid":{"rendered":"https:\/\/www.tjes.jus.br\/corregedoria\/?p=29360"},"modified":"2020-07-02T17:12:15","modified_gmt":"2020-07-02T20:12:15","slug":"provimento-no-03-2019-disp-19-02-2020-republicacao","status":"publish","type":"post","link":"https:\/\/www.tjes.jus.br\/corregedoria\/2020\/02\/20\/provimento-no-03-2019-disp-19-02-2020-republicacao\/","title":{"rendered":"PROVIMENTO N\u00ba 03\/2020 \u2013 DISP. 19\/02\/2020 \u2013 REPUBLICA\u00c7\u00c3O"},"content":{"rendered":"<p align=\"center\">ESTADO DO ESP\u00cdRITO SANTO<\/p>\n<p align=\"center\">PODER JUDICI\u00c1RIO<\/p>\n<p align=\"center\">CORREGEDORIA GERAL DA JUSTI\u00c7A<\/p>\n<p>&nbsp;<\/p>\n<p align=\"center\"><strong>PROVIMENTO N.\u00ba 03\/2020<\/strong><\/p>\n<p>&nbsp;<\/p>\n<p style=\"text-align: justify;\">O Excelent\u00edssimo Senhor Desembargador\u00a0<strong>NEY BATISTA COUTINHO<\/strong>, Corregedor Geral da Justi\u00e7a do Estado do Esp\u00edrito Santo, no uso de suas atribui\u00e7\u00f5es legais e,<\/p>\n<p style=\"text-align: justify;\"><strong>CONSIDERANDO\u00a0<\/strong>que a Corregedoria Geral da Justi\u00e7a do Estado do Esp\u00edrito Santo \u00e9 \u00f3rg\u00e3o de fiscaliza\u00e7\u00e3o, que disciplina a orienta\u00e7\u00e3o administrativa, com jurisdi\u00e7\u00e3o em todo Estado, conforme disp\u00f5e o art. 35 da Lei Complementar Estadual n\u00ba 234\/2002;<\/p>\n<p style=\"text-align: justify;\"><strong>\u00a0<\/strong><\/p>\n<p style=\"text-align: justify;\"><strong>CONSIDERANDO\u00a0<\/strong>que as constantes altera\u00e7\u00f5es legislativas apontam para a necessidade de atualiza\u00e7\u00e3o e aperfei\u00e7oamento cont\u00ednuos do C\u00f3digo de Normas da Corregedoria Geral da Justi\u00e7a;<\/p>\n<p style=\"text-align: justify;\"><strong>\u00a0<\/strong><\/p>\n<p style=\"text-align: justify;\"><strong>CONSIDERANDO\u00a0<\/strong>ser imprescind\u00edvel sistematizar, unificar e organizar as diversas normas existentes, buscando sempre padr\u00f5es de excel\u00eancia na presta\u00e7\u00e3o do servi\u00e7o judicial e extrajudicial aos usu\u00e1rios;<\/p>\n<p style=\"text-align: justify;\"><strong>RESOLVE:<\/strong><\/p>\n<p style=\"text-align: justify;\"><strong>\u00a0<\/strong><\/p>\n<p style=\"text-align: justify;\"><strong>Art. 1\u00ba.\u00a0<\/strong>Republicar o novo C\u00f3digo de Normas disponibilizado por meio do <a href=\"https:\/\/www.tjes.jus.br\/corregedoria\/2017\/12\/11\/provimento-no-202017-disp-11122017-republicacao\/\">Provimento n\u00ba 20\/2017,<\/a> com as altera\u00e7\u00f5es propostas pelas Comiss\u00f5es Revisoras institu\u00eddas pela <a href=\"https:\/\/www.tjes.jus.br\/corregedoria\/2018\/02\/01\/portaria-cgjes-no-012018-disp-01022018\/\">Portaria CGJ\/ES 01\/2018<\/a>, alterada pela <a href=\"https:\/\/www.tjes.jus.br\/corregedoria\/2018\/12\/07\/portaria-no-14-2018-disp-07-12-2018\/\">Portaria CGJ\/ES 14\/2018<\/a>, bem como pela <a href=\"https:\/\/www.tjes.jus.br\/corregedoria\/2020\/01\/20\/portaria-no-01-2020-disp-20-01-2020\/\">Portaria CGJ\/ES 01\/2020<\/a>, o qual \u00e9 composto de dois tomos, um de Foro Judicial, com aplica\u00e7\u00e3o para os servi\u00e7os dos foros judiciais de primeiro grau e outro, de Foro Extrajudicial, com aplica\u00e7\u00e3o para os servi\u00e7os extrajudiciais, ambos dispon\u00edveis em dois arquivos digitais no s\u00edtio eletr\u00f4nico da Corregedoria Geral da Justi\u00e7a, em formato PDF.<\/p>\n<p><strong>Art. 2\u00ba.\u00a0<\/strong>Este C\u00f3digo de Normas entrar\u00e1 em vigor em 1\u00ba de julho de 2020.<\/p>\n<p>&nbsp;<\/p>\n<p><strong>PUBLIQUE-SE, POR TR\u00caS (3) VEZES CONSECUTIVAS. REGISTRE-SE. CUMPRA-SE.<\/strong><\/p>\n<p>&nbsp;<\/p>\n<p style=\"text-align: left;\" align=\"center\">Vit\u00f3ria\/ES, 19 de fevereiro de 2020.<\/p>\n<p align=\"center\"><strong>Desembargador NEY BATISTA COUTINHO<\/strong><\/p>\n<p align=\"center\"><strong>Corregedor Geral da Justi\u00e7a<\/strong><strong>\u00a0<\/strong><\/p>\n<p align=\"center\"><strong>\u00a0<\/strong><\/p>\n<p align=\"center\"><strong>REPUBLICADO POR CONTER INCORRE\u00c7\u00c3O<\/strong><\/p>\n<p align=\"center\"><a href=\"https:\/\/www.tjes.jus.br\/corregedoria\/wp-content\/uploads\/2020\/07\/CN-JUDICIAL-TOMO-I.pdf\"><strong>ANEXO I &#8211; CLIQUE AQUI<\/strong><\/a><\/p>\n<p align=\"center\"><a href=\"https:\/\/www.tjes.jus.br\/corregedoria\/wp-content\/uploads\/2020\/07\/CN-EXTRAJUDICIAL-TOMO-II.pdf\"><strong>ANEXO II &#8211; CLIQUE AQUI<\/strong><\/a><\/p>\n","protected":false},"excerpt":{"rendered":"<p>ESTADO DO ESP\u00cdRITO SANTO PODER JUDICI\u00c1RIO CORREGEDORIA GERAL DA JUSTI\u00c7A &nbsp; PROVIMENTO N.\u00ba 03\/2020 &nbsp; O Excelent\u00edssimo Senhor Desembargador\u00a0NEY BATISTA COUTINHO, Corregedor Geral da Justi\u00e7a do Estado do Esp\u00edrito Santo, no uso de suas atribui\u00e7\u00f5es legais e, CONSIDERANDO\u00a0que a Corregedoria Geral da Justi\u00e7a do Estado do Esp\u00edrito Santo \u00e9 \u00f3rg\u00e3o de fiscaliza\u00e7\u00e3o, que disciplina a [&hellip;]<\/p>\n","protected":false},"author":8,"featured_media":0,"comment_status":"closed","ping_status":"closed","sticky":false,"template":"","format":"standard","meta":{"footnotes":""},"categories":[14,16],"tags":[],"_links":{"self":[{"href":"https:\/\/www.tjes.jus.br\/corregedoria\/wp-json\/wp\/v2\/posts\/29360"}],"collection":[{"href":"https:\/\/www.tjes.jus.br\/corregedoria\/wp-json\/wp\/v2\/posts"}],"about":[{"href":"https:\/\/www.tjes.jus.br\/corregedoria\/wp-json\/wp\/v2\/types\/post"}],"author":[{"embeddable":true,"href":"https:\/\/www.tjes.jus.br\/corregedoria\/wp-json\/wp\/v2\/users\/8"}],"replies":[{"embeddable":true,"href":"https:\/\/www.tjes.jus.br\/corregedoria\/wp-json\/wp\/v2\/comments?post=29360"}],"version-history":[{"count":7,"href":"https:\/\/www.tjes.jus.br\/corregedoria\/wp-json\/wp\/v2\/posts\/29360\/revisions"}],"predecessor-version":[{"id":30426,"href":"https:\/\/www.tjes.jus.br\/corregedoria\/wp-json\/wp\/v2\/posts\/29360\/revisions\/30426"}],"wp:attachment":[{"href":"https:\/\/www.tjes.jus.br\/corregedoria\/wp-json\/wp\/v2\/media?parent=29360"}],"wp:term":[{"taxonomy":"category","embeddable":true,"href":"https:\/\/www.tjes.jus.br\/corregedoria\/wp-json\/wp\/v2\/categories?post=29360"},{"taxonomy":"post_tag","embeddable":true,"href":"https:\/\/www.tjes.jus.br\/corregedoria\/wp-json\/wp\/v2\/tags?post=29360"}],"curies":[{"name":"wp","href":"https:\/\/api.w.org\/{rel}","templated":true}]}}