{"id":29512,"date":"2020-03-05T15:06:03","date_gmt":"2020-03-05T18:06:03","guid":{"rendered":"https:\/\/www.tjes.jus.br\/corregedoria\/?p=29512"},"modified":"2020-03-05T17:54:11","modified_gmt":"2020-03-05T20:54:11","slug":"oficio-circular-no-29-2020-disp-04-04-2020","status":"publish","type":"post","link":"https:\/\/www.tjes.jus.br\/corregedoria\/2020\/03\/05\/oficio-circular-no-29-2020-disp-04-04-2020\/","title":{"rendered":"OF\u00cdCIO-CIRCULAR N\u00ba 29\/2020 &#8211; DISP. 04\/03\/2020"},"content":{"rendered":"<p style=\"text-align: center;\" align=\"center\"><strong>PODER JUDICI\u00c1RIO<\/strong><\/p>\n<p style=\"text-align: center;\" align=\"center\"><strong>CORREGEDORIA GERAL DA JUSTI\u00c7A<\/strong><\/p>\n<p style=\"text-align: center;\" align=\"justify\"><span lang=\"pt-BR\"><strong>OF\u00cdCIO-CIRCULAR N\u00ba\u00a0<\/strong><\/span><span lang=\"pt-BR\"><strong>2<\/strong><\/span><span lang=\"pt-BR\"><strong>9<\/strong><\/span><span lang=\"pt-BR\"><strong>\/<\/strong><\/span><span lang=\"pt-BR\"><strong>20<\/strong><\/span><span lang=\"pt-BR\"><strong>20<\/strong><\/span><\/p>\n<p style=\"text-align: center;\" align=\"justify\"><strong>Protocolo 2020.00.163.343<\/strong><\/p>\n<p style=\"text-align: justify;\" align=\"justify\">Em vista do comunicado recebido nesta Corregedoria Geral da Justi\u00e7a, conforme n\u00famero do protocolo em ep\u00edgrafe, oriundo da Corregedoria Geral da Justi\u00e7a da Regi\u00e3o Metropolitana de Bel\u00e9m do Estado\/PA, informando sobre a inutiliza\u00e7\u00e3o dos pap\u00e9is de seguran\u00e7a para aposi\u00e7\u00e3o de Apostila de Haia N\u00ba A5088215, oriundo do Servi\u00e7o Registral e Notarial Val \u2013 de C\u00e3es, Comarca de Bel\u00e9m\/PA.<\/p>\n<p style=\"text-align: justify;\" align=\"justify\"><strong>RECOMENDO\u00a0<\/strong>aos Ju\u00edzes de Direito, Serventu\u00e1rios, Not\u00e1rios e Registradores que adotem as devidas provid\u00eancias pertinentes.<\/p>\n<p style=\"text-align: justify;\" align=\"justify\"><strong>CIENTIFIQUEM-SE<\/strong>, outrossim, os Membros do Minist\u00e9rio P\u00fablico e Advogados e a quem mais interessar.<\/p>\n<p align=\"justify\"><strong>Publique-se. Cumpra-se.<\/strong><\/p>\n<p align=\"justify\"><span lang=\"pt-BR\">Vit\u00f3ria\/ES,<\/span><span lang=\"pt-BR\">27<\/span><span lang=\"pt-BR\">\u00a0de fevereiro\u00a0<\/span><span lang=\"pt-BR\">de 20<\/span><span lang=\"pt-BR\">20<\/span><span lang=\"pt-BR\">.<\/span><\/p>\n<p align=\"center\"><strong>DES. NEY BATISTA COUTINHO<\/strong><\/p>\n<p align=\"center\"><strong>Corregedor-Geral da Justi\u00e7a<\/strong><\/p>\n","protected":false},"excerpt":{"rendered":"<p>PODER JUDICI\u00c1RIO CORREGEDORIA GERAL DA JUSTI\u00c7A OF\u00cdCIO-CIRCULAR N\u00ba\u00a029\/2020 Protocolo 2020.00.163.343 Em vista do comunicado recebido nesta Corregedoria Geral da Justi\u00e7a, conforme n\u00famero do protocolo em ep\u00edgrafe, oriundo da Corregedoria Geral da Justi\u00e7a da Regi\u00e3o Metropolitana de Bel\u00e9m do Estado\/PA, informando sobre a inutiliza\u00e7\u00e3o dos pap\u00e9is de seguran\u00e7a para aposi\u00e7\u00e3o de Apostila de Haia N\u00ba A5088215, [&hellip;]<\/p>\n","protected":false},"author":13,"featured_media":0,"comment_status":"closed","ping_status":"closed","sticky":false,"template":"","format":"standard","meta":{"footnotes":""},"categories":[14,5],"tags":[],"_links":{"self":[{"href":"https:\/\/www.tjes.jus.br\/corregedoria\/wp-json\/wp\/v2\/posts\/29512"}],"collection":[{"href":"https:\/\/www.tjes.jus.br\/corregedoria\/wp-json\/wp\/v2\/posts"}],"about":[{"href":"https:\/\/www.tjes.jus.br\/corregedoria\/wp-json\/wp\/v2\/types\/post"}],"author":[{"embeddable":true,"href":"https:\/\/www.tjes.jus.br\/corregedoria\/wp-json\/wp\/v2\/users\/13"}],"replies":[{"embeddable":true,"href":"https:\/\/www.tjes.jus.br\/corregedoria\/wp-json\/wp\/v2\/comments?post=29512"}],"version-history":[{"count":3,"href":"https:\/\/www.tjes.jus.br\/corregedoria\/wp-json\/wp\/v2\/posts\/29512\/revisions"}],"predecessor-version":[{"id":29555,"href":"https:\/\/www.tjes.jus.br\/corregedoria\/wp-json\/wp\/v2\/posts\/29512\/revisions\/29555"}],"wp:attachment":[{"href":"https:\/\/www.tjes.jus.br\/corregedoria\/wp-json\/wp\/v2\/media?parent=29512"}],"wp:term":[{"taxonomy":"category","embeddable":true,"href":"https:\/\/www.tjes.jus.br\/corregedoria\/wp-json\/wp\/v2\/categories?post=29512"},{"taxonomy":"post_tag","embeddable":true,"href":"https:\/\/www.tjes.jus.br\/corregedoria\/wp-json\/wp\/v2\/tags?post=29512"}],"curies":[{"name":"wp","href":"https:\/\/api.w.org\/{rel}","templated":true}]}}