{"id":29520,"date":"2020-03-05T17:16:46","date_gmt":"2020-03-05T20:16:46","guid":{"rendered":"https:\/\/www.tjes.jus.br\/corregedoria\/?p=29520"},"modified":"2020-03-05T17:53:46","modified_gmt":"2020-03-05T20:53:46","slug":"oficio-circular-no-31-2020-disp-04-04-2020","status":"publish","type":"post","link":"https:\/\/www.tjes.jus.br\/corregedoria\/2020\/03\/05\/oficio-circular-no-31-2020-disp-04-04-2020\/","title":{"rendered":"OF\u00cdCIO-CIRCULAR N\u00ba 31\/2020 &#8211; DISP. 04\/03\/2020"},"content":{"rendered":"<p style=\"text-align: center;\" align=\"center\"><strong>ESTADO DO ESP\u00cdRITO SANTO<\/strong><\/p>\n<p style=\"text-align: center;\" align=\"center\"><strong>PODER JUDICI\u00c1RIO<\/strong><\/p>\n<p style=\"text-align: center;\" align=\"center\"><strong>CORREGEDORIA GERAL DA JUSTI\u00c7A<\/strong><\/p>\n<p style=\"text-align: center;\" align=\"justify\"><span lang=\"pt-BR\"><strong>OF\u00cdCIO-CIRCULAR N\u00ba\u00a0<\/strong><\/span><span lang=\"pt-BR\"><strong>3<\/strong><\/span><span lang=\"pt-BR\"><strong>1<\/strong><\/span><span lang=\"pt-BR\"><strong>\/<\/strong><\/span><span lang=\"pt-BR\"><strong>20<\/strong><\/span><span lang=\"pt-BR\"><strong>20<\/strong><\/span><\/p>\n<p style=\"text-align: center;\" align=\"justify\"><strong>Protocolo 2020.00.163.001<\/strong><\/p>\n<p style=\"text-align: justify;\" align=\"justify\">Em vista do comunicado recebido nesta Corregedoria Geral da Justi\u00e7a, conforme n\u00famero do protocolo em ep\u00edgrafe, oriundo do Tribunal de Justi\u00e7a do Distrito Federal\/DF, informando sobre a inutiliza\u00e7\u00e3o dos pap\u00e9is de seguran\u00e7a para aposi\u00e7\u00e3o de Apostila de Haia N\u00ba A3358372; A3358491; A3358457; A3358373; A5671005; A5671001; A5671002; A5671027; A5671045; A5671044; A5671043; A5671076; A5671079; A5671078; A5671077; A5671107; A5671152; A5671163; A5671164; A5671157; A5671166; A5671199; A5671502; A5671534; A5671532 A5671505; A5671507; A5671506; A5671510; A5671509; A5671508 A3358306; A3358484; A3358397; A5671552; A5671543; A5671555, oriundo do 8\u00ba Of\u00edcio de Registro Civil, T\u00edtulos e Documentos e Pessoas Jur\u00eddicas &#8211; Sobradinho\/DF<\/p>\n<p style=\"text-align: justify;\" align=\"justify\"><strong>RECOMENDO\u00a0<\/strong>aos Ju\u00edzes de Direito, Serventu\u00e1rios, Not\u00e1rios e Registradores que adotem as devidas provid\u00eancias pertinentes.<\/p>\n<p style=\"text-align: justify;\" align=\"justify\"><strong>CIENTIFIQUEM-SE<\/strong>, outrossim, os Membros do Minist\u00e9rio P\u00fablico e Advogados e a quem mais interessar.<\/p>\n<p style=\"text-align: justify;\" align=\"justify\"><strong>Publique-se. Cumpra-se.<\/strong><\/p>\n<p align=\"justify\"><span lang=\"pt-BR\">Vit\u00f3ria\/ES,<\/span><span lang=\"pt-BR\">27<\/span><span lang=\"pt-BR\">de fevereiro\u00a0<\/span><span lang=\"pt-BR\">de 20<\/span><span lang=\"pt-BR\">20<\/span><span lang=\"pt-BR\">.<\/span><\/p>\n<p align=\"center\"><strong>DES. NEY BATISTA COUTINHO<\/strong><\/p>\n<p align=\"center\"><strong>Corregedor-Geral da Justi\u00e7a<\/strong><\/p>\n","protected":false},"excerpt":{"rendered":"<p>ESTADO DO ESP\u00cdRITO SANTO PODER JUDICI\u00c1RIO CORREGEDORIA GERAL DA JUSTI\u00c7A OF\u00cdCIO-CIRCULAR N\u00ba\u00a031\/2020 Protocolo 2020.00.163.001 Em vista do comunicado recebido nesta Corregedoria Geral da Justi\u00e7a, conforme n\u00famero do protocolo em ep\u00edgrafe, oriundo do Tribunal de Justi\u00e7a do Distrito Federal\/DF, informando sobre a inutiliza\u00e7\u00e3o dos pap\u00e9is de seguran\u00e7a para aposi\u00e7\u00e3o de Apostila de Haia N\u00ba A3358372; A3358491; [&hellip;]<\/p>\n","protected":false},"author":13,"featured_media":0,"comment_status":"closed","ping_status":"closed","sticky":false,"template":"","format":"standard","meta":{"footnotes":""},"categories":[14,5],"tags":[],"_links":{"self":[{"href":"https:\/\/www.tjes.jus.br\/corregedoria\/wp-json\/wp\/v2\/posts\/29520"}],"collection":[{"href":"https:\/\/www.tjes.jus.br\/corregedoria\/wp-json\/wp\/v2\/posts"}],"about":[{"href":"https:\/\/www.tjes.jus.br\/corregedoria\/wp-json\/wp\/v2\/types\/post"}],"author":[{"embeddable":true,"href":"https:\/\/www.tjes.jus.br\/corregedoria\/wp-json\/wp\/v2\/users\/13"}],"replies":[{"embeddable":true,"href":"https:\/\/www.tjes.jus.br\/corregedoria\/wp-json\/wp\/v2\/comments?post=29520"}],"version-history":[{"count":3,"href":"https:\/\/www.tjes.jus.br\/corregedoria\/wp-json\/wp\/v2\/posts\/29520\/revisions"}],"predecessor-version":[{"id":29553,"href":"https:\/\/www.tjes.jus.br\/corregedoria\/wp-json\/wp\/v2\/posts\/29520\/revisions\/29553"}],"wp:attachment":[{"href":"https:\/\/www.tjes.jus.br\/corregedoria\/wp-json\/wp\/v2\/media?parent=29520"}],"wp:term":[{"taxonomy":"category","embeddable":true,"href":"https:\/\/www.tjes.jus.br\/corregedoria\/wp-json\/wp\/v2\/categories?post=29520"},{"taxonomy":"post_tag","embeddable":true,"href":"https:\/\/www.tjes.jus.br\/corregedoria\/wp-json\/wp\/v2\/tags?post=29520"}],"curies":[{"name":"wp","href":"https:\/\/api.w.org\/{rel}","templated":true}]}}