{"id":29543,"date":"2020-03-05T17:49:36","date_gmt":"2020-03-05T20:49:36","guid":{"rendered":"https:\/\/www.tjes.jus.br\/corregedoria\/?p=29543"},"modified":"2020-03-05T17:49:36","modified_gmt":"2020-03-05T20:49:36","slug":"oficio-circular-no-36-2020-disp-04-03-2020","status":"publish","type":"post","link":"https:\/\/www.tjes.jus.br\/corregedoria\/2020\/03\/05\/oficio-circular-no-36-2020-disp-04-03-2020\/","title":{"rendered":"OF\u00cdCIO-CIRCULAR N\u00ba 36\/2020 &#8211; DISP. 04\/03\/2020"},"content":{"rendered":"<p style=\"text-align: center;\" align=\"center\"><strong>ESTADO DO ESP\u00cdRITO SANTO<\/strong><\/p>\n<p style=\"text-align: center;\" align=\"center\"><strong>PODER JUDICI\u00c1RIO<\/strong><\/p>\n<p style=\"text-align: center;\" align=\"center\"><strong>CORREGEDORIA GERAL DA JUSTI\u00c7A<\/strong><\/p>\n<p style=\"text-align: center;\" align=\"justify\">\n<p style=\"text-align: center;\" align=\"justify\"><span lang=\"pt-BR\"><strong>OF\u00cdCIO-CIRCULAR N\u00ba\u00a0<\/strong><\/span><span lang=\"pt-BR\"><strong>3<\/strong><\/span><span lang=\"pt-BR\"><strong>6<\/strong><\/span><span lang=\"pt-BR\"><strong>\/<\/strong><\/span><span lang=\"pt-BR\"><strong>20<\/strong><\/span><span lang=\"pt-BR\"><strong>20<\/strong><\/span><\/p>\n<p style=\"text-align: center;\" align=\"justify\"><strong>Protocolo 2020.00.162.979<\/strong><\/p>\n<p align=\"justify\">\n<p style=\"text-align: justify;\" align=\"justify\">Em vista do comunicado recebido nesta Corregedoria Geral da Justi\u00e7a, conforme n\u00famero do protocolo em ep\u00edgrafe, oriundo do Tribunal de Justi\u00e7a do Distrito Federal\/DF, informando sobre a inutiliza\u00e7\u00e3o dos pap\u00e9is de seguran\u00e7a para aposi\u00e7\u00e3o de Apostila de Haia N\u00ba A 5104813; A5104788 A4769038; A5104760; A5104757; A5104664; A5104813; A5100502; A5105156; A5104614; A5104818; A5105455; A5105612; A5105609; A5105608; A5105319; A5105507. A5105508; A5105668; A5105670; A5105671; A5105672; A5107087; A5105568; A5106250; A5106701; A5107365; A5107455; A5107342; A5107343; A5107483; A5107493; A5107492; A5106242; A5105906; A5107224; A5106972; A5106376; A5105280; A5104863; A5105817; A5104819; A5104865; A5104662; A5104853; A5104828; A5104820; A5104822; A5104854; A5105300; A5104814; A5104830; A5104855; A5104860; A5104846; A5104861; A5104864; A5104858; A5106459; A5104857; A5104821; A5104826; A5104862; A5104825; A5106460; A5105931; A5104829; A5105455; A5107049; A4433070; A5106193; A5106793; A5104890; A5107304; A4769084; A4769084; A5104540; A5107225; A5106456; A5106458; A4767683; A5105373; A5106779; A5106487; A5104599; A5106490; A5105005; A4768331; A5106473; A4768331; A5106473; A5106619; A5104516; A5105358; A5105081; A5105848; A5106573; A5104898; A5105030; A5105828; A5105922; A4432865; A4431401; A5105203; A5106264; A5106747, oriundo do 4\u00ba Of\u00edcio de Notas &#8211; Bras\u00edlia\/DF.<\/p>\n<p style=\"text-align: justify;\" align=\"justify\">\n<p style=\"text-align: justify;\" align=\"justify\"><strong>RECOMENDO\u00a0<\/strong>aos Ju\u00edzes de Direito, Serventu\u00e1rios, Not\u00e1rios e Registradores que adotem as devidas provid\u00eancias pertinentes.<\/p>\n<p style=\"text-align: justify;\" align=\"justify\">\n<p style=\"text-align: justify;\" align=\"justify\"><strong>CIENTIFIQUEM-SE<\/strong>, outrossim, os Membros do Minist\u00e9rio P\u00fablico e Advogados e a quem mais interessar.<\/p>\n<p style=\"text-align: justify;\" align=\"justify\">\n<p align=\"justify\"><strong>Publique-se. Cumpra-se.<\/strong><\/p>\n<p align=\"justify\">\n<p align=\"justify\"><span lang=\"pt-BR\">Vit\u00f3ria\/ES,<\/span><span lang=\"pt-BR\">27<\/span><span lang=\"pt-BR\">\u00a0de fevereiro\u00a0<\/span><span lang=\"pt-BR\">de 20<\/span><span lang=\"pt-BR\">20<\/span><span lang=\"pt-BR\">.<\/span><\/p>\n<p align=\"center\">\n<p align=\"center\"><strong>DES. NEY BATISTA COUTINHO<\/strong><\/p>\n<p align=\"center\"><strong>Corregedor-Geral da Justi\u00e7a<\/strong><\/p>\n","protected":false},"excerpt":{"rendered":"<p>ESTADO DO ESP\u00cdRITO SANTO PODER JUDICI\u00c1RIO CORREGEDORIA GERAL DA JUSTI\u00c7A OF\u00cdCIO-CIRCULAR N\u00ba\u00a036\/2020 Protocolo 2020.00.162.979 Em vista do comunicado recebido nesta Corregedoria Geral da Justi\u00e7a, conforme n\u00famero do protocolo em ep\u00edgrafe, oriundo do Tribunal de Justi\u00e7a do Distrito Federal\/DF, informando sobre a inutiliza\u00e7\u00e3o dos pap\u00e9is de seguran\u00e7a para aposi\u00e7\u00e3o de Apostila de Haia N\u00ba A 5104813; [&hellip;]<\/p>\n","protected":false},"author":13,"featured_media":0,"comment_status":"closed","ping_status":"closed","sticky":false,"template":"","format":"standard","meta":{"footnotes":""},"categories":[14,5],"tags":[],"_links":{"self":[{"href":"https:\/\/www.tjes.jus.br\/corregedoria\/wp-json\/wp\/v2\/posts\/29543"}],"collection":[{"href":"https:\/\/www.tjes.jus.br\/corregedoria\/wp-json\/wp\/v2\/posts"}],"about":[{"href":"https:\/\/www.tjes.jus.br\/corregedoria\/wp-json\/wp\/v2\/types\/post"}],"author":[{"embeddable":true,"href":"https:\/\/www.tjes.jus.br\/corregedoria\/wp-json\/wp\/v2\/users\/13"}],"replies":[{"embeddable":true,"href":"https:\/\/www.tjes.jus.br\/corregedoria\/wp-json\/wp\/v2\/comments?post=29543"}],"version-history":[{"count":1,"href":"https:\/\/www.tjes.jus.br\/corregedoria\/wp-json\/wp\/v2\/posts\/29543\/revisions"}],"predecessor-version":[{"id":29544,"href":"https:\/\/www.tjes.jus.br\/corregedoria\/wp-json\/wp\/v2\/posts\/29543\/revisions\/29544"}],"wp:attachment":[{"href":"https:\/\/www.tjes.jus.br\/corregedoria\/wp-json\/wp\/v2\/media?parent=29543"}],"wp:term":[{"taxonomy":"category","embeddable":true,"href":"https:\/\/www.tjes.jus.br\/corregedoria\/wp-json\/wp\/v2\/categories?post=29543"},{"taxonomy":"post_tag","embeddable":true,"href":"https:\/\/www.tjes.jus.br\/corregedoria\/wp-json\/wp\/v2\/tags?post=29543"}],"curies":[{"name":"wp","href":"https:\/\/api.w.org\/{rel}","templated":true}]}}