{"id":29625,"date":"2020-03-05T18:34:06","date_gmt":"2020-03-05T21:34:06","guid":{"rendered":"https:\/\/www.tjes.jus.br\/corregedoria\/?p=29625"},"modified":"2020-03-05T18:34:06","modified_gmt":"2020-03-05T21:34:06","slug":"oficio-circular-no-88-2020-disp-04-03-2020","status":"publish","type":"post","link":"https:\/\/www.tjes.jus.br\/corregedoria\/2020\/03\/05\/oficio-circular-no-88-2020-disp-04-03-2020\/","title":{"rendered":"OF\u00cdCIO-CIRCULAR N\u00ba 88\/2020 &#8211; DISP. 04\/03\/2020"},"content":{"rendered":"<p style=\"text-align: center;\" align=\"center\"><strong>ESTADO DO ESP\u00cdRITO SANTO<\/strong><\/p>\n<p style=\"text-align: center;\" align=\"center\"><strong>PODER JUDICI\u00c1RIO<\/strong><\/p>\n<p style=\"text-align: center;\" align=\"center\"><strong>CORREGEDORIA GERAL DA JUSTI\u00c7A<\/strong><\/p>\n<p style=\"text-align: center;\" align=\"justify\">\n<p style=\"text-align: center;\" align=\"justify\"><span lang=\"pt-BR\"><strong>OF\u00cdCIO-CIRCULAR N\u00ba\u00a0<\/strong><\/span><span lang=\"pt-BR\"><strong>88<\/strong><\/span><span lang=\"pt-BR\"><strong>\/<\/strong><\/span><span lang=\"pt-BR\"><strong>20<\/strong><\/span><span lang=\"pt-BR\"><strong>20<\/strong><\/span><\/p>\n<p style=\"text-align: center;\" align=\"justify\"><strong>Protocolo 2020.00.162.991<\/strong><\/p>\n<p align=\"justify\">\n<p style=\"text-align: justify;\" align=\"justify\">Em vista do comunicado recebido nesta Corregedoria Geral da Justi\u00e7a, conforme n\u00famero do protocolo em ep\u00edgrafe, oriundo do Tribunal de Justi\u00e7a do Distrito Federal\/DF, informando sobre a inutiliza\u00e7\u00e3o dos pap\u00e9is de seguran\u00e7a para aposi\u00e7\u00e3o de Apostila de Haia N\u00ba A2359046; A2359057; A2359067; A2359070; A2359091; A2359112; A2359113; A2359113; A2359166; A2359167; A2359178; A2359182; A0948139; NA0948148; A0948148; A0948155; A0948315; A0948318; A0948319; A0948322; A0948327; A0948329; A0948337; A0948348; A0948351; A0948353; A0948370; A0948371; A0948381; A0948400; A0948452; A0948453; A0948455; A0948474; A0948476; A0948485; A0948486; A0948494; A0948497; A2359051, oriundo do 4\u00ba Of\u00edcio de Registro Civil, T\u00edtulos e Documentos e Pessoas Jur\u00eddicas \u2013 Gama\/DF.<\/p>\n<p style=\"text-align: justify;\" align=\"justify\">\n<p style=\"text-align: justify;\" align=\"justify\"><strong>RECOMENDO\u00a0<\/strong>aos Ju\u00edzes de Direito, Serventu\u00e1rios, Not\u00e1rios e Registradores que adotem as devidas provid\u00eancias pertinentes.<\/p>\n<p style=\"text-align: justify;\" align=\"justify\">\n<p style=\"text-align: justify;\" align=\"justify\"><strong>CIENTIFIQUEM-SE<\/strong>, outrossim, os Membros do Minist\u00e9rio P\u00fablico e Advogados e a quem mais interessar.<\/p>\n<p style=\"text-align: justify;\" align=\"justify\">\n<p align=\"justify\"><strong>Publique-se. Cumpra-se.<\/strong><\/p>\n<p align=\"justify\">\n<p align=\"justify\"><span lang=\"pt-BR\">Vit\u00f3ria\/ES,<\/span><span lang=\"pt-BR\">27<\/span><span lang=\"pt-BR\">de fevereiro\u00a0<\/span><span lang=\"pt-BR\">de 20<\/span><span lang=\"pt-BR\">20<\/span><span lang=\"pt-BR\">.<\/span><\/p>\n<p align=\"center\">\n<p align=\"center\"><strong>DES. NEY BATISTA COUTINHO<\/strong><\/p>\n<p align=\"center\"><strong>Corregedor-Geral da Justi\u00e7a<\/strong><\/p>\n","protected":false},"excerpt":{"rendered":"<p>ESTADO DO ESP\u00cdRITO SANTO PODER JUDICI\u00c1RIO CORREGEDORIA GERAL DA JUSTI\u00c7A OF\u00cdCIO-CIRCULAR N\u00ba\u00a088\/2020 Protocolo 2020.00.162.991 Em vista do comunicado recebido nesta Corregedoria Geral da Justi\u00e7a, conforme n\u00famero do protocolo em ep\u00edgrafe, oriundo do Tribunal de Justi\u00e7a do Distrito Federal\/DF, informando sobre a inutiliza\u00e7\u00e3o dos pap\u00e9is de seguran\u00e7a para aposi\u00e7\u00e3o de Apostila de Haia N\u00ba A2359046; A2359057; [&hellip;]<\/p>\n","protected":false},"author":13,"featured_media":0,"comment_status":"closed","ping_status":"closed","sticky":false,"template":"","format":"standard","meta":{"footnotes":""},"categories":[14,5],"tags":[],"_links":{"self":[{"href":"https:\/\/www.tjes.jus.br\/corregedoria\/wp-json\/wp\/v2\/posts\/29625"}],"collection":[{"href":"https:\/\/www.tjes.jus.br\/corregedoria\/wp-json\/wp\/v2\/posts"}],"about":[{"href":"https:\/\/www.tjes.jus.br\/corregedoria\/wp-json\/wp\/v2\/types\/post"}],"author":[{"embeddable":true,"href":"https:\/\/www.tjes.jus.br\/corregedoria\/wp-json\/wp\/v2\/users\/13"}],"replies":[{"embeddable":true,"href":"https:\/\/www.tjes.jus.br\/corregedoria\/wp-json\/wp\/v2\/comments?post=29625"}],"version-history":[{"count":1,"href":"https:\/\/www.tjes.jus.br\/corregedoria\/wp-json\/wp\/v2\/posts\/29625\/revisions"}],"predecessor-version":[{"id":29626,"href":"https:\/\/www.tjes.jus.br\/corregedoria\/wp-json\/wp\/v2\/posts\/29625\/revisions\/29626"}],"wp:attachment":[{"href":"https:\/\/www.tjes.jus.br\/corregedoria\/wp-json\/wp\/v2\/media?parent=29625"}],"wp:term":[{"taxonomy":"category","embeddable":true,"href":"https:\/\/www.tjes.jus.br\/corregedoria\/wp-json\/wp\/v2\/categories?post=29625"},{"taxonomy":"post_tag","embeddable":true,"href":"https:\/\/www.tjes.jus.br\/corregedoria\/wp-json\/wp\/v2\/tags?post=29625"}],"curies":[{"name":"wp","href":"https:\/\/api.w.org\/{rel}","templated":true}]}}