{"id":29661,"date":"2020-03-06T15:13:32","date_gmt":"2020-03-06T18:13:32","guid":{"rendered":"https:\/\/www.tjes.jus.br\/corregedoria\/?p=29661"},"modified":"2020-03-06T15:13:32","modified_gmt":"2020-03-06T18:13:32","slug":"resolucao-no-006-2020-disp-05-03-2020","status":"publish","type":"post","link":"https:\/\/www.tjes.jus.br\/corregedoria\/2020\/03\/06\/resolucao-no-006-2020-disp-05-03-2020\/","title":{"rendered":"RESOLU\u00c7\u00c3O N\u00ba 006\/2020 &#8211; DISP. 05\/03\/2020"},"content":{"rendered":"<p style=\"text-align: center;\" align=\"center\"><strong>PODER JUDICI\u00c1RIO DO ESTADO DO ESP\u00cdRITO SANTO &#8211; PJES<\/strong><\/p>\n<p style=\"text-align: center;\" align=\"center\"><strong>RUA DESEMBARGADOR HOMERO MAFRA,60 &#8211; Bairro ENSEADA DO SU\u00c1 &#8211; CEP 29050906 &#8211; Vit\u00f3ria &#8211; ES &#8211; www.tjes.jus.br<\/strong><\/p>\n<p style=\"text-align: center;\" align=\"center\">\n<p style=\"text-align: center;\" align=\"center\"><strong>RESOLU\u00c7\u00c3O N\u00ba 006\/2020<\/strong><\/p>\n<p style=\"text-align: center;\" align=\"center\">\n<p style=\"text-align: justify;\" align=\"justify\">O Excelent\u00edssimo Senhor Desembargador JOS\u00c9 PAULO CALMON NOGUEIRA DA GAMA, DD. Presidente em exerc\u00edcio deste Egr\u00e9gio Tribunal de Justi\u00e7a do Estado do Esp\u00edrito Santo, no uso de suas atribui\u00e7\u00f5es legais e regimentais e tendo em vista decis\u00e3o un\u00e2nime do Egr\u00e9gio Tribunal Pleno, em sess\u00e3o ordin\u00e1ria realizada no dia 20\/02\/2020,<\/p>\n<p style=\"text-align: justify;\" align=\"justify\">\n<p style=\"text-align: justify;\" align=\"justify\">RESOLVE:<\/p>\n<p style=\"text-align: justify;\" align=\"justify\"><strong>ALTERAR\u00a0<\/strong>a composi\u00e7\u00e3o da COMISS\u00c3O DE REGIMENTO INTERNO, no Bi\u00eanio 2020\/2021, nos termos do art. 112, do Regimento desta Corte:<\/p>\n<p style=\"text-align: justify;\" align=\"justify\">\n<p style=\"text-align: justify;\" align=\"justify\">Desembargador Presidente FERNANDO ZARDINI ANTONIO<\/p>\n<p style=\"text-align: justify;\" align=\"justify\">\n<p style=\"text-align: justify;\" align=\"justify\">MEMBROS<\/p>\n<p style=\"text-align: justify;\" align=\"justify\">Desembargador JORGE HENRIQUE VALLE DOS SANTOS<\/p>\n<p style=\"text-align: justify;\" align=\"justify\">Desembargador ARTHUR JOS\u00c9 NEIVA DE ALMEIDA<\/p>\n<p align=\"justify\">\n<p align=\"justify\">PUBLIQUE-SE<\/p>\n<p align=\"center\">\n<p align=\"center\"><strong>Desembargador JOS\u00c9 PAULO CALMON NOGUEIRA DA GAMA<\/strong><\/p>\n<p align=\"center\"><strong>Presidente em exerc\u00edcio<\/strong><\/p>\n","protected":false},"excerpt":{"rendered":"<p>PODER JUDICI\u00c1RIO DO ESTADO DO ESP\u00cdRITO SANTO &#8211; PJES RUA DESEMBARGADOR HOMERO MAFRA,60 &#8211; Bairro ENSEADA DO SU\u00c1 &#8211; CEP 29050906 &#8211; Vit\u00f3ria &#8211; ES &#8211; www.tjes.jus.br RESOLU\u00c7\u00c3O N\u00ba 006\/2020 O Excelent\u00edssimo Senhor Desembargador JOS\u00c9 PAULO CALMON NOGUEIRA DA GAMA, DD. Presidente em exerc\u00edcio deste Egr\u00e9gio Tribunal de Justi\u00e7a do Estado do Esp\u00edrito Santo, no [&hellip;]<\/p>\n","protected":false},"author":13,"featured_media":0,"comment_status":"closed","ping_status":"closed","sticky":false,"template":"","format":"standard","meta":{"footnotes":""},"categories":[14,13],"tags":[],"_links":{"self":[{"href":"https:\/\/www.tjes.jus.br\/corregedoria\/wp-json\/wp\/v2\/posts\/29661"}],"collection":[{"href":"https:\/\/www.tjes.jus.br\/corregedoria\/wp-json\/wp\/v2\/posts"}],"about":[{"href":"https:\/\/www.tjes.jus.br\/corregedoria\/wp-json\/wp\/v2\/types\/post"}],"author":[{"embeddable":true,"href":"https:\/\/www.tjes.jus.br\/corregedoria\/wp-json\/wp\/v2\/users\/13"}],"replies":[{"embeddable":true,"href":"https:\/\/www.tjes.jus.br\/corregedoria\/wp-json\/wp\/v2\/comments?post=29661"}],"version-history":[{"count":2,"href":"https:\/\/www.tjes.jus.br\/corregedoria\/wp-json\/wp\/v2\/posts\/29661\/revisions"}],"predecessor-version":[{"id":29666,"href":"https:\/\/www.tjes.jus.br\/corregedoria\/wp-json\/wp\/v2\/posts\/29661\/revisions\/29666"}],"wp:attachment":[{"href":"https:\/\/www.tjes.jus.br\/corregedoria\/wp-json\/wp\/v2\/media?parent=29661"}],"wp:term":[{"taxonomy":"category","embeddable":true,"href":"https:\/\/www.tjes.jus.br\/corregedoria\/wp-json\/wp\/v2\/categories?post=29661"},{"taxonomy":"post_tag","embeddable":true,"href":"https:\/\/www.tjes.jus.br\/corregedoria\/wp-json\/wp\/v2\/tags?post=29661"}],"curies":[{"name":"wp","href":"https:\/\/api.w.org\/{rel}","templated":true}]}}