{"id":29786,"date":"2020-03-09T18:30:18","date_gmt":"2020-03-09T21:30:18","guid":{"rendered":"https:\/\/www.tjes.jus.br\/corregedoria\/?p=29786"},"modified":"2020-03-10T14:41:41","modified_gmt":"2020-03-10T17:41:41","slug":"ato-normativo-no-058-2020-disp-09-03-2020","status":"publish","type":"post","link":"https:\/\/www.tjes.jus.br\/corregedoria\/2020\/03\/09\/ato-normativo-no-058-2020-disp-09-03-2020\/","title":{"rendered":"ATO NORMATIVO N\u00ba 058\/2020 &#8211; DISP. 09\/03\/2020"},"content":{"rendered":"<p style=\"text-align: center;\" align=\"center\"><strong>ESTADO DO ESP\u00cdRITO SANTO<\/strong><\/p>\n<p style=\"text-align: center;\" align=\"center\"><strong>PODER JUDICI\u00c1RIO<\/strong><\/p>\n<p style=\"text-align: center;\" align=\"center\"><strong>TRIBUNAL DE JUSTI\u00c7A<\/strong><\/p>\n<p style=\"text-align: center;\" align=\"center\"><strong>ATO NORMATIVO N\u00ba 058\/2020<\/strong><\/p>\n<p style=\"text-align: justify;\" align=\"justify\">Revoga o Ato Normativo n\u00ba 056\/2020.<\/p>\n<p style=\"text-align: justify;\" align=\"justify\"><strong>O EXCELENT\u00cdSSIMO SENHOR DESEMBARGADOR RONALDO GON\u00c7ALVES DE SOUSA, PRESIDENTE DO EGR\u00c9GIO TRIBUNAL DE JUSTI\u00c7A DO ESTADO DO ESP\u00cdRITO SANTO,<\/strong>\u00a0no uso de suas atribui\u00e7\u00f5es legais e regimentais;<\/p>\n<p style=\"text-align: justify;\" align=\"justify\"><strong>CONSIDERANDO<\/strong>\u00a0que o Ato Normativo n\u00ba\u00a0056\/2020\u00a0possui a mesma reda\u00e7\u00e3o do Ato Normativo n\u00ba 045\/2020;<\/p>\n<p style=\"text-align: justify;\" align=\"justify\"><strong>RESOLVE:<\/strong><\/p>\n<p style=\"text-align: justify;\" align=\"justify\">Art.\u00a01\u00ba\u00a0\u2013\u00a0<strong>REVOGAR<\/strong>\u00a0o Ato Normativo n\u00ba 056\/2020, mantendo-se em vigor o Ato Normativo n\u00ba 045\/2020, com as altera\u00e7\u00f5es conferidas pelo Ato Normativo n\u00ba 055\/2020, disponibilizado do Di\u00e1rio da Justi\u00e7a em 06\/03\/2020.<\/p>\n<p style=\"text-align: justify;\" align=\"justify\">Art. 2\u00ba \u2013 Este Ato entra em vigor na data de sua publica\u00e7\u00e3o.<\/p>\n<p align=\"justify\">Publique-se.<\/p>\n<p align=\"justify\">Vit\u00f3ria\/ES, 06 de mar\u00e7o de 2020.<\/p>\n<p align=\"center\"><strong>Desembargador RONALDO GON\u00c7AVES DE SOUSA<\/strong><\/p>\n<p align=\"center\"><strong>Presidente do TJES<\/strong><\/p>\n","protected":false},"excerpt":{"rendered":"<p>ESTADO DO ESP\u00cdRITO SANTO PODER JUDICI\u00c1RIO TRIBUNAL DE JUSTI\u00c7A ATO NORMATIVO N\u00ba 058\/2020 Revoga o Ato Normativo n\u00ba 056\/2020. O EXCELENT\u00cdSSIMO SENHOR DESEMBARGADOR RONALDO GON\u00c7ALVES DE SOUSA, PRESIDENTE DO EGR\u00c9GIO TRIBUNAL DE JUSTI\u00c7A DO ESTADO DO ESP\u00cdRITO SANTO,\u00a0no uso de suas atribui\u00e7\u00f5es legais e regimentais; CONSIDERANDO\u00a0que o Ato Normativo n\u00ba\u00a0056\/2020\u00a0possui a mesma reda\u00e7\u00e3o do Ato [&hellip;]<\/p>\n","protected":false},"author":13,"featured_media":0,"comment_status":"closed","ping_status":"closed","sticky":false,"template":"","format":"standard","meta":{"footnotes":""},"categories":[4,14],"tags":[],"_links":{"self":[{"href":"https:\/\/www.tjes.jus.br\/corregedoria\/wp-json\/wp\/v2\/posts\/29786"}],"collection":[{"href":"https:\/\/www.tjes.jus.br\/corregedoria\/wp-json\/wp\/v2\/posts"}],"about":[{"href":"https:\/\/www.tjes.jus.br\/corregedoria\/wp-json\/wp\/v2\/types\/post"}],"author":[{"embeddable":true,"href":"https:\/\/www.tjes.jus.br\/corregedoria\/wp-json\/wp\/v2\/users\/13"}],"replies":[{"embeddable":true,"href":"https:\/\/www.tjes.jus.br\/corregedoria\/wp-json\/wp\/v2\/comments?post=29786"}],"version-history":[{"count":2,"href":"https:\/\/www.tjes.jus.br\/corregedoria\/wp-json\/wp\/v2\/posts\/29786\/revisions"}],"predecessor-version":[{"id":29791,"href":"https:\/\/www.tjes.jus.br\/corregedoria\/wp-json\/wp\/v2\/posts\/29786\/revisions\/29791"}],"wp:attachment":[{"href":"https:\/\/www.tjes.jus.br\/corregedoria\/wp-json\/wp\/v2\/media?parent=29786"}],"wp:term":[{"taxonomy":"category","embeddable":true,"href":"https:\/\/www.tjes.jus.br\/corregedoria\/wp-json\/wp\/v2\/categories?post=29786"},{"taxonomy":"post_tag","embeddable":true,"href":"https:\/\/www.tjes.jus.br\/corregedoria\/wp-json\/wp\/v2\/tags?post=29786"}],"curies":[{"name":"wp","href":"https:\/\/api.w.org\/{rel}","templated":true}]}}