{"id":29801,"date":"2020-03-12T14:18:29","date_gmt":"2020-03-12T17:18:29","guid":{"rendered":"https:\/\/www.tjes.jus.br\/corregedoria\/?p=29801"},"modified":"2020-03-12T14:18:29","modified_gmt":"2020-03-12T17:18:29","slug":"ato-normativo-no-059-2020-disp-12-03-2020","status":"publish","type":"post","link":"https:\/\/www.tjes.jus.br\/corregedoria\/2020\/03\/12\/ato-normativo-no-059-2020-disp-12-03-2020\/","title":{"rendered":"ATO NORMATIVO n\u00ba 059\/2020 &#8211; DISP. 12\/03\/2020"},"content":{"rendered":"<p style=\"text-align: center;\" align=\"center\"><strong>PODER JUDICI\u00c1RIO DO ESTADO DO ESP\u00cdRITO SANTO &#8211; PJES<\/strong><\/p>\n<p style=\"text-align: center;\" align=\"center\"><strong>RUA DESEMBARGADOR HOMERO MAFRA,60 &#8211; Bairro ENSEADA DO SU\u00c1 &#8211; CEP 29050906 &#8211; Vit\u00f3ria &#8211; ES &#8211; www.tjes.jus.br<\/strong><\/p>\n<p style=\"text-align: center;\" align=\"center\"><strong>\u00a0<\/strong><\/p>\n<p style=\"text-align: center;\"><strong>ATO NORMATIVO n\u00ba 059\/2020<\/strong><\/p>\n<p style=\"text-align: center;\">\n<p style=\"text-align: justify;\">O Excelent\u00edssimo Senhor Desembargador Ronaldo Gon\u00e7alves de Sousa, Presidente do Egr\u00e9gio Tribunal de Justi\u00e7a do Estado do Esp\u00edrito Santo, no uso de suas atribui\u00e7\u00f5es legais,<\/p>\n<p style=\"text-align: justify;\">\n<p style=\"text-align: justify;\">CONSIDERANDO o teor do expediente protocolado neste Egr\u00e9gio Tribunal de Justi\u00e7a sob o n\u00famero 7000199-67.2020.8.08.0012, encaminhado pelo\u00a0Exmo. Sr. Dr. Lisandro Ambos Corr\u00eaa da Silva, Juiz\u00a0de Direito Diretor\u00a0do Foro de Cariacica &#8211; Comarca da Capital,\u00a0atrav\u00e9s do qual solicita a\u00a0suspens\u00e3o\u00a0do expediente e dos\u00a0prazos processuais na 2\u00aa Vara Especializada da Inf\u00e2ncia e da Juventude de Cariacica,\u00a0no\u00a0dia 13\u00a0de mar\u00e7o de 2020, tendo em vista a imperiosa necessidade de se realizar servi\u00e7os de manuten\u00e7\u00e3o\/pintura\/reparos no local, que impossibilitar\u00e1 aos servidores e Magistrado a realiza\u00e7\u00e3o de suas fun\u00e7\u00f5es concomitantemente \u00e0 execu\u00e7\u00e3o dos servi\u00e7os;<\/p>\n<p style=\"text-align: justify;\">\n<p style=\"text-align: justify;\">RESOLVE:<\/p>\n<p style=\"text-align: justify;\">\n<p style=\"text-align: justify;\">\n<p style=\"text-align: justify;\"><strong>SUSPENDER\u00a0<\/strong>os prazos e atos processuais no\u00a0dia\u00a0<strong>13\u00a0de mar\u00e7o de 2020<\/strong><strong>\u00a0<\/strong>na 2\u00aa Vara Especializada da Inf\u00e2ncia e da Juventude de Cariacica.<\/p>\n<p>&nbsp;<\/p>\n<p>Publique-se.<\/p>\n<p>&nbsp;<\/p>\n<p>Vit\u00f3ria, 10\u00a0de Mar\u00e7o\u00a0de 2020.<\/p>\n<p>&nbsp;<\/p>\n<p style=\"text-align: center;\"><strong>Desembargador RONALDO GON\u00c7ALVES DE SOUSA<\/strong><\/p>\n<p style=\"text-align: center;\"><strong>Presidente &#8211; TJES<\/strong><\/p>\n","protected":false},"excerpt":{"rendered":"<p>PODER JUDICI\u00c1RIO DO ESTADO DO ESP\u00cdRITO SANTO &#8211; PJES RUA DESEMBARGADOR HOMERO MAFRA,60 &#8211; Bairro ENSEADA DO SU\u00c1 &#8211; CEP 29050906 &#8211; Vit\u00f3ria &#8211; ES &#8211; www.tjes.jus.br \u00a0 ATO NORMATIVO n\u00ba 059\/2020 O Excelent\u00edssimo Senhor Desembargador Ronaldo Gon\u00e7alves de Sousa, Presidente do Egr\u00e9gio Tribunal de Justi\u00e7a do Estado do Esp\u00edrito Santo, no uso de suas [&hellip;]<\/p>\n","protected":false},"author":13,"featured_media":0,"comment_status":"closed","ping_status":"closed","sticky":false,"template":"","format":"standard","meta":{"footnotes":""},"categories":[4,14],"tags":[],"_links":{"self":[{"href":"https:\/\/www.tjes.jus.br\/corregedoria\/wp-json\/wp\/v2\/posts\/29801"}],"collection":[{"href":"https:\/\/www.tjes.jus.br\/corregedoria\/wp-json\/wp\/v2\/posts"}],"about":[{"href":"https:\/\/www.tjes.jus.br\/corregedoria\/wp-json\/wp\/v2\/types\/post"}],"author":[{"embeddable":true,"href":"https:\/\/www.tjes.jus.br\/corregedoria\/wp-json\/wp\/v2\/users\/13"}],"replies":[{"embeddable":true,"href":"https:\/\/www.tjes.jus.br\/corregedoria\/wp-json\/wp\/v2\/comments?post=29801"}],"version-history":[{"count":1,"href":"https:\/\/www.tjes.jus.br\/corregedoria\/wp-json\/wp\/v2\/posts\/29801\/revisions"}],"predecessor-version":[{"id":29802,"href":"https:\/\/www.tjes.jus.br\/corregedoria\/wp-json\/wp\/v2\/posts\/29801\/revisions\/29802"}],"wp:attachment":[{"href":"https:\/\/www.tjes.jus.br\/corregedoria\/wp-json\/wp\/v2\/media?parent=29801"}],"wp:term":[{"taxonomy":"category","embeddable":true,"href":"https:\/\/www.tjes.jus.br\/corregedoria\/wp-json\/wp\/v2\/categories?post=29801"},{"taxonomy":"post_tag","embeddable":true,"href":"https:\/\/www.tjes.jus.br\/corregedoria\/wp-json\/wp\/v2\/tags?post=29801"}],"curies":[{"name":"wp","href":"https:\/\/api.w.org\/{rel}","templated":true}]}}