{"id":29834,"date":"2020-03-13T14:17:57","date_gmt":"2020-03-13T17:17:57","guid":{"rendered":"https:\/\/www.tjes.jus.br\/corregedoria\/?p=29834"},"modified":"2020-03-13T14:17:57","modified_gmt":"2020-03-13T17:17:57","slug":"oficio-circular-cgjes-n-o-126-2020-disp-13-03-2020","status":"publish","type":"post","link":"https:\/\/www.tjes.jus.br\/corregedoria\/2020\/03\/13\/oficio-circular-cgjes-n-o-126-2020-disp-13-03-2020\/","title":{"rendered":"OF\u00cdCIO CIRCULAR CGJES N.\u00ba 126\/2020 &#8211; DISP. 13\/03\/2020"},"content":{"rendered":"<p style=\"text-align: center;\" align=\"center\"><strong>ESTADO DO ESP\u00cdRITO SANTO<\/strong><\/p>\n<p style=\"text-align: center;\" align=\"center\"><strong>Poder Judici\u00e1rio<\/strong><\/p>\n<p style=\"text-align: center;\" align=\"center\"><strong>Corregedoria Geral da Justi\u00e7a<\/strong><\/p>\n<p style=\"text-align: center;\" align=\"center\">\n<p style=\"text-align: center;\"><strong>OF\u00cdCIO CIRCULAR CGJES N.\u00ba 126\/2020<\/strong><\/p>\n<p style=\"text-align: center;\">(<i>Proc. CGJES n.\u00ba 2016.00.568.750<\/i>)<\/p>\n<p align=\"center\"><strong>\u00a0<\/strong><\/p>\n<p style=\"text-align: justify;\">O Desembargador\u00a0<strong>NEY BATISTA COUTINHO<\/strong>, Corregedor-Geral da Justi\u00e7a, no uso de suas atribui\u00e7\u00f5es e,<\/p>\n<p style=\"text-align: justify;\">\n<p style=\"text-align: justify;\"><strong>CONSIDERANDO<\/strong>\u00a0que a Corregedoria Geral da Justi\u00e7a \u00e9 \u00f3rg\u00e3o de fiscaliza\u00e7\u00e3o, disciplina e orienta\u00e7\u00e3o administrativa, com jurisdi\u00e7\u00e3o em todo o Estado, conforme art. 35 da Lei Complementar Estadual n.\u00ba 234\/2002 (COJES) e art. 37 da Lei Federal n.\u00ba 8.935\/94 (Lei dos Not\u00e1rios e Registradores).<\/p>\n<p style=\"text-align: justify;\">\n<p style=\"text-align: justify;\"><strong>CONSIDERANDO<\/strong>\u00a0o julgamento do m\u00e9rito do\u00a0<i>Pedido de Provid\u00eancias n.\u00ba 001459-08.2016.2.00.0000<\/i>, que tramitou perante o\u00a0<i>Conselho Nacional de Justi\u00e7a,\u00a0<\/i>versando sobre o tema da validade jur\u00eddica da lavratura de escrituras p\u00fablicas dispondo a respeito de \u201c<i>uni\u00f5es poliafetivas\u201d\u00a0<\/i>em todo o pa\u00eds.<\/p>\n<p style=\"text-align: justify;\">\n<p style=\"text-align: justify;\"><strong>INFORMO\u00a0<\/strong>aos (\u00e0s) Senhores (as) delegat\u00e1rios (as) do servi\u00e7o do Tabelionato de Notas em todo o Estado do Esp\u00edrito Santo acerca do\u00a0Pedido de Provid\u00eancias n.\u00ba 001459-08.2016.2.00.0000\u00a0do\u00a0<strong>Conselho Nacional de Justi\u00e7a<\/strong>, no qual\u00a0<strong>restou deliberada<i>\u00a0<\/i><\/strong><strong>a veda\u00e7\u00e3o de lavratura de escrituras p\u00fablicas declarat\u00f3rias que tenham por objeto a uni\u00e3o \u201cpoliafetiva\u201d.<\/strong><\/p>\n<p style=\"text-align: justify;\">\n<p><strong>Publique-se.<\/strong><\/p>\n<p><strong>\u00a0<\/strong><\/p>\n<p>Vit\u00f3ria, 27 de fevereiro de 2020.<\/p>\n<p>&nbsp;<\/p>\n<p align=\"center\"><strong>Desembargador\u00a0<\/strong><strong>NEY BATISTA COUTINHO<\/strong><\/p>\n<p align=\"center\"><strong>Corregedor-Geral da Justi\u00e7a<\/strong><\/p>\n<p align=\"center\">\n<p align=\"center\"><strong><a href=\"https:\/\/sistemas.tjes.jus.br\/ediario\/images\/AC%C3%93RD%C3%83O.pdf\" target=\"_blank\" rel=\"noopener\">ANEXO &#8211; CLIQUE AQUI<\/a><\/strong><\/p>\n","protected":false},"excerpt":{"rendered":"<p>ESTADO DO ESP\u00cdRITO SANTO Poder Judici\u00e1rio Corregedoria Geral da Justi\u00e7a OF\u00cdCIO CIRCULAR CGJES N.\u00ba 126\/2020 (Proc. CGJES n.\u00ba 2016.00.568.750) \u00a0 O Desembargador\u00a0NEY BATISTA COUTINHO, Corregedor-Geral da Justi\u00e7a, no uso de suas atribui\u00e7\u00f5es e, CONSIDERANDO\u00a0que a Corregedoria Geral da Justi\u00e7a \u00e9 \u00f3rg\u00e3o de fiscaliza\u00e7\u00e3o, disciplina e orienta\u00e7\u00e3o administrativa, com jurisdi\u00e7\u00e3o em todo o Estado, conforme art. [&hellip;]<\/p>\n","protected":false},"author":13,"featured_media":0,"comment_status":"closed","ping_status":"closed","sticky":false,"template":"","format":"standard","meta":{"footnotes":""},"categories":[14,5],"tags":[],"_links":{"self":[{"href":"https:\/\/www.tjes.jus.br\/corregedoria\/wp-json\/wp\/v2\/posts\/29834"}],"collection":[{"href":"https:\/\/www.tjes.jus.br\/corregedoria\/wp-json\/wp\/v2\/posts"}],"about":[{"href":"https:\/\/www.tjes.jus.br\/corregedoria\/wp-json\/wp\/v2\/types\/post"}],"author":[{"embeddable":true,"href":"https:\/\/www.tjes.jus.br\/corregedoria\/wp-json\/wp\/v2\/users\/13"}],"replies":[{"embeddable":true,"href":"https:\/\/www.tjes.jus.br\/corregedoria\/wp-json\/wp\/v2\/comments?post=29834"}],"version-history":[{"count":1,"href":"https:\/\/www.tjes.jus.br\/corregedoria\/wp-json\/wp\/v2\/posts\/29834\/revisions"}],"predecessor-version":[{"id":29835,"href":"https:\/\/www.tjes.jus.br\/corregedoria\/wp-json\/wp\/v2\/posts\/29834\/revisions\/29835"}],"wp:attachment":[{"href":"https:\/\/www.tjes.jus.br\/corregedoria\/wp-json\/wp\/v2\/media?parent=29834"}],"wp:term":[{"taxonomy":"category","embeddable":true,"href":"https:\/\/www.tjes.jus.br\/corregedoria\/wp-json\/wp\/v2\/categories?post=29834"},{"taxonomy":"post_tag","embeddable":true,"href":"https:\/\/www.tjes.jus.br\/corregedoria\/wp-json\/wp\/v2\/tags?post=29834"}],"curies":[{"name":"wp","href":"https:\/\/api.w.org\/{rel}","templated":true}]}}