{"id":29847,"date":"2020-03-17T14:24:17","date_gmt":"2020-03-17T17:24:17","guid":{"rendered":"https:\/\/www.tjes.jus.br\/corregedoria\/?p=29847"},"modified":"2020-03-17T14:38:29","modified_gmt":"2020-03-17T17:38:29","slug":"portaria-no-04-2020-disp-17-03-2020","status":"publish","type":"post","link":"https:\/\/www.tjes.jus.br\/corregedoria\/2020\/03\/17\/portaria-no-04-2020-disp-17-03-2020\/","title":{"rendered":"PORTARIA N\u00ba 04\/2020 &#8211; DISP. 17\/03\/2020"},"content":{"rendered":"<p style=\"text-align: center;\"><strong>PORTARIA N\u00ba 04\/2020<\/strong><\/p>\n<p>&nbsp;<\/p>\n<p style=\"text-align: justify;\">O<strong>\u00a0<\/strong>Desembargador<strong>\u00a0<\/strong><strong>NEY BATISTA COUTINHO<\/strong>,<strong>\u00a0<\/strong>Corregedor Geral da Justi\u00e7a do Estado do Esp\u00edrito Santo, no uso de suas atribui\u00e7\u00f5es legais,<\/p>\n<p style=\"text-align: justify;\"><strong>CONSIDERANDO<\/strong>\u00a0os termos do art. 1\u00ba, par\u00e1grafo \u00fanico, da Portaria n\u00ba 002\/2020,\u00a0disponibilizada no Di\u00e1rio da Justi\u00e7a Eletr\u00f4nico de 05\/02\/2020, no qual estabelece que o cronograma de correi\u00e7\u00f5es descrito na referida poder\u00e1 sofrer altera\u00e7\u00f5es, a depender de fatores externos, n\u00e3o previstos quando de sua elabora\u00e7\u00e3o;<\/p>\n<p style=\"text-align: justify;\"><strong>CONSIDERANDO<\/strong>\u00a0o Ato Normativo n\u00ba 060\/2020 da Presid\u00eancia do Egr\u00e9gio Tribunal de Justi\u00e7a, disponibilizado\u00a0no\u00a0Di\u00e1rio da Justi\u00e7a Eletr\u00f4nico de 16\/03\/2020, que determina a suspens\u00e3o de todas as viagens programadas para Magistrados, servidores, colaboradores, terceirizados e estagi\u00e1rios, enquanto perdurar o estado de emerg\u00eancia de sa\u00fade p\u00fablica de import\u00e2ncia internacional decorrente do coronav\u00edrus (COVID-19);<\/p>\n<p style=\"text-align: justify;\">RESOLVE:<\/p>\n<p style=\"text-align: justify;\"><strong>SUSPENDER<\/strong>\u00a0os efeitos da Portaria n\u00ba 02\/2020, disponibilizada no Di\u00e1rio da Justi\u00e7a Eletr\u00f4nico de 05\/02\/2020, no que toca exclusivamente \u00e0\u00a0realiza\u00e7\u00e3o de Correi\u00e7\u00e3o Ordin\u00e1ria na Vara \u00danica da Comarca de Ecoporanga, no m\u00eas de mar\u00e7o de 2020 e;<\/p>\n<p style=\"text-align: justify;\"><strong>TORNAR SEM EFEITO<\/strong>\u00a0o Edital n\u00ba 07\/2020, disponibilizado no Di\u00e1rio da Justi\u00e7a Eletr\u00f4nico de 13\/03\/2020, que designou para o dia 24\/03\/2020 a realiza\u00e7\u00e3o da\u00a0Correi\u00e7\u00e3o Ordin\u00e1ria na referida unidade, bem como nas serventias extrajudiciais da Comarca.<\/p>\n<p style=\"text-align: justify;\">Publique-se.<\/p>\n<p>&nbsp;<\/p>\n<p>Vit\u00f3ria\/ES, 16 de mar\u00e7o de 2020.<\/p>\n<p>&nbsp;<\/p>\n<p>&nbsp;<\/p>\n<p style=\"text-align: center;\"><strong>DESEMBARGADOR NEY BATISTA COUTINHO<\/strong><\/p>\n<p style=\"text-align: center;\"><strong>Corregedor Geral da Justi\u00e7a<\/strong><\/p>\n","protected":false},"excerpt":{"rendered":"<p>PORTARIA N\u00ba 04\/2020 &nbsp; O\u00a0Desembargador\u00a0NEY BATISTA COUTINHO,\u00a0Corregedor Geral da Justi\u00e7a do Estado do Esp\u00edrito Santo, no uso de suas atribui\u00e7\u00f5es legais, CONSIDERANDO\u00a0os termos do art. 1\u00ba, par\u00e1grafo \u00fanico, da Portaria n\u00ba 002\/2020,\u00a0disponibilizada no Di\u00e1rio da Justi\u00e7a Eletr\u00f4nico de 05\/02\/2020, no qual estabelece que o cronograma de correi\u00e7\u00f5es descrito na referida poder\u00e1 sofrer altera\u00e7\u00f5es, a depender [&hellip;]<\/p>\n","protected":false},"author":13,"featured_media":0,"comment_status":"closed","ping_status":"closed","sticky":false,"template":"","format":"standard","meta":{"footnotes":""},"categories":[14,6],"tags":[],"_links":{"self":[{"href":"https:\/\/www.tjes.jus.br\/corregedoria\/wp-json\/wp\/v2\/posts\/29847"}],"collection":[{"href":"https:\/\/www.tjes.jus.br\/corregedoria\/wp-json\/wp\/v2\/posts"}],"about":[{"href":"https:\/\/www.tjes.jus.br\/corregedoria\/wp-json\/wp\/v2\/types\/post"}],"author":[{"embeddable":true,"href":"https:\/\/www.tjes.jus.br\/corregedoria\/wp-json\/wp\/v2\/users\/13"}],"replies":[{"embeddable":true,"href":"https:\/\/www.tjes.jus.br\/corregedoria\/wp-json\/wp\/v2\/comments?post=29847"}],"version-history":[{"count":2,"href":"https:\/\/www.tjes.jus.br\/corregedoria\/wp-json\/wp\/v2\/posts\/29847\/revisions"}],"predecessor-version":[{"id":29851,"href":"https:\/\/www.tjes.jus.br\/corregedoria\/wp-json\/wp\/v2\/posts\/29847\/revisions\/29851"}],"wp:attachment":[{"href":"https:\/\/www.tjes.jus.br\/corregedoria\/wp-json\/wp\/v2\/media?parent=29847"}],"wp:term":[{"taxonomy":"category","embeddable":true,"href":"https:\/\/www.tjes.jus.br\/corregedoria\/wp-json\/wp\/v2\/categories?post=29847"},{"taxonomy":"post_tag","embeddable":true,"href":"https:\/\/www.tjes.jus.br\/corregedoria\/wp-json\/wp\/v2\/tags?post=29847"}],"curies":[{"name":"wp","href":"https:\/\/api.w.org\/{rel}","templated":true}]}}