{"id":29860,"date":"2020-03-19T14:32:52","date_gmt":"2020-03-19T17:32:52","guid":{"rendered":"https:\/\/www.tjes.jus.br\/corregedoria\/?p=29860"},"modified":"2021-03-23T16:12:43","modified_gmt":"2021-03-23T19:12:43","slug":"ato-normativo-no-062-2020-disp-19-03-2020","status":"publish","type":"post","link":"https:\/\/www.tjes.jus.br\/corregedoria\/2020\/03\/19\/ato-normativo-no-062-2020-disp-19-03-2020\/","title":{"rendered":"ATO NORMATIVO N\u00ba 062\/2020 &#8211; DISP. 19\/03\/2020 &#8211; ALTERADO"},"content":{"rendered":"<h2 align=\"center\"><strong><span style=\"color: #ff0000;\">(Alterado pelo<\/span><a href=\"https:\/\/www.tjes.jus.br\/corregedoria\/2021\/03\/19\/ato-normativo-no-019-2021-disp-17-03-2021\/\"> Ato Normativo n\u00ba 019\/2021<\/a> <span style=\"color: #ff0000;\">disponibilizado em 17\/03\/2020)\u00a0<\/span><\/strong><\/h2>\n<p style=\"text-align: center;\" align=\"center\"><strong>PODER JUDICI\u00c1RIO DO ESTADO DO ESP\u00cdRITO SANTO &#8211; PJES<\/strong><\/p>\n<p style=\"text-align: center;\" align=\"center\"><strong>RUA DESEMBARGADOR HOMERO MAFRA,60 &#8211; Bairro ENSEADA DO SU\u00c1 &#8211; CEP 29050906 &#8211; Vit\u00f3ria &#8211; ES &#8211;\u00a0<a href=\"https:\/\/www.tjes.jus.br\/\">www.tjes.jus.br<\/a><\/strong><\/p>\n<p style=\"text-align: center;\" align=\"center\"><strong>ATO NORMATIVO\u00a0N\u00ba 062\/2020<\/strong><\/p>\n<p style=\"text-align: justify;\">O Exmo. Sr. Desembargador RONALDO GON\u00c7ALVES DE SOUSA, Presidente do Egr\u00e9gio Tribunal de Justi\u00e7a do Estado do Esp\u00edrito Santo, no uso de suas atribui\u00e7\u00f5es legais, e<\/p>\n<p style=\"text-align: justify;\"><strong>RESOLVE:<\/strong><\/p>\n<p style=\"text-align: justify;\">Art. 1\u00ba &#8211; ALTERAR o Ato Normativo n\u00b0 034\/2019, publicado no Di\u00e1rio da Justi\u00e7a de 22\/03\/2019, modificando a composi\u00e7\u00e3o da Comiss\u00e3o Permanente de Licita\u00e7\u00e3o deste Egr\u00e9gio Tribunal de Justi\u00e7a, que passar\u00e1 a ser:<\/p>\n<p style=\"text-align: justify;\">Membros:<\/p>\n<p style=\"text-align: justify;\">I &#8211; Ana L\u00facia Brunoro &#8211; Presidente<\/p>\n<p style=\"text-align: justify;\"><del>II &#8211; \u00c9rika Rocha Zardini<\/del><\/p>\n<p>II &#8211; Marcos Calasans Silva\u00a0<strong><span style=\"color: #ff0000;\">(Alterado pelo<\/span><a href=\"https:\/\/www.tjes.jus.br\/corregedoria\/2021\/03\/19\/ato-normativo-no-019-2021-disp-17-03-2021\/\"> Ato Normativo n\u00ba 019\/2021<\/a> <span style=\"color: #ff0000;\">disponibilizado em 17\/03\/2020)\u00a0<\/span><\/strong><\/p>\n<p style=\"text-align: justify;\"><del>III &#8211; Gustavo Endringer Celin<\/del><\/p>\n<p>III &#8211;\u00a0Gustavo Gon\u00e7alves Biazi\u00a0<strong><span style=\"color: #ff0000;\">(Alterado pelo<\/span><a href=\"https:\/\/www.tjes.jus.br\/corregedoria\/2021\/03\/19\/ato-normativo-no-019-2021-disp-17-03-2021\/\"> Ato Normativo n\u00ba 019\/2021<\/a> <span style=\"color: #ff0000;\">disponibilizado em 17\/03\/2020)\u00a0<\/span><\/strong><\/p>\n<p style=\"text-align: justify;\"><del>IV \u2013 Marcos Calasans Silva<\/del><\/p>\n<p>IV \u2013 Vitor Rocha Dannemann\u00a0<strong><span style=\"color: #ff0000;\">(Alterado pelo<\/span><a href=\"https:\/\/www.tjes.jus.br\/corregedoria\/2021\/03\/19\/ato-normativo-no-019-2021-disp-17-03-2021\/\"> Ato Normativo n\u00ba 019\/2021<\/a> <span style=\"color: #ff0000;\">disponibilizado em 17\/03\/2020)\u00a0<\/span><\/strong><\/p>\n<p>&nbsp;<\/p>\n<p style=\"text-align: justify;\">Suplentes:<\/p>\n<p style=\"text-align: justify;\">I \u2013 Emanuel Silva de Mello<\/p>\n<p style=\"text-align: justify;\"><del>II &#8211; Vin\u00edcius Marins Borges<\/del><\/p>\n<p>II &#8211; \u00c9rika Rocha Zardini\u00a0<strong><span style=\"color: #ff0000;\">(Alterado pelo<\/span><a href=\"https:\/\/www.tjes.jus.br\/corregedoria\/2021\/03\/19\/ato-normativo-no-019-2021-disp-17-03-2021\/\"> Ato Normativo n\u00ba 019\/2021<\/a> <span style=\"color: #ff0000;\">disponibilizado em 17\/03\/2020)\u00a0<\/span><\/strong><\/p>\n<p>&nbsp;<\/p>\n<p style=\"text-align: justify;\">Em caso de aus\u00eancia ou impedimento do Presidente, este ser\u00e1 substitu\u00eddo por um dos membros da Comiss\u00e3o, na ordem II, III e IV.<\/p>\n<p style=\"text-align: justify;\">Art. 2\u00b0. Ficam revogadas as disposi\u00e7\u00f5es em contr\u00e1rio.<\/p>\n<p style=\"text-align: justify;\">Art. 3\u00b0. Este ato entra em vigor na data de sua publica\u00e7\u00e3o.<\/p>\n<p>&nbsp;<\/p>\n<p>Publique-se.<\/p>\n<p>&nbsp;<\/p>\n<p align=\"right\">Vitoria, 10 de mar\u00e7o de 2020.<\/p>\n<p align=\"center\"><strong>DES. RONALDO GON\u00c7ALVES DE SOUSA<\/strong><\/p>\n<p align=\"center\"><strong>PRESIDENTE<\/strong><\/p>\n","protected":false},"excerpt":{"rendered":"<p>(Alterado pelo Ato Normativo n\u00ba 019\/2021 disponibilizado em 17\/03\/2020)\u00a0 PODER JUDICI\u00c1RIO DO ESTADO DO ESP\u00cdRITO SANTO &#8211; PJES RUA DESEMBARGADOR HOMERO MAFRA,60 &#8211; Bairro ENSEADA DO SU\u00c1 &#8211; CEP 29050906 &#8211; Vit\u00f3ria &#8211; ES &#8211;\u00a0www.tjes.jus.br ATO NORMATIVO\u00a0N\u00ba 062\/2020 O Exmo. Sr. Desembargador RONALDO GON\u00c7ALVES DE SOUSA, Presidente do Egr\u00e9gio Tribunal de Justi\u00e7a do Estado do [&hellip;]<\/p>\n","protected":false},"author":13,"featured_media":0,"comment_status":"closed","ping_status":"closed","sticky":false,"template":"","format":"standard","meta":{"footnotes":""},"categories":[4,14],"tags":[],"_links":{"self":[{"href":"https:\/\/www.tjes.jus.br\/corregedoria\/wp-json\/wp\/v2\/posts\/29860"}],"collection":[{"href":"https:\/\/www.tjes.jus.br\/corregedoria\/wp-json\/wp\/v2\/posts"}],"about":[{"href":"https:\/\/www.tjes.jus.br\/corregedoria\/wp-json\/wp\/v2\/types\/post"}],"author":[{"embeddable":true,"href":"https:\/\/www.tjes.jus.br\/corregedoria\/wp-json\/wp\/v2\/users\/13"}],"replies":[{"embeddable":true,"href":"https:\/\/www.tjes.jus.br\/corregedoria\/wp-json\/wp\/v2\/comments?post=29860"}],"version-history":[{"count":3,"href":"https:\/\/www.tjes.jus.br\/corregedoria\/wp-json\/wp\/v2\/posts\/29860\/revisions"}],"predecessor-version":[{"id":31395,"href":"https:\/\/www.tjes.jus.br\/corregedoria\/wp-json\/wp\/v2\/posts\/29860\/revisions\/31395"}],"wp:attachment":[{"href":"https:\/\/www.tjes.jus.br\/corregedoria\/wp-json\/wp\/v2\/media?parent=29860"}],"wp:term":[{"taxonomy":"category","embeddable":true,"href":"https:\/\/www.tjes.jus.br\/corregedoria\/wp-json\/wp\/v2\/categories?post=29860"},{"taxonomy":"post_tag","embeddable":true,"href":"https:\/\/www.tjes.jus.br\/corregedoria\/wp-json\/wp\/v2\/tags?post=29860"}],"curies":[{"name":"wp","href":"https:\/\/api.w.org\/{rel}","templated":true}]}}