{"id":29933,"date":"2020-04-02T18:06:57","date_gmt":"2020-04-02T21:06:57","guid":{"rendered":"https:\/\/www.tjes.jus.br\/corregedoria\/?p=29933"},"modified":"2020-04-02T18:06:57","modified_gmt":"2020-04-02T21:06:57","slug":"buscas-por-pretendentes-habilitados-a-adocao-estao-temporariamente-suspensas","status":"publish","type":"post","link":"https:\/\/www.tjes.jus.br\/corregedoria\/2020\/04\/02\/buscas-por-pretendentes-habilitados-a-adocao-estao-temporariamente-suspensas\/","title":{"rendered":"Buscas por pretendentes habilitados \u00e0 ado\u00e7\u00e3o est\u00e3o temporariamente suspensas"},"content":{"rendered":"<blockquote><p><i><span data-contrast=\"auto\">\u00a0Durante este per\u00edodo, o Sistema Nacional de Ado\u00e7\u00e3o manter\u00e1 a vincula\u00e7\u00e3o autom\u00e1tica das crian\u00e7as e adolescentes dispon\u00edveis para ado\u00e7\u00e3o.<\/span><\/i><span data-contrast=\"auto\">\u00a0<\/span><span data-ccp-props=\"{&quot;201341983&quot;:0,&quot;335559739&quot;:160,&quot;335559740&quot;:259}\" data-wac-het=\"1\">\u00a0<\/span><\/p><\/blockquote>\n<p style=\"text-align: justify;\"><span data-contrast=\"auto\">A Corregedoria Geral da Justi\u00e7a do Esp\u00edrito Santo (CGJES) determinou, por meio do Of\u00edcio Circular n\u00ba 09\/2020, a suspens\u00e3o tempor\u00e1ria das buscas por pretendentes habilitados \u00e0 ado\u00e7\u00e3o. Tamb\u00e9m \u00e9 previsto que, durante este per\u00edodo, o Sistema Nacional de Ado\u00e7\u00e3o (SNA\/CNJ) mantenha a vincula\u00e7\u00e3o autom\u00e1tica das crian\u00e7as e adolescentes dispon\u00edveis junto aos pretendentes habilitados, a fim de respeitar o perfil e ordem cronol\u00f3gica.<\/span><span data-ccp-props=\"{&quot;201341983&quot;:0,&quot;335559739&quot;:160,&quot;335559740&quot;:259}\" data-wac-het=\"1\">\u00a0<\/span><\/p>\n<p style=\"text-align: justify;\"><span data-contrast=\"auto\">\u00a0Durante todo o per\u00edodo de Emerg\u00eancia em Sa\u00fade P\u00fablica, a equipe da CEJA\/ES continuar\u00e1 desempenhando suas fun\u00e7\u00f5es remotamente e estar\u00e1 dispon\u00edvel para eventuais d\u00favidas e atendimentos por meio do endere\u00e7o:\u00a0<\/span><a href=\"mailto:ceja@tjes.jus.br\"><span data-contrast=\"none\">ceja@tjes.jus.br<\/span><\/a><span data-contrast=\"auto\">.\u00a0<\/span><span data-ccp-props=\"{&quot;201341983&quot;:0,&quot;335559739&quot;:160,&quot;335559740&quot;:259}\" data-wac-het=\"1\">\u00a0<\/span><\/p>\n<p style=\"text-align: justify;\"><span data-contrast=\"auto\">Acesse: <a href=\"https:\/\/sistemas.tjes.jus.br\/ediario\/index.php\/component\/ediario\/950149?view=content\">OF\u00cdCIO-CIRCULAR N\u00ba 9\/2020\u00a0<\/a><\/span><\/p>\n<p style=\"text-align: justify;\"><span data-contrast=\"auto\">Vit\u00f3ria, 02 de abril de 2020<\/span><span data-ccp-props=\"{&quot;201341983&quot;:0,&quot;335559739&quot;:160,&quot;335559740&quot;:259}\" data-wac-het=\"1\">\u00a0<\/span><\/p>\n<p style=\"text-align: justify;\"><span data-contrast=\"auto\">Texto:\u00a0<\/span><span data-contrast=\"auto\">Brunella<\/span><span data-contrast=\"auto\">\u00a0Rios<\/span><span data-ccp-props=\"{&quot;201341983&quot;:0,&quot;335559739&quot;:160,&quot;335559740&quot;:259}\" data-wac-het=\"1\">\u00a0<\/span><\/p>\n<p style=\"text-align: justify;\"><a href=\"mailto:gabinete@tjes.jus.br\"><span data-contrast=\"none\">gabinete@tjes.jus.br<\/span><\/a><span data-ccp-props=\"{&quot;201341983&quot;:0,&quot;335559739&quot;:160,&quot;335559740&quot;:259}\" data-wac-het=\"1\">\u00a0<\/span><\/p>\n","protected":false},"excerpt":{"rendered":"<p>\u00a0Durante este per\u00edodo, o Sistema Nacional de Ado\u00e7\u00e3o manter\u00e1 a vincula\u00e7\u00e3o autom\u00e1tica das crian\u00e7as e adolescentes dispon\u00edveis para ado\u00e7\u00e3o.\u00a0\u00a0 A Corregedoria Geral da Justi\u00e7a do Esp\u00edrito Santo (CGJES) determinou, por meio do Of\u00edcio Circular n\u00ba 09\/2020, a suspens\u00e3o tempor\u00e1ria das buscas por pretendentes habilitados \u00e0 ado\u00e7\u00e3o. Tamb\u00e9m \u00e9 previsto que, durante este per\u00edodo, o Sistema [&hellip;]<\/p>\n","protected":false},"author":13,"featured_media":29934,"comment_status":"closed","ping_status":"closed","sticky":false,"template":"","format":"standard","meta":{"footnotes":""},"categories":[1],"tags":[],"_links":{"self":[{"href":"https:\/\/www.tjes.jus.br\/corregedoria\/wp-json\/wp\/v2\/posts\/29933"}],"collection":[{"href":"https:\/\/www.tjes.jus.br\/corregedoria\/wp-json\/wp\/v2\/posts"}],"about":[{"href":"https:\/\/www.tjes.jus.br\/corregedoria\/wp-json\/wp\/v2\/types\/post"}],"author":[{"embeddable":true,"href":"https:\/\/www.tjes.jus.br\/corregedoria\/wp-json\/wp\/v2\/users\/13"}],"replies":[{"embeddable":true,"href":"https:\/\/www.tjes.jus.br\/corregedoria\/wp-json\/wp\/v2\/comments?post=29933"}],"version-history":[{"count":1,"href":"https:\/\/www.tjes.jus.br\/corregedoria\/wp-json\/wp\/v2\/posts\/29933\/revisions"}],"predecessor-version":[{"id":29935,"href":"https:\/\/www.tjes.jus.br\/corregedoria\/wp-json\/wp\/v2\/posts\/29933\/revisions\/29935"}],"wp:featuredmedia":[{"embeddable":true,"href":"https:\/\/www.tjes.jus.br\/corregedoria\/wp-json\/wp\/v2\/media\/29934"}],"wp:attachment":[{"href":"https:\/\/www.tjes.jus.br\/corregedoria\/wp-json\/wp\/v2\/media?parent=29933"}],"wp:term":[{"taxonomy":"category","embeddable":true,"href":"https:\/\/www.tjes.jus.br\/corregedoria\/wp-json\/wp\/v2\/categories?post=29933"},{"taxonomy":"post_tag","embeddable":true,"href":"https:\/\/www.tjes.jus.br\/corregedoria\/wp-json\/wp\/v2\/tags?post=29933"}],"curies":[{"name":"wp","href":"https:\/\/api.w.org\/{rel}","templated":true}]}}