{"id":29954,"date":"2020-04-03T19:19:32","date_gmt":"2020-04-03T22:19:32","guid":{"rendered":"https:\/\/www.tjes.jus.br\/corregedoria\/?p=29954"},"modified":"2020-04-03T19:19:32","modified_gmt":"2020-04-03T22:19:32","slug":"corregedoria-dispoe-sobre-funcionamento-dos-cartorios-de-registro-de-imoveis","status":"publish","type":"post","link":"https:\/\/www.tjes.jus.br\/corregedoria\/2020\/04\/03\/corregedoria-dispoe-sobre-funcionamento-dos-cartorios-de-registro-de-imoveis\/","title":{"rendered":"Corregedoria disp\u00f5e sobre funcionamento dos cart\u00f3rios de registro de im\u00f3veis"},"content":{"rendered":"<blockquote><p><i><span data-contrast=\"auto\">\u00a0As determina\u00e7\u00f5es visam garantir\u00a0<\/span><\/i><span data-contrast=\"auto\">a continuidade da presta\u00e7\u00e3o do servi\u00e7o de registro de im\u00f3veis e o direito fundamental \u00e0 propriedade.<\/span><span data-ccp-props=\"{&quot;201341983&quot;:0,&quot;335559739&quot;:160,&quot;335559740&quot;:259}\" data-wac-het=\"1\">\u00a0<\/span><\/p><\/blockquote>\n<p style=\"text-align: justify;\"><i><span data-contrast=\"auto\">\u00a0<\/span><\/i><span data-contrast=\"auto\">A Corregedoria Geral da Justi\u00e7a do Esp\u00edrito Santo (CGJES) disp\u00f4s, por meio do <a href=\"https:\/\/sistemas.tjes.jus.br\/ediario\/index.php\/component\/ediario\/950375?view=content\">Provimento n\u00ba 07\/2020<\/a>,\u00a0sobre o funcionamento das unidades de registro de im\u00f3veis do Estado durante o per\u00edodo de quarentena. As determina\u00e7\u00f5es se alinham ao <a href=\"https:\/\/infographya.com\/files\/Provimento_94-2020.pdf\">Provimento n\u00ba 94\/2020, da Corregedoria Nacional de Justi\u00e7a<\/a>, e visam garantir a continuidade da presta\u00e7\u00e3o do servi\u00e7o p\u00fablico de registro de im\u00f3veis, visto que esse \u00e9 essencial para o exerc\u00edcio do direito fundamental \u00e0 propriedade.\u00a0<\/span><span data-ccp-props=\"{&quot;201341983&quot;:0,&quot;335559739&quot;:160,&quot;335559740&quot;:259}\" data-wac-het=\"1\">\u00a0<\/span><\/p>\n<p style=\"text-align: justify;\"><span data-contrast=\"auto\">De acordo com o provimento, o atendimento aos usu\u00e1rios desse servi\u00e7o deve ser realizado preferencialmente por regime de plant\u00e3o \u00e0 dist\u00e2ncia, no mesmo hor\u00e1rio de expediente. Nos cart\u00f3rios onde a implanta\u00e7\u00e3o do servi\u00e7o \u00e0 dist\u00e2ncia n\u00e3o puder acontecer imediatamente, at\u00e9 que isso se efetive, ser\u00e1 realizado o atendimento presencial, das 13h \u00e0s 15h, respeitando os cuidados determinados pelas autoridades sanit\u00e1rias. O atendimento \u00e0 dist\u00e2ncia \u00e9 compuls\u00f3rio nas unidades em que o respons\u00e1vel, substituto, preposto ou colaborador estiver infectado pelo Covid-19.<\/span><span data-ccp-props=\"{&quot;201341983&quot;:0,&quot;335559739&quot;:160,&quot;335559740&quot;:259}\" data-wac-het=\"1\">\u00a0<\/span><\/p>\n<p style=\"text-align: justify;\"><span data-contrast=\"auto\">Outras informa\u00e7\u00f5es acerca dos meios para circula\u00e7\u00e3o de documentos e para recepcionar os documentos na forma eletr\u00f4nica, bem como a divulga\u00e7\u00e3o dos canais de comunica\u00e7\u00e3o \u00e0 dist\u00e2ncia, execu\u00e7\u00e3o de atividades na forma remota e defini\u00e7\u00e3o de um t\u00edtulo nativamente digital encontram-se no provimento, publicado no Di\u00e1rio Oficial.<\/span><\/p>\n<p style=\"text-align: justify;\"><span data-contrast=\"auto\">Acesse:\u00a0<a href=\"https:\/\/sistemas.tjes.jus.br\/ediario\/index.php\/component\/ediario\/950375?view=content\">PROVIMENTO N\u00ba 7, DE 31 DE MAR\u00c7O DE 2020<\/a><\/span><span data-ccp-props=\"{&quot;201341983&quot;:0,&quot;335559739&quot;:160,&quot;335559740&quot;:259}\" data-wac-het=\"1\">\u00a0<\/span><\/p>\n<p style=\"text-align: justify;\"><span data-contrast=\"auto\">Vit\u00f3ria, 03 de abril de 2020<\/span><span data-ccp-props=\"{&quot;201341983&quot;:0,&quot;335559739&quot;:160,&quot;335559740&quot;:259}\" data-wac-het=\"1\">\u00a0<\/span><\/p>\n<p style=\"text-align: justify;\"><span data-contrast=\"auto\">Texto:\u00a0Brunella\u00a0Rios<\/span><span data-ccp-props=\"{&quot;201341983&quot;:0,&quot;335559739&quot;:160,&quot;335559740&quot;:259}\" data-wac-het=\"1\">\u00a0<\/span><\/p>\n<p style=\"text-align: justify;\"><a href=\"mailto:gabinete@tjes.jus.br\"><span data-contrast=\"none\">gabinete@tjes.jus.br<\/span><\/a><span data-contrast=\"auto\">\u00a0<\/span><span data-ccp-props=\"{&quot;201341983&quot;:0,&quot;335559739&quot;:160,&quot;335559740&quot;:259}\" data-wac-het=\"1\">\u00a0<\/span><\/p>\n","protected":false},"excerpt":{"rendered":"<p>\u00a0As determina\u00e7\u00f5es visam garantir\u00a0a continuidade da presta\u00e7\u00e3o do servi\u00e7o de registro de im\u00f3veis e o direito fundamental \u00e0 propriedade.\u00a0 \u00a0A Corregedoria Geral da Justi\u00e7a do Esp\u00edrito Santo (CGJES) disp\u00f4s, por meio do Provimento n\u00ba 07\/2020,\u00a0sobre o funcionamento das unidades de registro de im\u00f3veis do Estado durante o per\u00edodo de quarentena. As determina\u00e7\u00f5es se alinham ao [&hellip;]<\/p>\n","protected":false},"author":13,"featured_media":29955,"comment_status":"closed","ping_status":"closed","sticky":false,"template":"","format":"standard","meta":{"footnotes":""},"categories":[1],"tags":[],"_links":{"self":[{"href":"https:\/\/www.tjes.jus.br\/corregedoria\/wp-json\/wp\/v2\/posts\/29954"}],"collection":[{"href":"https:\/\/www.tjes.jus.br\/corregedoria\/wp-json\/wp\/v2\/posts"}],"about":[{"href":"https:\/\/www.tjes.jus.br\/corregedoria\/wp-json\/wp\/v2\/types\/post"}],"author":[{"embeddable":true,"href":"https:\/\/www.tjes.jus.br\/corregedoria\/wp-json\/wp\/v2\/users\/13"}],"replies":[{"embeddable":true,"href":"https:\/\/www.tjes.jus.br\/corregedoria\/wp-json\/wp\/v2\/comments?post=29954"}],"version-history":[{"count":1,"href":"https:\/\/www.tjes.jus.br\/corregedoria\/wp-json\/wp\/v2\/posts\/29954\/revisions"}],"predecessor-version":[{"id":29956,"href":"https:\/\/www.tjes.jus.br\/corregedoria\/wp-json\/wp\/v2\/posts\/29954\/revisions\/29956"}],"wp:featuredmedia":[{"embeddable":true,"href":"https:\/\/www.tjes.jus.br\/corregedoria\/wp-json\/wp\/v2\/media\/29955"}],"wp:attachment":[{"href":"https:\/\/www.tjes.jus.br\/corregedoria\/wp-json\/wp\/v2\/media?parent=29954"}],"wp:term":[{"taxonomy":"category","embeddable":true,"href":"https:\/\/www.tjes.jus.br\/corregedoria\/wp-json\/wp\/v2\/categories?post=29954"},{"taxonomy":"post_tag","embeddable":true,"href":"https:\/\/www.tjes.jus.br\/corregedoria\/wp-json\/wp\/v2\/tags?post=29954"}],"curies":[{"name":"wp","href":"https:\/\/api.w.org\/{rel}","templated":true}]}}