{"id":29960,"date":"2020-04-07T09:43:04","date_gmt":"2020-04-07T12:43:04","guid":{"rendered":"https:\/\/www.tjes.jus.br\/corregedoria\/?p=29960"},"modified":"2020-04-07T09:43:04","modified_gmt":"2020-04-07T12:43:04","slug":"ato-normativo-no-066-2020-disp-06-04-2020","status":"publish","type":"post","link":"https:\/\/www.tjes.jus.br\/corregedoria\/2020\/04\/07\/ato-normativo-no-066-2020-disp-06-04-2020\/","title":{"rendered":"ATO NORMATIVO n\u00ba 066\/2020 \u2013 DISP. 06\/04\/2020"},"content":{"rendered":"<div class=\"publicacao-text override-text\">\n<p style=\"text-align: center;\"><strong>PODER JUDICI\u00c1RIO DO ESTADO DO ESP\u00cdRITO SANTO &#8211; PJES<\/strong><\/p>\n<p style=\"text-align: center;\"><strong>RUA DESEMBARGADOR HOMERO MAFRA,60 &#8211; Bairro ENSEADA DO SU\u00c1 &#8211; CEP 29050906 &#8211; Vit\u00f3ria &#8211; ES &#8211; www.tjes.jus.br<\/strong><\/p>\n<\/div>\n<p style=\"text-align: center;\">\n<p style=\"text-align: center;\"><strong>Ato\u00a0 Normativo n\u00ba 66\/2020<\/strong><\/p>\n<p>&nbsp;<\/p>\n<div align=\"center\">\n<p>&nbsp;<\/p>\n<\/div>\n<p style=\"text-align: justify;\"><strong>O Excelent\u00edssimo Senhor Desembargador Ronaldo Gon\u00e7alves de Sousa, Presidente do Egr\u00e9gio Tribunal de Justi\u00e7a do Estado do Esp\u00edrito Santo, no uso de suas atribui\u00e7\u00f5es legais,<\/strong><\/p>\n<p>&nbsp;<\/p>\n<p style=\"text-align: justify;\">\u00a0o disposto no artigo 58, da Resolu\u00e7\u00e3o n\u00ba 15\/1995, Regimento Interno do Tribunal de Justi\u00e7a do Esp\u00edrito Santo, que atribui ao presidente do Egr\u00e9gio Tribunal de Justi\u00e7a do Estado do Esp\u00edrito Santo compet\u00eancia geral para exercer a superintend\u00eancia de todo o servi\u00e7o judici\u00e1rio, na qualidade de Chefe do Poder Judici\u00e1rio Estadual;<\/p>\n<p><strong>RESOLVE:<\/strong><\/p>\n<p>&nbsp;<\/p>\n<p style=\"text-align: justify;\"><strong>Art. 1\u00ba\u00a0<\/strong>\u2013 Instituir e convocar a Equipe de Trabalho, com a Servidora abaixo, para em companhia da Magistrada Herm\u00ednia Maria Silveira Azoury, \u00a0atuar nas 16\u00aa, 17\u00aa e 18\u00aa Semanas da Justi\u00e7a pela Paz em Casa, bem como nos momentos de organiza\u00e7\u00e3o que as antecedem.<\/p>\n<table border=\"1\" cellspacing=\"0\" cellpadding=\"0\">\n<tbody>\n<tr>\n<td>Maria In\u00eas Martins Veltri Costa<\/td>\n<td>Analista Judici\u00e1rio &#8211; Direito<\/td>\n<\/tr>\n<\/tbody>\n<\/table>\n<p>&nbsp;<\/p>\n<p><strong>Art. 2\u00ba \u2013<\/strong>\u00a0A Equipe de trabalho organizar\u00e1 os eventos no combate \u00e0 viol\u00eancia dom\u00e9stica e familiar, em atendimento ao inciso II e XI do art. 2\u00ba da Portaria 15\/2017, do Conselho Nacional de Justi\u00e7a.<\/p>\n<p style=\"text-align: justify;\">\n<p style=\"text-align: justify;\"><strong>Art. 3\u00ba<\/strong>\u00a0\u2013 A Coordenadoria Estadual da Mulher em Situa\u00e7\u00e3o de Viol\u00eancia Dom\u00e9stica e Familiar encaminhar\u00e1 \u00e0 Secretaria de Gest\u00e3o de Pessoas, no prazo de 10 (dez) dias, ap\u00f3s a realiza\u00e7\u00e3o de cada evento, informa\u00e7\u00f5es com rela\u00e7\u00e3o \u00e0s horas laboradas pela servidora, al\u00e9m do expediente normal, para anota\u00e7\u00e3o em ficha funcional, que ser\u00e3o acrescidas de percentual determinado em lei, e esta, poder\u00e1 compens\u00e1-las por gozo de folga, mediante autoriza\u00e7\u00e3o da chefia imediata e sem preju\u00edzo do servi\u00e7o.<\/p>\n<p style=\"text-align: justify;\">\n<p style=\"text-align: justify;\"><strong>Art. 4\u00ba<\/strong>\u00a0\u2013 A servidora efetiva\u00a0 constante desta Equipe de Trabalho ter\u00e1 reconhecido, para fins de promo\u00e7\u00e3o na carreira, a pontua\u00e7\u00e3o equivalente \u00e0 participa\u00e7\u00e3o em Equipe Especial de Trabalho, conforme disposto no Ato\u00a0 1904\/14.<\/p>\n<p style=\"text-align: justify;\">\n<p><strong>Art. 5\u00ba<\/strong>\u00a0&#8211; Este Ato Normativo entra em vigor na data da sua publica\u00e7\u00e3o.<\/p>\n<p>&nbsp;<\/p>\n<p>Publique-se<\/p>\n<p>Vit\u00f3ria, 04 de abril\u00a0 de 2020.<\/p>\n<p align=\"center\"><strong>Des. RONALDO GON\u00c7ALVES DE SOUSA<\/strong><\/p>\n<p align=\"center\"><strong>Presidente<\/strong><\/p>\n","protected":false},"excerpt":{"rendered":"<p>PODER JUDICI\u00c1RIO DO ESTADO DO ESP\u00cdRITO SANTO &#8211; PJES RUA DESEMBARGADOR HOMERO MAFRA,60 &#8211; Bairro ENSEADA DO SU\u00c1 &#8211; CEP 29050906 &#8211; Vit\u00f3ria &#8211; ES &#8211; www.tjes.jus.br Ato\u00a0 Normativo n\u00ba 66\/2020 &nbsp; &nbsp; O Excelent\u00edssimo Senhor Desembargador Ronaldo Gon\u00e7alves de Sousa, Presidente do Egr\u00e9gio Tribunal de Justi\u00e7a do Estado do Esp\u00edrito Santo, no uso de [&hellip;]<\/p>\n","protected":false},"author":8,"featured_media":0,"comment_status":"closed","ping_status":"closed","sticky":false,"template":"","format":"standard","meta":{"footnotes":""},"categories":[4,14],"tags":[],"_links":{"self":[{"href":"https:\/\/www.tjes.jus.br\/corregedoria\/wp-json\/wp\/v2\/posts\/29960"}],"collection":[{"href":"https:\/\/www.tjes.jus.br\/corregedoria\/wp-json\/wp\/v2\/posts"}],"about":[{"href":"https:\/\/www.tjes.jus.br\/corregedoria\/wp-json\/wp\/v2\/types\/post"}],"author":[{"embeddable":true,"href":"https:\/\/www.tjes.jus.br\/corregedoria\/wp-json\/wp\/v2\/users\/8"}],"replies":[{"embeddable":true,"href":"https:\/\/www.tjes.jus.br\/corregedoria\/wp-json\/wp\/v2\/comments?post=29960"}],"version-history":[{"count":1,"href":"https:\/\/www.tjes.jus.br\/corregedoria\/wp-json\/wp\/v2\/posts\/29960\/revisions"}],"predecessor-version":[{"id":29961,"href":"https:\/\/www.tjes.jus.br\/corregedoria\/wp-json\/wp\/v2\/posts\/29960\/revisions\/29961"}],"wp:attachment":[{"href":"https:\/\/www.tjes.jus.br\/corregedoria\/wp-json\/wp\/v2\/media?parent=29960"}],"wp:term":[{"taxonomy":"category","embeddable":true,"href":"https:\/\/www.tjes.jus.br\/corregedoria\/wp-json\/wp\/v2\/categories?post=29960"},{"taxonomy":"post_tag","embeddable":true,"href":"https:\/\/www.tjes.jus.br\/corregedoria\/wp-json\/wp\/v2\/tags?post=29960"}],"curies":[{"name":"wp","href":"https:\/\/api.w.org\/{rel}","templated":true}]}}