{"id":29962,"date":"2020-04-07T09:45:38","date_gmt":"2020-04-07T12:45:38","guid":{"rendered":"https:\/\/www.tjes.jus.br\/corregedoria\/?p=29962"},"modified":"2020-04-08T11:47:56","modified_gmt":"2020-04-08T14:47:56","slug":"ato-normativo-conjunto-no-012-2020-disp-07-04-2020","status":"publish","type":"post","link":"https:\/\/www.tjes.jus.br\/corregedoria\/2020\/04\/07\/ato-normativo-conjunto-no-012-2020-disp-07-04-2020\/","title":{"rendered":"ATO NORMATIVO CONJUNTO N\u00ba 012\/ 2020 \u2013 DISP. 07\/04\/2020"},"content":{"rendered":"<p align=\"center\"><strong>ESTADO DO ESP\u00cdRITO SANTO<\/strong><\/p>\n<p align=\"center\"><strong>PODER JUDICI\u00c1RIO<\/strong><\/p>\n<p style=\"text-align: center;\" align=\"center\"><strong>TRIBUNAL DE JUSTI\u00c7A<\/strong><\/p>\n<p style=\"text-align: center;\" align=\"center\"><strong>COORDENADORIA DE VIOL\u00caNCIA DOM\u00c9STICA E FAMILIAR CONTRA A MULHER<\/strong><\/p>\n<p style=\"text-align: center;\"><strong>ATO NORMATIVO CONJUNTO N\u00ba 012\/2020.<\/strong><\/p>\n<p align=\"center\">ORIENTA\u00c7\u00c3O N. 01 DE 03 DE ABRIL DE 2020<\/p>\n<p>&nbsp;<\/p>\n<p style=\"text-align: justify;\">ORIENTA\u00c7\u00c3O CONJUNTA SUPERVIS\u00c3O DAS VARAS CRIMINAIS, DE EXECU\u00c7\u00c3O PENAL E VIOL\u00caNCIA DOM\u00c9STICA\/COMVIDES. Orienta sobre a prorroga\u00e7\u00e3o do prazo de efic\u00e1cia das medidas protetivas em virtude da dissemina\u00e7\u00e3o do COVID-19 e sugere outras provid\u00eancias.<\/p>\n<p style=\"text-align: justify;\">Em raz\u00e3o do acelerado avan\u00e7o do Coronavirus (Covid-19) de forma global e, em especial, no Estado do Esp\u00edrito Santo, a Supervis\u00e3o das Varas Criminais, de Execu\u00e7\u00e3o Penal e Viol\u00eancia Dom\u00e9stica e a Coordenadoria Estadual da Mulher em Situa\u00e7\u00e3o de Viol\u00eancia Dom\u00e9stica e Familiar, cientes:<\/p>\n<p style=\"text-align: justify;\">a) da necessidade da ado\u00e7\u00e3o de medidas voltadas \u00e0 preven\u00e7\u00e3o do aumento dos casos de viol\u00eancia dom\u00e9stica;<\/p>\n<p style=\"text-align: justify;\">b) da necessidade de garantir a ampla prote\u00e7\u00e3o das mulheres, de forma a manter a presta\u00e7\u00e3o jurisdicional eficaz;<\/p>\n<p style=\"text-align: justify;\">c) das Delegacias de Pol\u00edcia, que apesar de estarem funcionando normalmente e tamb\u00e9m atendendo aos registros de boletins de viol\u00eancia dom\u00e9stica efetuados on line, as v\u00edtimas poder\u00e3o l\u00e1 se dirigir;<\/p>\n<p style=\"text-align: justify;\">d) que as medidas protetivas expiram automaticamente caso a v\u00edtima n\u00e3o manifeste seu interesse na prorroga\u00e7\u00e3o, o que \u00e9 feito, via de regra, presencialmente; e<\/p>\n<p style=\"text-align: justify;\">e) que a perda da efic\u00e1cia das medidas protetivas pelo decurso do prazo sem que haja possibilidade de solicitar sua prorroga\u00e7\u00e3o colocaria a vida de muitas mulheres em risco, apresentam algumas orienta\u00e7\u00f5es e diretrizes a serem observadas por todos os Magistrados com atua\u00e7\u00e3o na \u00e1rea de viol\u00eancia dom\u00e9stica e familiar contra a mulher, conforme:<\/p>\n<p>&nbsp;<\/p>\n<p style=\"text-align: justify;\">1. As medidas protetivas em vigor ou prestes a expirar dever\u00e3o ter sua efic\u00e1cia prorrogada at\u00e9 30\/04\/2020, nos pr\u00f3prios autos e independente de manifesta\u00e7\u00e3o da v\u00edtima;<\/p>\n<p style=\"text-align: justify;\">2. Para cumprimento da decis\u00e3o de prorroga\u00e7\u00e3o da medida protetiva, poder\u00e3o ser utilizados meios alternativos de comunica\u00e7\u00e3o, tais como e-mail, whatsapp e telefone, devendo ser certificado nos autos a forma e se houve o cumprimento com a ci\u00eancia inequ\u00edvoca das partes, a fim de resguardar o contradit\u00f3rio e a ampla defesa (art. 5\u00ba, LV, da Constitui\u00e7\u00e3o Federal);<\/p>\n<p style=\"text-align: justify;\">3. Os Magistrados dever\u00e3o providenciar a ampla divulga\u00e7\u00e3o dos canais de comunica\u00e7\u00e3o, tais como telefones e outros meios de contato para den\u00fancias, pedidos de prorroga\u00e7\u00e3o de medida protetiva, d\u00favidas, entre outras solicita\u00e7\u00f5es, de forma a evitar que as v\u00edtimas, impossibilitadas de comparecer aos \u00f3rg\u00e3os de prote\u00e7\u00e3o, restem silentes;<\/p>\n<p>&nbsp;<\/p>\n<p style=\"text-align: justify;\">4. Para a divulga\u00e7\u00e3o supramencionada, sugere-se, inclusive, a divulga\u00e7\u00e3o atrav\u00e9s de jornal e\/ou r\u00e1dio local;<\/p>\n<p style=\"text-align: justify;\">5. Os Magistrados dever\u00e3o fomentar o contato com a Pol\u00edcia Militar da Comarca, a fim de solicitar a divulga\u00e7\u00e3o dos canais de comunica\u00e7\u00e3o, bem como aumento de rondas e acompanhamento atrav\u00e9s da Patrulha Maria da Penha;<\/p>\n<p style=\"text-align: justify;\">6. Sugere-se, por fim, que seja enfatizada junto \u00e0 Pol\u00edcia Civil a import\u00e2ncia de coleta dos dados corretos e atualizados dos envolvidos, tal como endere\u00e7o, telefone, celular com whatsapp e e-mail, a fim de possibilitar as comunica\u00e7\u00f5es com as partes de forma remota.<\/p>\n<p>&nbsp;<\/p>\n<p style=\"text-align: justify;\">Consigne-se, finalmente, que as medidas acima s\u00e3o imprescind\u00edveis para resguardar a integridade das v\u00edtimas e tamb\u00e9m evitar a dissemina\u00e7\u00e3o do v\u00edrus Covid-19, de forma a prestar a tutela jurisdicional de forma eficaz. \u00c0 luz, ent\u00e3o, dessas considera\u00e7\u00f5es, recomenda-se a aplica\u00e7\u00e3o das provid\u00eancias supra para impedir a contamina\u00e7\u00e3o e resguardar a efic\u00e1cia das medidas protetivas, sem colocar em risco a vida das v\u00edtimas de viol\u00eancia dom\u00e9stica. Por fim, esclarece-se que a Coordenadoria Estadual da Mulher em Situa\u00e7\u00e3o de Viol\u00eancia Dom\u00e9stica e Familiar TJES e a Supervis\u00e3o das Varas Criminais, de Execu\u00e7\u00e3o Penal e Viol\u00eancia Dom\u00e9stica est\u00e3o \u00e0 disposi\u00e7\u00e3o para auxiliar no que for preciso.<\/p>\n<p>&nbsp;<\/p>\n<p>Vit\u00f3ria\/ES, 03 de abril de 2020.<\/p>\n<p>&nbsp;<\/p>\n<p style=\"text-align: center;\"><strong>DESEMBARGADOR\u00a0FERNANDO ZARDINI ANTONIO<\/strong><\/p>\n<p style=\"text-align: center;\"><strong>\u00a0Supervisor das Varas Criminais, de Execu\u00e7\u00e3o Penal e Viol\u00eancia Dom\u00e9stica\u00a0<\/strong><\/p>\n<p style=\"text-align: center;\"><strong>JU\u00cdZA DE DIREITO\u00a0HERMINIA MARIA SILVEIRA AZOURY<\/strong><\/p>\n<p style=\"text-align: center;\"><strong>Coordenadora da Coordenadoria Estadual da Mulher em Situa\u00e7\u00e3o de Viol\u00eancia Dom\u00e9stica e Familiar<\/strong><\/p>\n","protected":false},"excerpt":{"rendered":"<p>ESTADO DO ESP\u00cdRITO SANTO PODER JUDICI\u00c1RIO TRIBUNAL DE JUSTI\u00c7A COORDENADORIA DE VIOL\u00caNCIA DOM\u00c9STICA E FAMILIAR CONTRA A MULHER ATO NORMATIVO CONJUNTO N\u00ba 012\/2020. ORIENTA\u00c7\u00c3O N. 01 DE 03 DE ABRIL DE 2020 &nbsp; ORIENTA\u00c7\u00c3O CONJUNTA SUPERVIS\u00c3O DAS VARAS CRIMINAIS, DE EXECU\u00c7\u00c3O PENAL E VIOL\u00caNCIA DOM\u00c9STICA\/COMVIDES. Orienta sobre a prorroga\u00e7\u00e3o do prazo de efic\u00e1cia das medidas [&hellip;]<\/p>\n","protected":false},"author":8,"featured_media":0,"comment_status":"closed","ping_status":"closed","sticky":false,"template":"","format":"standard","meta":{"footnotes":""},"categories":[4,14],"tags":[],"_links":{"self":[{"href":"https:\/\/www.tjes.jus.br\/corregedoria\/wp-json\/wp\/v2\/posts\/29962"}],"collection":[{"href":"https:\/\/www.tjes.jus.br\/corregedoria\/wp-json\/wp\/v2\/posts"}],"about":[{"href":"https:\/\/www.tjes.jus.br\/corregedoria\/wp-json\/wp\/v2\/types\/post"}],"author":[{"embeddable":true,"href":"https:\/\/www.tjes.jus.br\/corregedoria\/wp-json\/wp\/v2\/users\/8"}],"replies":[{"embeddable":true,"href":"https:\/\/www.tjes.jus.br\/corregedoria\/wp-json\/wp\/v2\/comments?post=29962"}],"version-history":[{"count":3,"href":"https:\/\/www.tjes.jus.br\/corregedoria\/wp-json\/wp\/v2\/posts\/29962\/revisions"}],"predecessor-version":[{"id":29970,"href":"https:\/\/www.tjes.jus.br\/corregedoria\/wp-json\/wp\/v2\/posts\/29962\/revisions\/29970"}],"wp:attachment":[{"href":"https:\/\/www.tjes.jus.br\/corregedoria\/wp-json\/wp\/v2\/media?parent=29962"}],"wp:term":[{"taxonomy":"category","embeddable":true,"href":"https:\/\/www.tjes.jus.br\/corregedoria\/wp-json\/wp\/v2\/categories?post=29962"},{"taxonomy":"post_tag","embeddable":true,"href":"https:\/\/www.tjes.jus.br\/corregedoria\/wp-json\/wp\/v2\/tags?post=29962"}],"curies":[{"name":"wp","href":"https:\/\/api.w.org\/{rel}","templated":true}]}}