{"id":29979,"date":"2020-04-15T07:58:27","date_gmt":"2020-04-15T10:58:27","guid":{"rendered":"https:\/\/www.tjes.jus.br\/corregedoria\/?p=29979"},"modified":"2020-04-16T12:53:49","modified_gmt":"2020-04-16T15:53:49","slug":"provimento-no-11-2020-disp-15-04-2020","status":"publish","type":"post","link":"https:\/\/www.tjes.jus.br\/corregedoria\/2020\/04\/15\/provimento-no-11-2020-disp-15-04-2020\/","title":{"rendered":"PROVIMENTO N\u00ba 11\/2020 \u2013 DISP. 15\/04\/2020"},"content":{"rendered":"<p style=\"text-align: center;\"><strong>PODER JUDICI\u00c1RIO DO ESTADO DO ESP\u00cdRITO SANTO &#8211; PJES<\/strong><\/p>\n<p style=\"text-align: center;\"><strong>CORREGEDORIA GERAL DA\u00a0JUSTI\u00c7A<\/strong><\/p>\n<p style=\"text-align: center;\"><strong>PROVIMENTO N\u00ba 11\/2020<\/strong><\/p>\n<p>&nbsp;<\/p>\n<p>&nbsp;<\/p>\n<p style=\"text-align: justify;\">Altera o\u00a0art. 1\u00ba, \u00a7 3\u00ba, do <a href=\"https:\/\/www.tjes.jus.br\/corregedoria\/2020\/04\/02\/provimento-cgjes-no-07-2020-disp-02-04-2020\/\">Provimento n\u00ba 7\/2020<\/a> da Corregedoria Geral da Justi\u00e7a, bem como art. 1\u00b0, \u00a7\u00a7 1\u00ba e 6\u00ba, do <a href=\"https:\/\/www.tjes.jus.br\/corregedoria\/2020\/04\/03\/provimento-no-9-2020-disp-03-04-2020\/\">Provimento n\u00ba 9\/2020<\/a> da Corregedoria Geral da Justi\u00e7a.<\/p>\n<p>&nbsp;<\/p>\n<p style=\"text-align: justify;\">O Desembargador\u00a0<strong>NEY BATISTA COUTINHO<\/strong>, Corregedor Geral da Justi\u00e7a do Estado do Esp\u00edrito Santo, no uso de suas atribui\u00e7\u00f5es legais e,<\/p>\n<p style=\"text-align: justify;\"><strong>CONSIDERANDO\u00a0<\/strong>que compete \u00e0 Corregedoria-Geral da Justi\u00e7a orientar, normatizar e fiscalizar as atividades das serventias extrajudiciais;<\/p>\n<p style=\"text-align: justify;\"><strong>CONSIDERANDO<\/strong>\u00a0os requerimentos apresentados pelo Sindicato\u00a0dos Not\u00e1rios e Registradores do Estado do Esp\u00edrito Santo &#8211; SINOREG\/ES\u00a0por meio dos Of\u00edcios n\u00ba 17\/2020 e n\u00ba 18\/2020 (processo SEI n\u00ba 7001940-81.2020.8.08.0000);<\/p>\n<p><strong>RESOLVE:<\/strong><\/p>\n<p>&nbsp;<\/p>\n<p><strong>Art. 1\u00ba.<\/strong>\u00a0Alterar o art. 1\u00ba, \u00a7 3\u00ba, do <a href=\"https:\/\/www.tjes.jus.br\/corregedoria\/2020\/04\/02\/provimento-cgjes-no-07-2020-disp-02-04-2020\/\">Provimento n\u00ba 7\/2020<\/a> desta Corregedoria Geral da Justi\u00e7a, que passar\u00e1 a conter a seguinte reda\u00e7\u00e3o:<\/p>\n<p>&nbsp;<\/p>\n<p><em>Art. 1\u00ba. [&#8230;]<\/em><\/p>\n<p style=\"text-align: justify;\"><em>\u00a7 3\u00ba.\u00a0O plant\u00e3o a\u00a0dist\u00e2ncia ser\u00e1 efetivado durante o per\u00edodo normal de expediente e o plant\u00e3o presencial, quando excepcionalmente for necess\u00e1rio, ter\u00e1 dura\u00e7\u00e3o n\u00e3o inferior a duas horas, devendo o delegat\u00e1rio respons\u00e1vel\u00a0informar o hor\u00e1rio \u00e0 Corregedoria Geral da Justi\u00e7a e divulgar aos usu\u00e1rios do servi\u00e7o, bem como promover o atendimento com observ\u00e2ncia as\u00a0orienta\u00e7\u00f5es determinadas\u00a0pelas autoridades sanit\u00e1rias.<\/em><\/p>\n<p style=\"text-align: justify;\"><strong>Art. 2\u00ba.<\/strong>\u00a0Alterar o art. 1\u00ba, \u00a7\u00a7 1\u00ba e 6\u00ba, do <a href=\"https:\/\/www.tjes.jus.br\/corregedoria\/2020\/04\/03\/provimento-no-9-2020-disp-03-04-2020\/\">Provimento n\u00ba 9\/2020<\/a> desta Corregedoria Geral da Justi\u00e7a, que passar\u00e3o a conter a seguinte reda\u00e7\u00e3o:<\/p>\n<p style=\"text-align: justify;\"><em>Art. 1\u00ba. [&#8230;]<\/em><\/p>\n<p style=\"text-align: left;\"><em>\u00a7 1\u00ba.\u00a0Caber\u00e1 aos respons\u00e1veis pelos servi\u00e7os extrajudiciais informarem aos usu\u00e1rios a utiliza\u00e7\u00e3o das plataformas digitais dos servi\u00e7os notariais e registrais\u00a0atrav\u00e9s dos sites\u00a0<a href=\"http:\/\/www.registradores.org.br\/\" target=\"_blank\" rel=\"noopener\">www.registradores.org.br<\/a>,\u00a0<a href=\"http:\/\/www.cenprotnacional.org.br\/\" target=\"_blank\" rel=\"noopener\">www.cenprotnacional.org.br<\/a>,\u00a0www.pesquisaprotesto.com.br, www.registrocivil.org.br, www.rtdbrasil.org.br, www.censec.org.br e www.registrodeimoveis.org.br.<\/em><\/p>\n<p style=\"text-align: justify;\"><em>[&#8230;]<\/em><\/p>\n<p>&nbsp;<\/p>\n<p style=\"text-align: justify;\"><em>\u00a7 6\u00ba.\u00a0O plant\u00e3o a dist\u00e2ncia nas unidades dos servi\u00e7os de notas e registro ocorrer\u00e1 no expediente normal de funcionamento e\u00a0o plant\u00e3o presencial, quando excepcionalmente for necess\u00e1rio, ter\u00e1 dura\u00e7\u00e3o n\u00e3o inferior a duas horas,\u00a0devendo o delegat\u00e1rio respons\u00e1vel\u00a0informar o hor\u00e1rio \u00e0 Corregedoria Geral da Justi\u00e7a e divulgar aos usu\u00e1rios do servi\u00e7o, bem como promover o atendimento com observ\u00e2ncia as\u00a0orienta\u00e7\u00f5es determinadas\u00a0pelas autoridades sanit\u00e1rias.<\/em><\/p>\n<p>&nbsp;<\/p>\n<p style=\"text-align: justify;\"><strong>Art. 3\u00ba.<\/strong>\u00a0Este Provimento entrar\u00e1 em vigor na data de sua publica\u00e7\u00e3o.<\/p>\n<p>&nbsp;<\/p>\n<p><strong>Publique-se.<\/strong><\/p>\n<p>Vit\u00f3ria\/ES, 14 de abril de 2020.<\/p>\n<p>&nbsp;<\/p>\n<p style=\"text-align: center;\"><strong>DES. NEY BATISTA COUTINHO<\/strong><\/p>\n<p style=\"text-align: center;\"><strong>Corregedor Geral da Justi\u00e7a<\/strong><\/p>\n<div id=\"icpbravoaccess_loaded\" class=\"override-text\" style=\"text-align: center;\"><\/div>\n","protected":false},"excerpt":{"rendered":"<p>PODER JUDICI\u00c1RIO DO ESTADO DO ESP\u00cdRITO SANTO &#8211; PJES CORREGEDORIA GERAL DA\u00a0JUSTI\u00c7A PROVIMENTO N\u00ba 11\/2020 &nbsp; &nbsp; Altera o\u00a0art. 1\u00ba, \u00a7 3\u00ba, do Provimento n\u00ba 7\/2020 da Corregedoria Geral da Justi\u00e7a, bem como art. 1\u00b0, \u00a7\u00a7 1\u00ba e 6\u00ba, do Provimento n\u00ba 9\/2020 da Corregedoria Geral da Justi\u00e7a. &nbsp; O Desembargador\u00a0NEY BATISTA COUTINHO, Corregedor Geral [&hellip;]<\/p>\n","protected":false},"author":8,"featured_media":0,"comment_status":"closed","ping_status":"closed","sticky":false,"template":"","format":"standard","meta":{"footnotes":""},"categories":[14,16],"tags":[],"_links":{"self":[{"href":"https:\/\/www.tjes.jus.br\/corregedoria\/wp-json\/wp\/v2\/posts\/29979"}],"collection":[{"href":"https:\/\/www.tjes.jus.br\/corregedoria\/wp-json\/wp\/v2\/posts"}],"about":[{"href":"https:\/\/www.tjes.jus.br\/corregedoria\/wp-json\/wp\/v2\/types\/post"}],"author":[{"embeddable":true,"href":"https:\/\/www.tjes.jus.br\/corregedoria\/wp-json\/wp\/v2\/users\/8"}],"replies":[{"embeddable":true,"href":"https:\/\/www.tjes.jus.br\/corregedoria\/wp-json\/wp\/v2\/comments?post=29979"}],"version-history":[{"count":4,"href":"https:\/\/www.tjes.jus.br\/corregedoria\/wp-json\/wp\/v2\/posts\/29979\/revisions"}],"predecessor-version":[{"id":29983,"href":"https:\/\/www.tjes.jus.br\/corregedoria\/wp-json\/wp\/v2\/posts\/29979\/revisions\/29983"}],"wp:attachment":[{"href":"https:\/\/www.tjes.jus.br\/corregedoria\/wp-json\/wp\/v2\/media?parent=29979"}],"wp:term":[{"taxonomy":"category","embeddable":true,"href":"https:\/\/www.tjes.jus.br\/corregedoria\/wp-json\/wp\/v2\/categories?post=29979"},{"taxonomy":"post_tag","embeddable":true,"href":"https:\/\/www.tjes.jus.br\/corregedoria\/wp-json\/wp\/v2\/tags?post=29979"}],"curies":[{"name":"wp","href":"https:\/\/api.w.org\/{rel}","templated":true}]}}