{"id":30024,"date":"2020-04-28T12:39:31","date_gmt":"2020-04-28T15:39:31","guid":{"rendered":"https:\/\/www.tjes.jus.br\/corregedoria\/?p=30024"},"modified":"2020-04-28T12:59:58","modified_gmt":"2020-04-28T15:59:58","slug":"ato-normativo-conjunto-no-014-2020-disp-28-04-2020","status":"publish","type":"post","link":"https:\/\/www.tjes.jus.br\/corregedoria\/2020\/04\/28\/ato-normativo-conjunto-no-014-2020-disp-28-04-2020\/","title":{"rendered":"ATO NORMATIVO CONJUNTO N\u00ba 014\/ 2020 \u2013 DISP. 28\/04\/2020"},"content":{"rendered":"<div class=\"publicacao-text override-text\">\n<p style=\"text-align: center;\"><strong>PODER JUDICI\u00c1RIO DO ESTADO DO ESP\u00cdRITO SANTO &#8211; PJES<\/strong><\/p>\n<p style=\"text-align: center;\"><strong>RUA DESEMBARGADOR HOMERO MAFRA,60 &#8211; Bairro ENSEADA DO SU\u00c1 &#8211; CEP 29050906 &#8211; Vit\u00f3ria &#8211; ES &#8211; www.tjes.jus.br<\/strong><\/p>\n<\/div>\n<p>&nbsp;<\/p>\n<p align=\"center\"><strong>ATO NORMATIVO CONJUNTO n\u00ba 014\/2020<\/strong><\/p>\n<p align=\"center\">\n<p align=\"justify\">Prorroga o recesso remunerado (f\u00e9rias) dos estagi\u00e1rios do Poder Judici\u00e1rio Estadual enquanto vigorar o regime de Plant\u00e3o Extraordin\u00e1rio estabelecido em virtude da doen\u00e7a COVID-19.<\/p>\n<p align=\"justify\">O EXCELENT\u00cdSSIMO SENHOR DESEMBARGADOR RONALDO GON\u00c7ALVES DE SOUSA, PRESIDENTE DO EGR\u00c9GIO TRIBUNAL DE JUSTI\u00c7A DO ESTADO DO ESP\u00cdRITO SANTO E O EXCELENT\u00cdSSIMO SENHOR DESEMBARGADOR NEY BATISTA COUTINHO, CORREGEDOR-GERAL DA JUSTI\u00c7A, NO USO DE SUAS ATRIBUI\u00c7\u00d5ES LEGAIS,<\/p>\n<p style=\"text-align: justify;\" align=\"justify\">CONSIDERANDO a Resolu\u00e7\u00e3o n\u00ba 314, de 20 de abril de 2020, do Conselho Nacional de Justi\u00e7a, que prorrogou o regime diferenciado de trabalho, para auxiliar no enfrentamento da pandemia de COVID-19;<\/p>\n<p style=\"text-align: justify;\" align=\"justify\">CONSIDERANDO o <a href=\"https:\/\/www.tjes.jus.br\/corregedoria\/2020\/04\/03\/ato-normativo-conjunto-no-010-2020-disp-03-04-2020\/\">Ato Normativo Conjunto TJES\/CGJES n. 10\/2020<\/a>, que disp\u00f5e sobre o recesso remunerado (f\u00e9rias) dos estagi\u00e1rios do PJES enquanto vigorar o regime de trabalho diferenciado estabelecido em virtude da pandemia de COVID-19;<\/p>\n<p align=\"justify\">CONSIDERANDO a necessidade de adaptar o referido Ato Normativo Conjunto;<\/p>\n<p align=\"justify\">RESOLVEM:<\/p>\n<p align=\"justify\">Art. 1\u00b0. O recesso remunerado (f\u00e9rias) concedido aos estagi\u00e1rios do Poder Judici\u00e1rio Estadual, sejam de gradua\u00e7\u00e3o, concilia\u00e7\u00e3o e p\u00f3s-gradua\u00e7\u00e3o, dever\u00e1 ser estendido at\u00e9 o dia 15 de maio de 2020, desde que o referido estagi\u00e1rio tenha:<\/p>\n<p align=\"justify\">I- dias de recesso remunerado (f\u00e9rias) para serem gozados;<\/p>\n<p align=\"justify\">II- per\u00edodos aquisitivos em curso;<\/p>\n<p align=\"justify\">III- per\u00edodos aquisitivos ainda por se implementar.<\/p>\n<p align=\"justify\">Art. 2<sup>o<\/sup>. Caso o contrato do estagi\u00e1rio de gradua\u00e7\u00e3o ou do estagi\u00e1rio de concilia\u00e7\u00e3o se encerre durante o per\u00edodo de regime diferenciado de trabalho previsto nas Resolu\u00e7\u00f5es CNJ n<sup>o<\/sup><sup>s<\/sup>. 313\/2020 e 314\/2020, ou outras que lhe prorroguem, n\u00e3o haver\u00e1 substitui\u00e7\u00e3o at\u00e9 o t\u00e9rmino do referido regime.<\/p>\n<p align=\"justify\">Art. 3<sup>o<\/sup>. Ficam mantidas as demais disposi\u00e7\u00f5es do <a href=\"https:\/\/www.tjes.jus.br\/corregedoria\/2020\/04\/03\/ato-normativo-conjunto-no-010-2020-disp-03-04-2020\/\">Ato Normativo Conjunto TJES\/CGJES n<sup>o<\/sup>\u00a010\/2020.<\/a><\/p>\n<p align=\"justify\">Art. 4<sup>o\u00a0<\/sup>. Este Ato Normativo Conjunto entra em vigor na data de disponibiliza\u00e7\u00e3o no DJe.<\/p>\n<p align=\"justify\">PUBLIQUE-SE.<\/p>\n<p style=\"text-align: left;\" align=\"center\">Vit\u00f3ria\/ES, 27 de abril de 2020.<\/p>\n<p align=\"center\"><strong>Desembargador RONALDO GON\u00c7ALVES DE SOUSA<\/strong><\/p>\n<p align=\"center\"><strong>Presidente do E. TJES<\/strong><\/p>\n<p align=\"center\"><strong>Desembargador NEY BATISTA COUTINHO<\/strong><\/p>\n<p align=\"center\"><strong>Corregedor-Geral da Justi\u00e7a<\/strong><\/p>\n","protected":false},"excerpt":{"rendered":"<p>PODER JUDICI\u00c1RIO DO ESTADO DO ESP\u00cdRITO SANTO &#8211; PJES RUA DESEMBARGADOR HOMERO MAFRA,60 &#8211; Bairro ENSEADA DO SU\u00c1 &#8211; CEP 29050906 &#8211; Vit\u00f3ria &#8211; ES &#8211; www.tjes.jus.br &nbsp; ATO NORMATIVO CONJUNTO n\u00ba 014\/2020 Prorroga o recesso remunerado (f\u00e9rias) dos estagi\u00e1rios do Poder Judici\u00e1rio Estadual enquanto vigorar o regime de Plant\u00e3o Extraordin\u00e1rio estabelecido em virtude da [&hellip;]<\/p>\n","protected":false},"author":8,"featured_media":0,"comment_status":"closed","ping_status":"closed","sticky":false,"template":"","format":"standard","meta":{"footnotes":""},"categories":[4,14],"tags":[],"_links":{"self":[{"href":"https:\/\/www.tjes.jus.br\/corregedoria\/wp-json\/wp\/v2\/posts\/30024"}],"collection":[{"href":"https:\/\/www.tjes.jus.br\/corregedoria\/wp-json\/wp\/v2\/posts"}],"about":[{"href":"https:\/\/www.tjes.jus.br\/corregedoria\/wp-json\/wp\/v2\/types\/post"}],"author":[{"embeddable":true,"href":"https:\/\/www.tjes.jus.br\/corregedoria\/wp-json\/wp\/v2\/users\/8"}],"replies":[{"embeddable":true,"href":"https:\/\/www.tjes.jus.br\/corregedoria\/wp-json\/wp\/v2\/comments?post=30024"}],"version-history":[{"count":5,"href":"https:\/\/www.tjes.jus.br\/corregedoria\/wp-json\/wp\/v2\/posts\/30024\/revisions"}],"predecessor-version":[{"id":30038,"href":"https:\/\/www.tjes.jus.br\/corregedoria\/wp-json\/wp\/v2\/posts\/30024\/revisions\/30038"}],"wp:attachment":[{"href":"https:\/\/www.tjes.jus.br\/corregedoria\/wp-json\/wp\/v2\/media?parent=30024"}],"wp:term":[{"taxonomy":"category","embeddable":true,"href":"https:\/\/www.tjes.jus.br\/corregedoria\/wp-json\/wp\/v2\/categories?post=30024"},{"taxonomy":"post_tag","embeddable":true,"href":"https:\/\/www.tjes.jus.br\/corregedoria\/wp-json\/wp\/v2\/tags?post=30024"}],"curies":[{"name":"wp","href":"https:\/\/api.w.org\/{rel}","templated":true}]}}