{"id":30048,"date":"2020-04-29T12:24:42","date_gmt":"2020-04-29T15:24:42","guid":{"rendered":"https:\/\/www.tjes.jus.br\/corregedoria\/?p=30048"},"modified":"2020-04-29T12:24:42","modified_gmt":"2020-04-29T15:24:42","slug":"provimento-no-13-2020-disp-29-04-2020","status":"publish","type":"post","link":"https:\/\/www.tjes.jus.br\/corregedoria\/2020\/04\/29\/provimento-no-13-2020-disp-29-04-2020\/","title":{"rendered":"PROVIMENTO N\u00ba 13\/2020 \u2013 DISP. 29\/04\/2020"},"content":{"rendered":"<p style=\"text-align: center;\"><strong>PODER JUDICI\u00c1RIO DO ESTADO DO ESP\u00cdRITO SANTO &#8211; PJES<\/strong><\/p>\n<p style=\"text-align: center;\"><strong>CORREGEDORIA GERAL DA\u00a0JUSTI\u00c7A<\/strong><\/p>\n<p style=\"text-align: center;\">\n<p style=\"text-align: center;\"><strong>PROVIMENTO N\u00ba 13\/2020<\/strong><\/p>\n<p>&nbsp;<\/p>\n<p>Prorroga o prazo de vig\u00eancia dos <a href=\"https:\/\/www.tjes.jus.br\/corregedoria\/2020\/04\/02\/provimento-cgjes-no-07-2020-disp-02-04-2020\/\">Provimentos n\u00ba 7\/2020<\/a>, <a href=\"https:\/\/www.tjes.jus.br\/corregedoria\/2020\/04\/02\/provimento-no-08-2020-disp-02-04-2020\/\">n\u00ba 8\/2020<\/a> e <a href=\"https:\/\/www.tjes.jus.br\/corregedoria\/2020\/04\/03\/provimento-no-9-2020-disp-03-04-2020\/\">n\u00ba 9\/2020<\/a>, todos desta Corregedoria Geral da Justi\u00e7a e d\u00e1 outras provid\u00eancias.<\/p>\n<p>&nbsp;<\/p>\n<p style=\"text-align: justify;\">O Desembargador\u00a0<strong>NEY BATISTA COUTINHO<\/strong>, Corregedor Geral da Justi\u00e7a do Estado do Esp\u00edrito Santo, no uso de suas atribui\u00e7\u00f5es legais e,<\/p>\n<p style=\"text-align: justify;\">\n<p style=\"text-align: justify;\"><strong>CONSIDERANDO\u00a0<\/strong>que compete \u00e0 Corregedoria Geral da orientar, normatizar e fiscalizar as atividades das serventias extrajudiciais;<\/p>\n<p style=\"text-align: justify;\">\n<p style=\"text-align: justify;\"><strong>CONSIDERANDO<\/strong>\u00a0os termos da Resolu\u00e7\u00e3o n\u00ba 314, publicada em 20 de abril de 2020, pelo Conselho Nacional de Justi\u00e7a;<\/p>\n<p style=\"text-align: justify;\">\n<p style=\"text-align: justify;\"><strong>CONSIDERANDO<\/strong>\u00a0os termos do Provimento n\u00ba 96, publicado em 27 de abril de 2020, pela Corregedoria Nacional de Justi\u00e7a;<\/p>\n<p style=\"text-align: justify;\">\n<p><strong>RESOLVE:<\/strong><\/p>\n<p>&nbsp;<\/p>\n<p style=\"text-align: justify;\"><strong>Art. 1\u00ba.<\/strong>\u00a0Fica prorrogado para o dia 15 de maio de 2020 o prazo de vig\u00eancia dos <a href=\"https:\/\/www.tjes.jus.br\/corregedoria\/2020\/04\/02\/provimento-cgjes-no-07-2020-disp-02-04-2020\/\">Provimentos n\u00ba 7\/2020<\/a>, <a href=\"https:\/\/www.tjes.jus.br\/corregedoria\/2020\/04\/02\/provimento-no-08-2020-disp-02-04-2020\/\">n\u00ba 8\/2020<\/a> e n\u00ba <a href=\"https:\/\/www.tjes.jus.br\/corregedoria\/2020\/04\/03\/provimento-no-9-2020-disp-03-04-2020\/\">9\/2020<\/a>, todos desta Corregedoria Geral da Justi\u00e7a, que poder\u00e1 ser ampliado ou reduzido por ato deste \u00f3rg\u00e3o censor em conson\u00e2ncia com a colenda Corregedoria Nacional de Justi\u00e7a, caso necess\u00e1rio.<\/p>\n<p style=\"text-align: justify;\">\n<p style=\"text-align: justify;\"><strong>Art. 2\u00ba.<\/strong>\u00a0Os casos omissos e eventuais d\u00favidas ser\u00e3o decididos pelo Corregedor Geral da Justi\u00e7a.<\/p>\n<p style=\"text-align: justify;\">\n<p style=\"text-align: justify;\"><strong>Art. 3\u00ba.<\/strong>\u00a0Este Provimento entrar\u00e1 em vigor a partir de 1\u00ba de maio de 2020.<\/p>\n<p>&nbsp;<\/p>\n<p><strong>Publique-se.<\/strong><\/p>\n<p>&nbsp;<\/p>\n<p>Vit\u00f3ria\/ES, 28\u00a0de abril de 2020.<\/p>\n<p>&nbsp;<\/p>\n<p style=\"text-align: center;\"><strong>DES. NEY BATISTA COUTINHO<\/strong><\/p>\n<p style=\"text-align: center;\"><strong>Corregedor Geral da Justi\u00e7a<\/strong><\/p>\n","protected":false},"excerpt":{"rendered":"<p>PODER JUDICI\u00c1RIO DO ESTADO DO ESP\u00cdRITO SANTO &#8211; PJES CORREGEDORIA GERAL DA\u00a0JUSTI\u00c7A PROVIMENTO N\u00ba 13\/2020 &nbsp; Prorroga o prazo de vig\u00eancia dos Provimentos n\u00ba 7\/2020, n\u00ba 8\/2020 e n\u00ba 9\/2020, todos desta Corregedoria Geral da Justi\u00e7a e d\u00e1 outras provid\u00eancias. &nbsp; O Desembargador\u00a0NEY BATISTA COUTINHO, Corregedor Geral da Justi\u00e7a do Estado do Esp\u00edrito Santo, no [&hellip;]<\/p>\n","protected":false},"author":8,"featured_media":0,"comment_status":"closed","ping_status":"closed","sticky":false,"template":"","format":"standard","meta":{"footnotes":""},"categories":[14,16],"tags":[],"_links":{"self":[{"href":"https:\/\/www.tjes.jus.br\/corregedoria\/wp-json\/wp\/v2\/posts\/30048"}],"collection":[{"href":"https:\/\/www.tjes.jus.br\/corregedoria\/wp-json\/wp\/v2\/posts"}],"about":[{"href":"https:\/\/www.tjes.jus.br\/corregedoria\/wp-json\/wp\/v2\/types\/post"}],"author":[{"embeddable":true,"href":"https:\/\/www.tjes.jus.br\/corregedoria\/wp-json\/wp\/v2\/users\/8"}],"replies":[{"embeddable":true,"href":"https:\/\/www.tjes.jus.br\/corregedoria\/wp-json\/wp\/v2\/comments?post=30048"}],"version-history":[{"count":1,"href":"https:\/\/www.tjes.jus.br\/corregedoria\/wp-json\/wp\/v2\/posts\/30048\/revisions"}],"predecessor-version":[{"id":30049,"href":"https:\/\/www.tjes.jus.br\/corregedoria\/wp-json\/wp\/v2\/posts\/30048\/revisions\/30049"}],"wp:attachment":[{"href":"https:\/\/www.tjes.jus.br\/corregedoria\/wp-json\/wp\/v2\/media?parent=30048"}],"wp:term":[{"taxonomy":"category","embeddable":true,"href":"https:\/\/www.tjes.jus.br\/corregedoria\/wp-json\/wp\/v2\/categories?post=30048"},{"taxonomy":"post_tag","embeddable":true,"href":"https:\/\/www.tjes.jus.br\/corregedoria\/wp-json\/wp\/v2\/tags?post=30048"}],"curies":[{"name":"wp","href":"https:\/\/api.w.org\/{rel}","templated":true}]}}