{"id":30054,"date":"2020-04-29T12:44:38","date_gmt":"2020-04-29T15:44:38","guid":{"rendered":"https:\/\/www.tjes.jus.br\/corregedoria\/?p=30054"},"modified":"2020-04-29T12:48:23","modified_gmt":"2020-04-29T15:48:23","slug":"portaria-no-005-2020-disp-29-04-2020","status":"publish","type":"post","link":"https:\/\/www.tjes.jus.br\/corregedoria\/2020\/04\/29\/portaria-no-005-2020-disp-29-04-2020\/","title":{"rendered":"PORTARIA N\u00ba 005\/2020 \u2013 DISP. 29\/04\/2020"},"content":{"rendered":"<p style=\"text-align: center;\"><strong>PORTARIA N\u00ba 005\/2020<\/strong><\/p>\n<p><em><strong>\u00a0 \u00a0 \u00a0 \u00a0 \u00a0 \u00a0 \u00a0 \u00a0 \u00a0 \u00a0 \u00a0 \u00a0 \u00a0 \u00a0 \u00a0 \u00a0 \u00a0 \u00a0 \u00a0 \u00a0 \u00a0 \u00a0 \u00a0 \u00a0 \u00a0 \u00a0 \u00a0 \u00a0 \u00a0 \u00a0 \u00a0 \u00a0 \u00a0 \u00a0 \u00a0 \u00a0 \u00a0 \u00a0 \u00a0 \u00a0 \u00a0 \u00a0 \u00a0 \u00a0 \u00a0 \u00a0 \u00a0 \u00a0 \u00a0<\/strong><\/em><\/p>\n<p style=\"text-align: justify;\"><em>Converte em virtuais as correi\u00e7\u00f5es ordin\u00e1rias previstas para os meses de mar\u00e7o, abril e maio de 2020 por meio da <a href=\"https:\/\/www.tjes.jus.br\/corregedoria\/2020\/02\/05\/portaria-no-002-2020-disp-05-02-2020\/\">Portaria n\u00ba 002\/2020<\/a>, em decorr\u00eancia da infec\u00e7\u00e3o humana pelo novo Coronav\u00edrus (Sars-Cov-2) e d\u00e1 outras provid\u00eancias.<\/em><\/p>\n<p style=\"text-align: justify;\">O Desembargador\u00a0<strong>Ney Batista Coutinho<\/strong>, Corregedor Geral da Justi\u00e7a do Estado do Esp\u00edrito Santo, no uso de suas atribui\u00e7\u00f5es legais e,<\/p>\n<p style=\"text-align: justify;\"><strong>CONSIDERANDO<\/strong>\u00a0que a classifica\u00e7\u00e3o da situa\u00e7\u00e3o mundial da COVID-19 como pandemia significa o risco potencial de a doen\u00e7a infecciosa atingir a popula\u00e7\u00e3o mundial de forma simult\u00e2nea, n\u00e3o se limitando aos locais que j\u00e1 tenham sido identificados como de transmiss\u00e3o interna, tal como previsto pelo Decreto Estadual n\u00ba 4593-R\/2020 e suas sucessivas prorroga\u00e7\u00f5es;<\/p>\n<p style=\"text-align: justify;\"><strong>CONSIDERANDO\u00a0<\/strong>a necessidade de conter a propaga\u00e7\u00e3o da doen\u00e7a, a transmiss\u00e3o local, a preserva\u00e7\u00e3o da sa\u00fade dos magistrados, servidores, colaboradores, estagi\u00e1rios e terceirizados vinculados \u00e0 Corregedoria Geral de Justi\u00e7a deste Estado, assim como daqueles tamb\u00e9m vinculados \u00e0s unidades judici\u00e1rias a serem correicionadas;<\/p>\n<p style=\"text-align: justify;\"><strong>CONSIDERANDO\u00a0<\/strong>que, no momento, a realiza\u00e7\u00e3o de correi\u00e7\u00f5es ordin\u00e1rias\/presencias, tal como previstas na <a href=\"https:\/\/www.tjes.jus.br\/corregedoria\/2020\/02\/05\/portaria-no-002-2020-disp-05-02-2020\/\">Portaria 002\/2020<\/a> desta Corregedoria Geral de Justi\u00e7a, representaria inobserv\u00e2ncia das regras de conten\u00e7\u00e3o da propaga\u00e7\u00e3o do novo Coronav\u00edrus;<\/p>\n<p style=\"text-align: justify;\"><strong>CONSIDERANDO\u00a0<\/strong>a possibilidade de altera\u00e7\u00e3o dos per\u00edodos e forma de correi\u00e7\u00f5es nas unidades judici\u00e1rias, isto em raz\u00e3o de fatores externos e n\u00e3o previstos quando da elabora\u00e7\u00e3o do cronograma, na forma do par\u00e1grafo \u00fanico, do art. 1\u00ba, da <a href=\"https:\/\/www.tjes.jus.br\/corregedoria\/2020\/02\/05\/portaria-no-002-2020-disp-05-02-2020\/\">Portaria 002\/2020<\/a>, da Corregedoria Geral da Justi\u00e7a;<\/p>\n<p style=\"text-align: justify;\"><strong>CONSIDERANDO<\/strong>, por fim, a necessidade da continuidade dos trabalhos correicionais, que podem ser realizados na modalidade virtual, tal como prev\u00ea o art. 11, inciso III, do C\u00f3digo de Normas;<\/p>\n<p style=\"text-align: justify;\"><strong>RESOLVE:<\/strong><\/p>\n<p style=\"text-align: justify;\"><strong>Art. 1\u00ba.\u00a0<\/strong>As correi\u00e7\u00f5es ordin\u00e1rias ficam convertidas em correi\u00e7\u00f5es virtuais nas seguintes unidades judici\u00e1rias:<\/p>\n<p style=\"text-align: justify;\"><strong>I \u2013\u00a0<\/strong>Vara \u00danica da Comarca de Ecoporanga;<\/p>\n<p style=\"text-align: justify;\"><strong>II \u2013\u00a0<\/strong>1\u00ba Juizado Especial C\u00edvel da Comarca de Guarapari;<\/p>\n<p style=\"text-align: justify;\"><strong>III \u2013\u00a0<\/strong>2\u00ba Juizado Especial C\u00edvel da Comarca de Guarapari;<\/p>\n<p style=\"text-align: justify;\"><strong>IV \u2013\u00a0<\/strong>Juizado Especial Criminal e da Fazenda P\u00fablica da Comarca Guarapari;<\/p>\n<p style=\"text-align: justify;\"><strong>V &#8211;\u00a0<\/strong>Vara da Fazenda P\u00fablica Estadual, Municipal, Registros P\u00fablicos e Meio Ambiente da Comarca de Guarapari;<\/p>\n<p style=\"text-align: justify;\"><strong>VI \u2013<\/strong>\u00a0Juizado Especial C\u00edvel, Criminal e da Fazenda P\u00fablica da Comarca de Itapemirim.<\/p>\n<p style=\"text-align: justify;\"><strong>Art. 2\u00ba.\u00a0<\/strong>As correi\u00e7\u00f5es previstas no art. 1\u00ba ser\u00e3o todas realizadas no m\u00eas de maio de 2020, sem preju\u00edzo das j\u00e1 previstas para o mesmo per\u00edodo, mediante pr\u00e9via publica\u00e7\u00e3o dos editais, na forma do par\u00e1grafo 5\u00ba, do art. 11, do C\u00f3digo de Normas.<\/p>\n<p style=\"text-align: justify;\"><strong>Art. 3\u00ba.\u00a0<\/strong>A crit\u00e9rio do Corregedor Geral da Justi\u00e7a, as unidades objeto da presente Portaria poder\u00e3o ser posteriormente visitadas pela equipe da CGJ para a coleta de outros dados necess\u00e1rios para a melhor adequa\u00e7\u00e3o dos servi\u00e7os judici\u00e1rios.<\/p>\n<p style=\"text-align: justify;\"><strong>Art. 4\u00ba.\u00a0<\/strong>Ficam mantidos os per\u00edodos e modalidades de correi\u00e7\u00f5es das unidades judici\u00e1rias n\u00e3o abrangidas pela presente, na forma j\u00e1 estabelecida pela <a href=\"https:\/\/www.tjes.jus.br\/corregedoria\/2020\/02\/05\/portaria-no-002-2020-disp-05-02-2020\/\">Portaria 002\/2020 da CGJ\/ES<\/a>, podendo sofrer altera\u00e7\u00f5es em caso de manuten\u00e7\u00e3o da situa\u00e7\u00e3o de emerg\u00eancia em sa\u00fade p\u00fablica ou por outros fatores externos e imprevis\u00edveis.<\/p>\n<p style=\"text-align: justify;\"><strong>Art. 5\u00ba.\u00a0<\/strong>Os casos omissos ser\u00e3o resolvidos pelo Corregedor Geral da Justi\u00e7a.<\/p>\n<p style=\"text-align: justify;\"><strong>Art. 6\u00ba.\u00a0<\/strong>Esta Portaria entra em vigor na data de sua publica\u00e7\u00e3o.<\/p>\n<p>&nbsp;<\/p>\n<p>Vit\u00f3ria, 28 de abril de 2020.<\/p>\n<p>&nbsp;<\/p>\n<p style=\"text-align: center;\"><strong>DESEMBARGADOR NEY BATISTA COUTINHO<\/strong><\/p>\n<p style=\"text-align: center;\"><strong>CORREGEDOR GERAL DA JUSTI\u00c7A<\/strong><\/p>\n","protected":false},"excerpt":{"rendered":"<p>PORTARIA N\u00ba 005\/2020 \u00a0 \u00a0 \u00a0 \u00a0 \u00a0 \u00a0 \u00a0 \u00a0 \u00a0 \u00a0 \u00a0 \u00a0 \u00a0 \u00a0 \u00a0 \u00a0 \u00a0 \u00a0 \u00a0 \u00a0 \u00a0 \u00a0 \u00a0 \u00a0 \u00a0 \u00a0 \u00a0 \u00a0 \u00a0 \u00a0 \u00a0 \u00a0 \u00a0 \u00a0 \u00a0 \u00a0 \u00a0 \u00a0 \u00a0 \u00a0 \u00a0 \u00a0 \u00a0 \u00a0 \u00a0 \u00a0 \u00a0 \u00a0 \u00a0 Converte em virtuais [&hellip;]<\/p>\n","protected":false},"author":8,"featured_media":0,"comment_status":"closed","ping_status":"closed","sticky":false,"template":"","format":"standard","meta":{"footnotes":""},"categories":[14,6],"tags":[],"_links":{"self":[{"href":"https:\/\/www.tjes.jus.br\/corregedoria\/wp-json\/wp\/v2\/posts\/30054"}],"collection":[{"href":"https:\/\/www.tjes.jus.br\/corregedoria\/wp-json\/wp\/v2\/posts"}],"about":[{"href":"https:\/\/www.tjes.jus.br\/corregedoria\/wp-json\/wp\/v2\/types\/post"}],"author":[{"embeddable":true,"href":"https:\/\/www.tjes.jus.br\/corregedoria\/wp-json\/wp\/v2\/users\/8"}],"replies":[{"embeddable":true,"href":"https:\/\/www.tjes.jus.br\/corregedoria\/wp-json\/wp\/v2\/comments?post=30054"}],"version-history":[{"count":2,"href":"https:\/\/www.tjes.jus.br\/corregedoria\/wp-json\/wp\/v2\/posts\/30054\/revisions"}],"predecessor-version":[{"id":30057,"href":"https:\/\/www.tjes.jus.br\/corregedoria\/wp-json\/wp\/v2\/posts\/30054\/revisions\/30057"}],"wp:attachment":[{"href":"https:\/\/www.tjes.jus.br\/corregedoria\/wp-json\/wp\/v2\/media?parent=30054"}],"wp:term":[{"taxonomy":"category","embeddable":true,"href":"https:\/\/www.tjes.jus.br\/corregedoria\/wp-json\/wp\/v2\/categories?post=30054"},{"taxonomy":"post_tag","embeddable":true,"href":"https:\/\/www.tjes.jus.br\/corregedoria\/wp-json\/wp\/v2\/tags?post=30054"}],"curies":[{"name":"wp","href":"https:\/\/api.w.org\/{rel}","templated":true}]}}