{"id":30085,"date":"2020-05-07T14:22:44","date_gmt":"2020-05-07T17:22:44","guid":{"rendered":"https:\/\/www.tjes.jus.br\/corregedoria\/?p=30085"},"modified":"2020-05-07T14:28:11","modified_gmt":"2020-05-07T17:28:11","slug":"oficio-circular-cgjes-conjunto-disp-07-05-2020","status":"publish","type":"post","link":"https:\/\/www.tjes.jus.br\/corregedoria\/2020\/05\/07\/oficio-circular-cgjes-conjunto-disp-07-05-2020\/","title":{"rendered":"OF\u00cdCIO CIRCULAR CGJES CONJUNTO \u2013 DISP. 07\/05\/2020"},"content":{"rendered":"<p style=\"text-align: center;\"><strong>PODER JUDICI\u00c1RIO DO ESTADO DO ESP\u00cdRITO SANTO<\/strong><\/p>\n<p>&nbsp;<\/p>\n<p style=\"text-align: center;\"><strong>OF\u00cdCIO-CIRCULAR CONJUNTO<\/strong><\/p>\n<p>&nbsp;<\/p>\n<p style=\"text-align: justify;\">Os Exmos. Srs. Desembargadores\u00a0<strong>NEY BATISTA COUTINHO<\/strong>, Corregedor Geral de Justi\u00e7a do Estado do Esp\u00edrito Santo, e\u00a0<strong>JORGE HENRIQUE VALLE DOS SANTOS<\/strong>, Supervisor das Varas da Inf\u00e2ncia\u00a0e da Juventude do Tribunal de Justi\u00e7a do Estado do Esp\u00edrito Santo, no uso de suas atribui\u00e7\u00f5es legais e<\/p>\n<p style=\"text-align: justify;\"><strong>CONSIDERANDO<\/strong>\u00a0a prioridade absoluta de crian\u00e7as e adolescente prevista\u00a0no\u00a0art.\u00a0227, da Constitui\u00e7\u00e3o Federal;<\/p>\n<p style=\"text-align: justify;\"><strong>CONSIDERANDO<\/strong>\u00a0que a conviv\u00eancia familiar e perman\u00eancia m\u00ednima em\u00a0institui\u00e7\u00f5es de acolhimento \u00e9 regra legal, de ordem nacional e internacional;<\/p>\n<p style=\"text-align: justify;\"><strong>CONSIDERANDO<\/strong>\u00a0a necessidade de normatizar as a\u00e7\u00f5es dos Ju\u00edzes da Inf\u00e2ncia e\u00a0da Juventude do Estado do Esp\u00edrito Santo no tocante a mat\u00e9ria;<\/p>\n<p style=\"text-align: justify;\"><strong>CONSIDERANDO\u00a0<\/strong>que o Of\u00edcio-Circular n\u00ba 09\/2020 diz respeito somente \u00e0s\u00a0 ado\u00e7\u00f5es\u00a0internacionais<\/p>\n<p style=\"text-align: justify;\"><strong>RECOMENDAM:<\/strong><\/p>\n<p style=\"text-align: justify;\">1 \u2014\u00a0 A observ\u00e2ncia, pelos Ju\u00edzes da Inf\u00e2ncia e da Juventude do Estado do Esp\u00edrito Santo, da\u00a0prioridade constitucional dos diretos de crian\u00e7as e adolescentes, notadamente no\u00a0que se refere \u00e0\u00a0conviv\u00eancia familiar, ressaltando que apenas as buscas internacionais de interessados \u00e0 ado\u00e7\u00e3o est\u00e3o suspensas temporariamente.<\/p>\n<p style=\"text-align: justify;\">2 \u2014 A aprecia\u00e7\u00e3o imediata pelos magistrados dos pedidos de\u00a0\u00a0reintegra\u00e7\u00f5es das crian\u00e7as e adolescentes ao conv\u00edvio familiar, quando devidamente recomendado, bem como de coloca\u00e7\u00e3o em fam\u00edlia substituta, na forma do art.\u00a04\u00ba, VII, da Resolu\u00e7\u00e3o\u00a0n\u00ba 313\/2020, do colendo CNJ;<\/p>\n<p style=\"text-align: justify;\">3 \u2014 A observ\u00e2ncia pelos\u00a0magistrados, nos autos respectivos, o disposto no\u00a0art. 45, \u00a7 1\u00ba, do ECRIAD, no tocante \u00e0\u00a0coloca\u00e7\u00e3o de crian\u00e7as e adolescentes\u00a0 em ado\u00e7\u00e3o;<\/p>\n<p style=\"text-align: justify;\">4 \u2014 Em caso de coloca\u00e7\u00e3o em fam\u00edlia substituta, por meio de ado\u00e7\u00e3o, o\u00a0acompanhamento de est\u00e1gio de conviv\u00eancia ser\u00e1, no per\u00edodo de pandemia, efetuado\u00a0de forma remota, utilizando-se os meios tecnol\u00f3gicos dispon\u00edveis;<\/p>\n<p style=\"text-align: justify;\">5 \u2014 Ao efetuarem a entrega de crian\u00e7as ou adolescentes a fam\u00edlias substitutas, dever\u00e1\u00a0ser apresentada, para juntada aos autos, por meio remoto, declara\u00e7\u00e3o da institui\u00e7\u00e3o de\u00a0acolhimento, quanto aos acolhidos e profissionais, e dos requerentes, de n\u00e3o serem\u00a0portadores de sintomas gripais ou de COVID-19.<\/p>\n<p style=\"text-align: justify;\">6 \u2014 Dever\u00e1 ser mantida a ordem cadastral de habilitados para ado\u00e7\u00e3o.<\/p>\n<p style=\"text-align: justify;\">7 \u2014 O ato previsto no art. 166, do\u00a0ECRIAD poder\u00e1 ser realizado por meio remoto, desde que assegurada a fidedignidade das declara\u00e7\u00f5es emitidas pelos interessados, podendo o consentimento ser colhido presencialmente em Ju\u00edzo, com a tomada de medidas que impe\u00e7am a contamina\u00e7\u00e3o pela COVID-19.<\/p>\n<p style=\"text-align: justify;\"><strong>Remetam-se o presente \u00a0Of\u00edcio-Circular conjunto para\u00a0todas as unidades judici\u00e1rias com compet\u00eancia c\u00edvel\u00a0em inf\u00e2ncia e juventude.<\/strong><\/p>\n<p><strong>Publique-se por tr\u00eas (3) vezes consecutivas.<\/strong><\/p>\n<p>&nbsp;<\/p>\n<p style=\"text-align: center;\"><strong>DESEMBARGADOR NEY BATISTA COUTINHO<\/strong><\/p>\n<p style=\"text-align: center;\"><strong>CORREGEDOR GERAL DA JUSTI\u00c7A<\/strong><\/p>\n<p style=\"text-align: center;\"><strong>DESEMBARGADOR JORGE HENRIQUE VALLE DOS SANTOS<\/strong><\/p>\n<p style=\"text-align: center;\"><strong>SUPERVISOR DA VARAS DA INF\u00c2NCIA E JUVENTUDE\u00a0<\/strong><\/p>\n<p>&nbsp;<\/p>\n","protected":false},"excerpt":{"rendered":"<p>PODER JUDICI\u00c1RIO DO ESTADO DO ESP\u00cdRITO SANTO &nbsp; OF\u00cdCIO-CIRCULAR CONJUNTO &nbsp; Os Exmos. Srs. Desembargadores\u00a0NEY BATISTA COUTINHO, Corregedor Geral de Justi\u00e7a do Estado do Esp\u00edrito Santo, e\u00a0JORGE HENRIQUE VALLE DOS SANTOS, Supervisor das Varas da Inf\u00e2ncia\u00a0e da Juventude do Tribunal de Justi\u00e7a do Estado do Esp\u00edrito Santo, no uso de suas atribui\u00e7\u00f5es legais e CONSIDERANDO\u00a0a [&hellip;]<\/p>\n","protected":false},"author":8,"featured_media":0,"comment_status":"closed","ping_status":"closed","sticky":false,"template":"","format":"standard","meta":{"footnotes":""},"categories":[14,5],"tags":[],"_links":{"self":[{"href":"https:\/\/www.tjes.jus.br\/corregedoria\/wp-json\/wp\/v2\/posts\/30085"}],"collection":[{"href":"https:\/\/www.tjes.jus.br\/corregedoria\/wp-json\/wp\/v2\/posts"}],"about":[{"href":"https:\/\/www.tjes.jus.br\/corregedoria\/wp-json\/wp\/v2\/types\/post"}],"author":[{"embeddable":true,"href":"https:\/\/www.tjes.jus.br\/corregedoria\/wp-json\/wp\/v2\/users\/8"}],"replies":[{"embeddable":true,"href":"https:\/\/www.tjes.jus.br\/corregedoria\/wp-json\/wp\/v2\/comments?post=30085"}],"version-history":[{"count":3,"href":"https:\/\/www.tjes.jus.br\/corregedoria\/wp-json\/wp\/v2\/posts\/30085\/revisions"}],"predecessor-version":[{"id":30089,"href":"https:\/\/www.tjes.jus.br\/corregedoria\/wp-json\/wp\/v2\/posts\/30085\/revisions\/30089"}],"wp:attachment":[{"href":"https:\/\/www.tjes.jus.br\/corregedoria\/wp-json\/wp\/v2\/media?parent=30085"}],"wp:term":[{"taxonomy":"category","embeddable":true,"href":"https:\/\/www.tjes.jus.br\/corregedoria\/wp-json\/wp\/v2\/categories?post=30085"},{"taxonomy":"post_tag","embeddable":true,"href":"https:\/\/www.tjes.jus.br\/corregedoria\/wp-json\/wp\/v2\/tags?post=30085"}],"curies":[{"name":"wp","href":"https:\/\/api.w.org\/{rel}","templated":true}]}}