{"id":30106,"date":"2020-05-11T12:11:16","date_gmt":"2020-05-11T15:11:16","guid":{"rendered":"https:\/\/www.tjes.jus.br\/corregedoria\/?p=30106"},"modified":"2020-05-11T12:50:38","modified_gmt":"2020-05-11T15:50:38","slug":"ato-normativo-no-070-2020-disp-11-05-2020","status":"publish","type":"post","link":"https:\/\/www.tjes.jus.br\/corregedoria\/2020\/05\/11\/ato-normativo-no-070-2020-disp-11-05-2020\/","title":{"rendered":"ATO NORMATIVO N\u00ba 070\/2020 \u2013 DISP. 11\/05\/2020"},"content":{"rendered":"<p style=\"text-align: center;\"><strong>\u00a0ESTADO DO ESP\u00cdRITO SANTO<\/strong><\/p>\n<p align=\"center\"><strong>PODER JUDICI\u00c1RIO<\/strong><\/p>\n<p align=\"center\"><strong>\u00a0\u00a0<\/strong><\/p>\n<p align=\"center\"><strong>ATO NORMATIVO n\u00ba 70\/2020<\/strong><\/p>\n<p>&nbsp;<\/p>\n<p style=\"text-align: justify;\">O Excelent\u00edssimo Senhor Desembargador Ronaldo Gon\u00e7alves de Sousa, Presidente do Egr\u00e9gio Tribunal de Justi\u00e7a do Estado do Esp\u00edrito Santo, no uso de suas atribui\u00e7\u00f5es legais e,<\/p>\n<p style=\"text-align: justify;\">Considerando a necessidade de reformula\u00e7\u00e3o do Comit\u00ea Gestor Regional Or\u00e7ament\u00e1rio e de Gest\u00e3o e Implementa\u00e7\u00e3o da Pol\u00edtica Nacional de Aten\u00e7\u00e3o Priorit\u00e1ria ao Primeiro Grau de Jurisdi\u00e7\u00e3o;<\/p>\n<p style=\"text-align: justify;\">RESOLVE:<\/p>\n<p style=\"text-align: justify;\">Art. 1\u00ba \u2013 Alterar, no artigo 1\u00ba, do <a href=\"https:\/\/www.tjes.jus.br\/corregedoria\/2016\/07\/19\/ato-normativo-no-0862016-disp-19072016-republicacao\/\">Ato Normativo n\u00ba 086\/2016<\/a><a href=\"https:\/\/www.tjes.jus.br\/corregedoria\/2017\/08\/03\/ato-normativo-no-0852016-disp-18072016-republicado\/\">,<\/a> a\u00a0composi\u00e7\u00e3o do Comit\u00ea Gestor Regional Or\u00e7ament\u00e1rio e de Gest\u00e3o e Implementa\u00e7\u00e3o da Pol\u00edtica Nacional de Aten\u00e7\u00e3o Priorit\u00e1ria ao Primeiro Grau de Jurisdi\u00e7\u00e3o, que passa a vigorar com a seguinte reda\u00e7\u00e3o:<\/p>\n<p>&nbsp;<\/p>\n<p style=\"text-align: justify;\">I \u2013 01 (um) Desembargador indicado pelo Presidente do Tribunal;<\/p>\n<p style=\"text-align: justify;\">II \u2013 01 (um) Juiz Auxiliar da Presid\u00eancia;<\/p>\n<p style=\"text-align: justify;\">III \u2013 01(um) Juiz escolhido pelo Presidente do Tribunal;<\/p>\n<p style=\"text-align: justify;\">IV \u2013 01(um) Juiz escolhido pelo Tribunal a partir de lista de inscritos abertos a todos os interessados;<\/p>\n<p style=\"text-align: justify;\">V \u2013 02 (dois) Ju\u00edzes eleitos por vota\u00e7\u00e3o direta entre os magistrados do primeiro grau, da respectiva jurisdi\u00e7\u00e3o, a partir da lista de inscri\u00e7\u00e3o;<\/p>\n<p>VI \u2013 01(um) Juiz Corregedor;<\/p>\n<p>VII \u2013 01 (um) servidor indicado pelo Presidente do Tribunal;<\/p>\n<p>VIII \u2013 01 (um) servidor escolhido pelo Tribunal a partir da lista de inscritos aberta a todos os interessados;<\/p>\n<p>IX \u2013 02 (dois) servidores eleitos por vota\u00e7\u00e3o direta entre os servidores, a partir da lista de inscri\u00e7\u00e3o;<\/p>\n<p style=\"text-align: justify;\">X \u2013 01 (um) Desembargador, indicado pela Associa\u00e7\u00e3o dos Magistrados do Estado do Esp\u00edrito Santo, nos termos do artigo 7\u00ba, da Resolu\u00e7\u00e3o 195, do Colendo Conselho Nacional de Justi\u00e7a;<\/p>\n<p style=\"text-align: justify;\">XI \u2013 02 (dois) magistrados, indicados pela Associa\u00e7\u00e3o dos Magistrados do Estado do Esp\u00edrito Santo, nos termos do artigo 5\u00ba, \u00a77\u00ba, da Resolu\u00e7\u00e3o 194, do Colendo Conselho Nacional de Justi\u00e7a;<\/p>\n<p style=\"text-align: justify;\">XII \u2013 02 (dois) servidores, indicados pelo Sindicato dos Servidores do Poder Judici\u00e1rio do Estado do Esp\u00edrito Santo, nos termos do artigo 5\u00ba, \u00a77\u00ba, da Resolu\u00e7\u00e3o 194, do Colendo Conselho Nacional de Justi\u00e7a e do artigo 7\u00ba, da Resolu\u00e7\u00e3o 195, do Colendo Conselho Nacional de Justi\u00e7a.<\/p>\n<p style=\"text-align: justify;\">\u00a71\u00b0\u00a0\u2013\u00a0Ser\u00e1 indicado um suplente para cada membro do Comit\u00ea Gestor Regional.<\/p>\n<p style=\"text-align: justify;\">\u00a72\u00b0\u00a0\u2013\u00a0O mandato de todos os membros do Comit\u00ea Gestor Regional ser\u00e1 de 02 (dois) anos, sendo poss\u00edvel uma recondu\u00e7\u00e3o.<\/p>\n<p style=\"text-align: justify;\">Art. 2\u00ba \u2013\u00a0Este Ato Normativo entra em vigor na data de sua publica\u00e7\u00e3o, revogando-se as disposi\u00e7\u00f5es em contr\u00e1rio.<\/p>\n<p>&nbsp;<\/p>\n<p>Publique-se.<\/p>\n<p>&nbsp;<\/p>\n<p>Vit\u00f3ria, 08 de Maio de 2020.<\/p>\n<p>&nbsp;<\/p>\n<p>&nbsp;<\/p>\n<p style=\"text-align: center;\">Des. RONALDO GON\u00c7ALVES DE SOUSA<\/p>\n<p style=\"text-align: center;\">Presidente<\/p>\n","protected":false},"excerpt":{"rendered":"<p>\u00a0ESTADO DO ESP\u00cdRITO SANTO PODER JUDICI\u00c1RIO \u00a0\u00a0 ATO NORMATIVO n\u00ba 70\/2020 &nbsp; O Excelent\u00edssimo Senhor Desembargador Ronaldo Gon\u00e7alves de Sousa, Presidente do Egr\u00e9gio Tribunal de Justi\u00e7a do Estado do Esp\u00edrito Santo, no uso de suas atribui\u00e7\u00f5es legais e, Considerando a necessidade de reformula\u00e7\u00e3o do Comit\u00ea Gestor Regional Or\u00e7ament\u00e1rio e de Gest\u00e3o e Implementa\u00e7\u00e3o da Pol\u00edtica [&hellip;]<\/p>\n","protected":false},"author":8,"featured_media":0,"comment_status":"closed","ping_status":"closed","sticky":false,"template":"","format":"standard","meta":{"footnotes":""},"categories":[4,14],"tags":[],"_links":{"self":[{"href":"https:\/\/www.tjes.jus.br\/corregedoria\/wp-json\/wp\/v2\/posts\/30106"}],"collection":[{"href":"https:\/\/www.tjes.jus.br\/corregedoria\/wp-json\/wp\/v2\/posts"}],"about":[{"href":"https:\/\/www.tjes.jus.br\/corregedoria\/wp-json\/wp\/v2\/types\/post"}],"author":[{"embeddable":true,"href":"https:\/\/www.tjes.jus.br\/corregedoria\/wp-json\/wp\/v2\/users\/8"}],"replies":[{"embeddable":true,"href":"https:\/\/www.tjes.jus.br\/corregedoria\/wp-json\/wp\/v2\/comments?post=30106"}],"version-history":[{"count":7,"href":"https:\/\/www.tjes.jus.br\/corregedoria\/wp-json\/wp\/v2\/posts\/30106\/revisions"}],"predecessor-version":[{"id":30112,"href":"https:\/\/www.tjes.jus.br\/corregedoria\/wp-json\/wp\/v2\/posts\/30106\/revisions\/30112"}],"wp:attachment":[{"href":"https:\/\/www.tjes.jus.br\/corregedoria\/wp-json\/wp\/v2\/media?parent=30106"}],"wp:term":[{"taxonomy":"category","embeddable":true,"href":"https:\/\/www.tjes.jus.br\/corregedoria\/wp-json\/wp\/v2\/categories?post=30106"},{"taxonomy":"post_tag","embeddable":true,"href":"https:\/\/www.tjes.jus.br\/corregedoria\/wp-json\/wp\/v2\/tags?post=30106"}],"curies":[{"name":"wp","href":"https:\/\/api.w.org\/{rel}","templated":true}]}}