{"id":30120,"date":"2020-05-12T08:16:50","date_gmt":"2020-05-12T11:16:50","guid":{"rendered":"https:\/\/www.tjes.jus.br\/corregedoria\/?p=30120"},"modified":"2020-05-12T08:18:11","modified_gmt":"2020-05-12T11:18:11","slug":"oficio-circular-no-16-2020-disp-12-05-2020","status":"publish","type":"post","link":"https:\/\/www.tjes.jus.br\/corregedoria\/2020\/05\/12\/oficio-circular-no-16-2020-disp-12-05-2020\/","title":{"rendered":"OF\u00cdCIO-CIRCULAR N\u00ba 16\/2020 \u2013 DISP. 12\/05\/2020"},"content":{"rendered":"<div class=\"override-text\">\n<p style=\"text-align: center;\"><strong>PODER JUDICI\u00c1RIO DO ESTADO DO ESP\u00cdRITO SANTO &#8211; PJES<\/strong><\/p>\n<p style=\"text-align: center;\"><strong>RUA DESEMBARGADOR HOMERO MAFRA,60 &#8211; Bairro ENSEADA DO SU\u00c1 &#8211; CEP 29050906 &#8211; Vit\u00f3ria &#8211; ES &#8211;\u00a0<a href=\"https:\/\/www.tjes.jus.br\/\">www.tjes.jus.br<\/a><br \/>\n<\/strong><\/p>\n<p style=\"text-align: center;\">\n<\/div>\n<p style=\"text-align: center;\"><strong>OF\u00cdCIO-CIRCULAR N\u00ba 16\/2020 &#8211; ASSESSORIA JURIDICA DA CORREGEDORIA<\/strong><\/p>\n<p>&nbsp;<\/p>\n<p style=\"text-align: right;\">Vit\u00f3ria, 29 de abril de 2020.<\/p>\n<p>&nbsp;<\/p>\n<p align=\"center\"><strong>ESTADO DO ESP\u00cdRITO SANTO<\/strong><\/p>\n<p align=\"center\"><strong>PODER JUDICI\u00c1RIO<\/strong><\/p>\n<p align=\"center\"><strong>CORREGEDORIA GERAL DA JUSTI\u00c7A<\/strong><\/p>\n<p align=\"center\"><strong>Processo SEI n\u00ba 7002127-89-14.2020.8.08.0000<\/strong><\/p>\n<p>&nbsp;<\/p>\n<p style=\"text-align: justify;\">O Exmo. Sr. Desembargador Corregedor-Geral da Justi\u00e7a do Estado do Esp\u00edrito Santo, no uso de suas atribui\u00e7\u00f5es legais e,<\/p>\n<p style=\"text-align: justify;\"><strong>CONSIDERANDO\u00a0<\/strong>que a Corregedoria Geral da Justi\u00e7a \u00e9 \u00f3rg\u00e3o de fiscaliza\u00e7\u00e3o, disciplina e orienta\u00e7\u00e3o administrativa, com circunscri\u00e7\u00e3o em todo o Estado, conforme art. 35 da Lei Complementar Estadual n\u00ba 234\/2002 (COJES);<\/p>\n<p style=\"text-align: justify;\"><strong>CONSIDERANDO<\/strong>\u00a0o recebimento do expediente no processo SEI n\u00ba 7002127-89.2020.8.08.0000, da lavra da escriv\u00e3\/oficiala\/tabeli\u00e3,\u00a0da Escrivania de Paz, Registro Civil e Tabelionato de Notas do Distrito\u00a0de Canasvieiras, Florian\u00f3polis\/SC;<\/p>\n<p style=\"text-align: justify;\"><strong>CONSIDERANDO<\/strong>\u00a0que o referido expediente informa sobre suposta tentativa de venda fraudulenta do im\u00f3vel localizado em Jurer\u00ea, Distrito de Canasvieiras, naquela cidade de Florian\u00f3polis\/SC, conforme documentos anexos;<\/p>\n<p>&nbsp;<\/p>\n<p style=\"text-align: justify;\"><strong>RECOMENDO<\/strong>\u00a0aos Ju\u00edzes de Direito Diretores dos F\u00f3runs, Membros do Minist\u00e9rio P\u00fablico, Advogados, Not\u00e1rios e Registradores, Serventu\u00e1rios e a quem mais possa interessar, que observem o expediente supracitado e adotem as provid\u00eancias que entenderem pertinentes.<\/p>\n<p>&nbsp;<\/p>\n<p><strong>Publique-se. Cumpra-se.<\/strong><\/p>\n<p>&nbsp;<\/p>\n<p>Vit\u00f3ria\/ES, 29 de abril de 2020.<\/p>\n<p align=\"center\"><strong>DES. NEY BATISTA COUTINHO<\/strong><br \/>\n<strong>CORREGEDOR GERAL DA JUSTI\u00c7A<\/strong><\/p>\n<p align=\"center\"><a href=\"https:\/\/sistemas.tjes.jus.br\/ediario\/images\/OFICIO_CIRCULAR_N%C2%BA_380.pdf\" target=\"_blank\" rel=\"noopener\"><strong>ANEXO I \u2013 CLIQUE AQUI<\/strong><\/a><\/p>\n<p align=\"center\"><strong><a href=\"https:\/\/sistemas.tjes.jus.br\/ediario\/images\/Despacho_Dire%C3%A7%C3%A3o_do_Foro.pdf\" target=\"_blank\" rel=\"noopener\">ANEXO II &#8211; CLIQUE AQUI<\/a><\/strong><\/p>\n<p align=\"center\"><strong><a href=\"https:\/\/sistemas.tjes.jus.br\/ediario\/images\/Oficio_Procuracao_2.pdf\" target=\"_blank\" rel=\"noopener\">ANEXO III &#8211; CLIQUE AQUI<\/a><\/strong><\/p>\n<p align=\"center\"><strong><a href=\"https:\/\/sistemas.tjes.jus.br\/ediario\/images\/Documentos_Procuracao_3.pdf\" target=\"_blank\" rel=\"noopener\">ANEXO IV &#8211; CLIQUE AQUI<\/a><\/strong><\/p>\n","protected":false},"excerpt":{"rendered":"<p>PODER JUDICI\u00c1RIO DO ESTADO DO ESP\u00cdRITO SANTO &#8211; PJES RUA DESEMBARGADOR HOMERO MAFRA,60 &#8211; Bairro ENSEADA DO SU\u00c1 &#8211; CEP 29050906 &#8211; Vit\u00f3ria &#8211; ES &#8211;\u00a0www.tjes.jus.br OF\u00cdCIO-CIRCULAR N\u00ba 16\/2020 &#8211; ASSESSORIA JURIDICA DA CORREGEDORIA &nbsp; Vit\u00f3ria, 29 de abril de 2020. &nbsp; ESTADO DO ESP\u00cdRITO SANTO PODER JUDICI\u00c1RIO CORREGEDORIA GERAL DA JUSTI\u00c7A Processo SEI n\u00ba [&hellip;]<\/p>\n","protected":false},"author":8,"featured_media":0,"comment_status":"closed","ping_status":"closed","sticky":false,"template":"","format":"standard","meta":{"footnotes":""},"categories":[14,5],"tags":[],"_links":{"self":[{"href":"https:\/\/www.tjes.jus.br\/corregedoria\/wp-json\/wp\/v2\/posts\/30120"}],"collection":[{"href":"https:\/\/www.tjes.jus.br\/corregedoria\/wp-json\/wp\/v2\/posts"}],"about":[{"href":"https:\/\/www.tjes.jus.br\/corregedoria\/wp-json\/wp\/v2\/types\/post"}],"author":[{"embeddable":true,"href":"https:\/\/www.tjes.jus.br\/corregedoria\/wp-json\/wp\/v2\/users\/8"}],"replies":[{"embeddable":true,"href":"https:\/\/www.tjes.jus.br\/corregedoria\/wp-json\/wp\/v2\/comments?post=30120"}],"version-history":[{"count":3,"href":"https:\/\/www.tjes.jus.br\/corregedoria\/wp-json\/wp\/v2\/posts\/30120\/revisions"}],"predecessor-version":[{"id":30123,"href":"https:\/\/www.tjes.jus.br\/corregedoria\/wp-json\/wp\/v2\/posts\/30120\/revisions\/30123"}],"wp:attachment":[{"href":"https:\/\/www.tjes.jus.br\/corregedoria\/wp-json\/wp\/v2\/media?parent=30120"}],"wp:term":[{"taxonomy":"category","embeddable":true,"href":"https:\/\/www.tjes.jus.br\/corregedoria\/wp-json\/wp\/v2\/categories?post=30120"},{"taxonomy":"post_tag","embeddable":true,"href":"https:\/\/www.tjes.jus.br\/corregedoria\/wp-json\/wp\/v2\/tags?post=30120"}],"curies":[{"name":"wp","href":"https:\/\/api.w.org\/{rel}","templated":true}]}}