{"id":30125,"date":"2020-05-12T08:31:03","date_gmt":"2020-05-12T11:31:03","guid":{"rendered":"https:\/\/www.tjes.jus.br\/corregedoria\/?p=30125"},"modified":"2020-05-12T09:14:09","modified_gmt":"2020-05-12T12:14:09","slug":"provimento-no-14-2020-disp-12-05-2020","status":"publish","type":"post","link":"https:\/\/www.tjes.jus.br\/corregedoria\/2020\/05\/12\/provimento-no-14-2020-disp-12-05-2020\/","title":{"rendered":"PROVIMENTO N\u00ba 14\/2020 \u2013 DISP. 12\/05\/2020"},"content":{"rendered":"<p align=\"center\"><strong>ESTADO DO ESP\u00cdRITO SANTO<\/strong><\/p>\n<p align=\"center\"><strong>PODER JUDICI\u00c1RIO<\/strong><\/p>\n<p align=\"center\"><strong>TRIBUNAL DE JUSTI\u00c7A<\/strong><\/p>\n<p align=\"center\"><strong>CORREGEDORIA GERAL DA JUSTI\u00c7A<\/strong><\/p>\n<p>&nbsp;<\/p>\n<p align=\"center\"><strong>PROVIMENTO N\u00ba 14\/2020<\/strong><\/p>\n<p>&nbsp;<\/p>\n<p style=\"text-align: justify;\">Prorroga o prazo de vig\u00eancia dos Provimentos <a href=\"https:\/\/www.tjes.jus.br\/corregedoria\/2020\/03\/23\/provimento-no-05-2020-disp-23-03-2020\/\">n\u00ba 5\/2020<\/a> e <a href=\"https:\/\/www.tjes.jus.br\/corregedoria\/2020\/04\/29\/provimento-no-12-2020-disp-29-04-2020\/\">n\u00ba 12\/2020<\/a>, ambos desta Corregedoria Geral da Justi\u00e7a e d\u00e1 outras provid\u00eancias.<\/p>\n<p style=\"text-align: justify;\">O Desembargador\u00a0<strong>NEY BATISTA COUTINHO<\/strong>, Corregedor Geral da Justi\u00e7a do Estado do Esp\u00edrito Santo, no uso de suas atribui\u00e7\u00f5es legais e,<\/p>\n<p style=\"text-align: justify;\"><strong>CONSIDERANDO<\/strong>\u00a0a <a href=\"https:\/\/atos.cnj.jus.br\/atos\/detalhar\/3308\">Resolu\u00e7\u00e3o n\u00ba 318<\/a>, de 07 de maio de 2020, do colendo Conselho Nacional de Justi\u00e7a, que prorroga, no \u00e2mbito do Poder Judici\u00e1rio, em parte, o regime institu\u00eddo pelas Resolu\u00e7\u00f5es <a href=\"https:\/\/atos.cnj.jus.br\/atos\/detalhar\/3249\">n\u00ba 313<\/a>, de 19 de mar\u00e7o de 2020, e<a href=\"https:\/\/atos.cnj.jus.br\/atos\/detalhar\/3283\"> n\u00ba 314<\/a><a href=\"https:\/\/www.cnj.jus.br\/wp-content\/uploads\/2020\/04\/Resolu%C3%A7%C3%A3o-n%C2%BA-314.pdf\">,<\/a> de 20 de abril de 2020, e d\u00e1 outras provid\u00eancias;<\/p>\n<p style=\"text-align: justify;\"><strong>CONSIDERANDO<\/strong>\u00a0o <a href=\"https:\/\/www.tjes.jus.br\/corregedoria\/2020\/05\/11\/ato-normativo-no-071-2020-disp-11-05-2020\/\">Ato Normativo n\u00ba 71<\/a>, de 11 de maio de 2020, da Presid\u00eancia do Tribunal de Justi\u00e7a do Estado do Esp\u00edrito Santo, que prorroga, no \u00e2mbito deste Poder Judici\u00e1rio Estadual, as regras do regime de Plant\u00e3o Extraordin\u00e1rio estabelecido em virtude da doen\u00e7a COVID-19 pelos Atos Normativos n\u00b0 <a href=\"https:\/\/www.tjes.jus.br\/corregedoria\/2020\/03\/23\/ato-normativo-no-064-2020-disp-23-03-2020\/\">64\/2020<\/a> e <a href=\"https:\/\/www.tjes.jus.br\/corregedoria\/2020\/04\/28\/ato-normativo-no-068-2020-disp-28-04-2020\/\">n\u00ba 68\/2020<\/a> e estabelece outras provid\u00eancias;<\/p>\n<p>&nbsp;<\/p>\n<p>&nbsp;<\/p>\n<p><strong>RESOLVE:<\/strong><\/p>\n<p>&nbsp;<\/p>\n<p style=\"text-align: justify;\"><strong>Art. 1\u00ba.<\/strong>\u00a0Ficam prorrogados para o dia 31 de maio de 2020 os prazos de vig\u00eancia dos Provimentos n\u00ba <a href=\"https:\/\/www.tjes.jus.br\/corregedoria\/2020\/03\/23\/provimento-no-05-2020-disp-23-03-2020\/\">5\/2020<\/a> e <a href=\"https:\/\/www.tjes.jus.br\/corregedoria\/2020\/04\/29\/provimento-no-12-2020-disp-29-04-2020\/\">n\u00ba 12\/2020<\/a>, ambos desta Corregedoria Geral da Justi\u00e7a, que poder\u00e3o ser ampliados ou reduzidos por ato deste \u00f3rg\u00e3o censor em conson\u00e2ncia com a egr\u00e9gia Presid\u00eancia do Conselho Nacional de Justi\u00e7a, caso necess\u00e1rio.<\/p>\n<p style=\"text-align: justify;\"><strong>Art. 2\u00ba.<\/strong>\u00a0Em caso de imposi\u00e7\u00e3o de medidas sanit\u00e1rias restritivas \u00e0 livre locomo\u00e7\u00e3o de pessoas (<i>lockdown<\/i>) por parte da autoridade estadual competente, ficam automaticamente suspensos os prazos nos procedimentos administrativos que tramitam nesta Corregedoria Geral da Justi\u00e7a em meio eletr\u00f4nico, que foram retomados a partir do dia 4 de maio de 2020, pelo tempo que perdurarem as restri\u00e7\u00f5es.<\/p>\n<p style=\"text-align: justify;\"><strong>\u00a7 1\u00ba.<\/strong>\u00a0Referida suspens\u00e3o tamb\u00e9m ocorrer\u00e1 nos procedimentos administrativos que tramitam nas Comarcas, tais como procedimento administrativo disciplinar, sindic\u00e2ncias e outros.<\/p>\n<p style=\"text-align: justify;\"><strong>\u00a7 2\u00ba.<\/strong>\u00a0Em caso de imposi\u00e7\u00e3o de\u00a0<i>lockdown<\/i>\u00a0em apenas algum munic\u00edpio ou regi\u00e3o deste Estado, a suspens\u00e3o dos prazos administrativos ficar\u00e1 restrita naquele \u00e2mbito.<\/p>\n<p>&nbsp;<\/p>\n<p style=\"text-align: justify;\"><strong>Art. 3\u00ba.<\/strong>\u00a0Ficam mantidas as demais disposi\u00e7\u00f5es dos Provimentos <a href=\"https:\/\/www.tjes.jus.br\/corregedoria\/2020\/03\/23\/provimento-no-05-2020-disp-23-03-2020\/\">n\u00ba 5\/2020<\/a> e <a href=\"https:\/\/www.tjes.jus.br\/corregedoria\/2020\/04\/29\/provimento-no-12-2020-disp-29-04-2020\/\">n\u00ba 12\/2020<\/a>, ambos desta Corregedoria Geral da Justi\u00e7a, naquilo que n\u00e3o conflitarem com o presente Provimento.<\/p>\n<p>&nbsp;<\/p>\n<p style=\"text-align: justify;\"><strong>Art. 4\u00ba.<\/strong>\u00a0Este Provimento entrar\u00e1 em vigor na data de sua publica\u00e7\u00e3o.<\/p>\n<p>&nbsp;<\/p>\n<p><strong>Publique-se.<\/strong><\/p>\n<p>&nbsp;<\/p>\n<p>Vit\u00f3ria\/ES, 11 de maio de 2020.<\/p>\n<p align=\"center\"><strong>DES. NEY BATISTA COUTINHO<\/strong><\/p>\n<p align=\"center\"><strong>Corregedor Geral da Justi\u00e7a<\/strong><\/p>\n","protected":false},"excerpt":{"rendered":"<p>ESTADO DO ESP\u00cdRITO SANTO PODER JUDICI\u00c1RIO TRIBUNAL DE JUSTI\u00c7A CORREGEDORIA GERAL DA JUSTI\u00c7A &nbsp; PROVIMENTO N\u00ba 14\/2020 &nbsp; Prorroga o prazo de vig\u00eancia dos Provimentos n\u00ba 5\/2020 e n\u00ba 12\/2020, ambos desta Corregedoria Geral da Justi\u00e7a e d\u00e1 outras provid\u00eancias. O Desembargador\u00a0NEY BATISTA COUTINHO, Corregedor Geral da Justi\u00e7a do Estado do Esp\u00edrito Santo, no uso [&hellip;]<\/p>\n","protected":false},"author":8,"featured_media":0,"comment_status":"closed","ping_status":"closed","sticky":false,"template":"","format":"standard","meta":{"footnotes":""},"categories":[14,16],"tags":[],"_links":{"self":[{"href":"https:\/\/www.tjes.jus.br\/corregedoria\/wp-json\/wp\/v2\/posts\/30125"}],"collection":[{"href":"https:\/\/www.tjes.jus.br\/corregedoria\/wp-json\/wp\/v2\/posts"}],"about":[{"href":"https:\/\/www.tjes.jus.br\/corregedoria\/wp-json\/wp\/v2\/types\/post"}],"author":[{"embeddable":true,"href":"https:\/\/www.tjes.jus.br\/corregedoria\/wp-json\/wp\/v2\/users\/8"}],"replies":[{"embeddable":true,"href":"https:\/\/www.tjes.jus.br\/corregedoria\/wp-json\/wp\/v2\/comments?post=30125"}],"version-history":[{"count":4,"href":"https:\/\/www.tjes.jus.br\/corregedoria\/wp-json\/wp\/v2\/posts\/30125\/revisions"}],"predecessor-version":[{"id":30130,"href":"https:\/\/www.tjes.jus.br\/corregedoria\/wp-json\/wp\/v2\/posts\/30125\/revisions\/30130"}],"wp:attachment":[{"href":"https:\/\/www.tjes.jus.br\/corregedoria\/wp-json\/wp\/v2\/media?parent=30125"}],"wp:term":[{"taxonomy":"category","embeddable":true,"href":"https:\/\/www.tjes.jus.br\/corregedoria\/wp-json\/wp\/v2\/categories?post=30125"},{"taxonomy":"post_tag","embeddable":true,"href":"https:\/\/www.tjes.jus.br\/corregedoria\/wp-json\/wp\/v2\/tags?post=30125"}],"curies":[{"name":"wp","href":"https:\/\/api.w.org\/{rel}","templated":true}]}}