{"id":30181,"date":"2020-05-25T05:09:36","date_gmt":"2020-05-25T08:09:36","guid":{"rendered":"https:\/\/www.tjes.jus.br\/corregedoria\/?p=30181"},"modified":"2020-06-23T13:04:33","modified_gmt":"2020-06-23T16:04:33","slug":"ato-normativo-no-074-2020-disp-25-05-2020","status":"publish","type":"post","link":"https:\/\/www.tjes.jus.br\/corregedoria\/2020\/05\/25\/ato-normativo-no-074-2020-disp-25-05-2020\/","title":{"rendered":"ATO NORMATIVO N\u00ba 074\/2020 \u2013 DISP. 25\/05\/2020"},"content":{"rendered":"<p align=\"center\"><del><strong>ESTADO DO ESP\u00cdRITO SANTO<\/strong><\/del><\/p>\n<p align=\"center\"><del><strong>PODER JUDICI\u00c1RIO<\/strong><\/del><\/p>\n<p align=\"center\"><del><strong>TRIBUNAL DE JUSTI\u00c7A<\/strong><\/del><\/p>\n<p align=\"center\"><del><strong>GABINETE DA PRESID\u00caNCIA<\/strong><\/del><\/p>\n<p>&nbsp;<\/p>\n<p align=\"center\"><del><strong>ATO NORMATIVO N\u00ba 074 \/2020<\/strong><\/del><\/p>\n<p style=\"text-align: left;\" align=\"center\"><strong><span style=\"color: #ff6600;\">REPUBLICADO EM 23\/06\/2020<\/span>\u00a0<a href=\"https:\/\/www.tjes.jus.br\/corregedoria\/2020\/06\/23\/ato-normativo-no-074-2020-disp-23-06-2020\/\">(CLIQUE AQUI)<\/a><\/strong><\/p>\n<p>&nbsp;<\/p>\n<p style=\"text-align: justify;\"><del><strong>O EXCELENT\u00cdSSIMO SENHOR DESEMBARGADOR RONALDO GON\u00c7ALVES DE SOUSA, PRESIDENTE<\/strong>\u00a0<strong>DO EGR\u00c9GIO TRIBUNAL DE JUSTI\u00c7A DO ESTADO DO ESP\u00cdRITO SANTO<\/strong>, no uso de suas atribui\u00e7\u00f5es legais,<\/del><\/p>\n<p style=\"text-align: justify;\"><del><strong>CONSIDERANDO\u00a0<\/strong>\u00a0a\u00a0 Resolu\u00e7\u00e3o\u00a0 n\u00ba\u00a0 318\/2020 do Conselho Nacional de Justi\u00e7a \u2013 CNJ e o Ato Normativo n\u00ba 64, prorrogado pelo Ato 71 de 11 de maio de 2020 do Tribunal de Justi\u00e7a do\u00a0 Estado do\u00a0 \u00a0Esp\u00edrito Santo, que\u00a0 preveem\u00a0 a ado\u00e7\u00e3o de\u00a0 medidas\u00a0 tempor\u00e1rias\u00a0 \u00a0de\u00a0 preven\u00e7\u00e3o\u00a0 ao\u00a0 COVID-19 (novo coronav\u00edrus), no \u00e2mbito do Poder Judici\u00e1rio;<\/del><\/p>\n<p>&nbsp;<\/p>\n<p style=\"text-align: justify;\"><del><strong>CONSIDERANDO<\/strong>\u00a0o artigo 236 do C\u00f3digo de Processo Civil \u2013 CPC que admite \u201ca pr\u00e1tica de atos processuais por meio de videoconfer\u00eancia, ou, outro meio tecnol\u00f3gico de transmiss\u00e3o de sons e imagens em tempo real\u201d, e o artigo 334, \u00a7 7\u00ba,\u00a0 \u00a0do mesmo\u00a0 diploma\u00a0 legal\u00a0 que\u00a0 disp\u00f5e que \u201ca sess\u00e3o de concilia\u00e7\u00e3o ou de media\u00e7\u00e3o pode realizar-se por meio eletr\u00f4nico, nos temos da lei\u201d;<\/del><\/p>\n<p style=\"text-align: justify;\"><del><strong>CONSIDERANDO\u00a0<\/strong>a Resolu\u00e7\u00e3o n\u00ba 125\/2010 do Conselho Nacional de Justi\u00e7a \u2013 CNJ, que disp\u00f5e sobre a Pol\u00edtica Judici\u00e1ria Nacional de tratamento adequado dos conflitos de interesses no \u00e2mbito do Poder Judici\u00e1rio;<\/del><\/p>\n<p style=\"text-align: justify;\"><del><strong>CONSIDERANDO<\/strong>\u00a0a publica\u00e7\u00e3o da Portaria n\u00ba 001\/2020 do N\u00facleo Permanente de M\u00e9todos Consensuais de Conflitos \u2013\u00a0 NUPEMEC, que institui Projeto Piloto e regulamenta os procedimentos para a realiza\u00e7\u00e3o de sess\u00f5es de media\u00e7\u00e3o e concilia\u00e7\u00e3o on-line nos CEJUSCs, para dirimir os conflitos surgidos no per\u00edodo da pandemia do COVID-19 (novo Coronav\u00edrus) e a Recomenda\u00e7\u00e3o Conjunta n\u00ba 001\/2020 do NUPEMEC e da Coordenadoria dos Juizados Especiais C\u00edveis e Criminais, de 22 de abril de 2020;<\/del><\/p>\n<p><del>RESOLVE:<\/del><\/p>\n<p>&nbsp;<\/p>\n<p style=\"text-align: justify;\"><del>Art. 1\u00ba \u2013 Instituir e designar a Equipe de Trabalho para atuar no projeto piloto que realizar\u00e1 sess\u00f5es on-line nos CEJUSCs em demandas pr\u00e9-processuais e processuais.<\/del><\/p>\n<p style=\"text-align: justify;\"><del>Art. 2\u00ba. \u2013 Os trabalhos ser\u00e3o supervisionados pela Desembargadora\u00a0<strong>JANETE VARGAS SIM\u00d5ES\u00a0<\/strong>\u2013 Supervisora do NUPEMEC e Coordenados pelos\u00a0<strong>magistrados integrantes dos grupos de trabalho dos CEJUSCs<\/strong>, aos quais caber\u00e1 a homologa\u00e7\u00e3o dos acordos oriundos das referidas sess\u00f5es pr\u00e9-processuais.<\/del><\/p>\n<p style=\"text-align: justify;\"><del>Art. 3\u00ba. \u2013 A servidora\u00a0<strong>IZABELLA DALLA SILY CASAGRANDE<\/strong>\u00a0\u2013 Coordenadora, fica designada para conduzir os trabalhos de execu\u00e7\u00e3o operacional do projeto piloto de sess\u00e3o virtual, com o apoio dos servidores abaixo nominadoos:<\/del><\/p>\n<p>&nbsp;<\/p>\n<table border=\"1\" cellspacing=\"0\" cellpadding=\"0\" align=\"right\">\n<tbody>\n<tr>\n<td><del><strong>NOME<\/strong><\/del><\/td>\n<td><del><strong>MATR\u00cdCULA<\/strong><\/del><\/td>\n<\/tr>\n<tr>\n<td><del>IZABELLA DALLA SILY CASA GRANDE<\/del><\/td>\n<td><del>206881-77<\/del><\/td>\n<\/tr>\n<tr>\n<td><del>ADRIANA PAIVA KLAWA CAU<\/del><\/td>\n<td><del>210155-53<\/del><\/td>\n<\/tr>\n<tr>\n<td><del>ALINE CANDIDA MENDON\u00c7A<\/del><\/td>\n<td><del>209800-86<\/del><\/td>\n<\/tr>\n<tr>\n<td><del>JULIANA DA SILVA AGOSTINI<\/del><\/td>\n<td><del>209408-82<\/del><\/td>\n<\/tr>\n<tr>\n<td><del>LEONARDO PEREIRA CHAGAS<\/del><\/td>\n<td><del>209760-46<\/del><\/td>\n<\/tr>\n<tr>\n<td><del>MARCIA CRISTINA DE GODOYS MONTEIRO<\/del><\/td>\n<td><del>206768-61<\/del><\/td>\n<\/tr>\n<tr>\n<td><del>MARIA DILCE LUGON GRACIOSA<\/del><\/td>\n<td><del>208084-19<\/del><\/td>\n<\/tr>\n<tr>\n<td><del>ROBERTO CARLOS MOREIRA BRAGA<\/del><\/td>\n<td><del>205933-02<\/del><\/td>\n<\/tr>\n<tr>\n<td><del>R\u00d4MULO CAMPANA TRIST\u00c3O<\/del><\/td>\n<td><del>204862-95<\/del><\/td>\n<\/tr>\n<tr>\n<td><del>WEBER ANDRADE DE OLIVEIRA<\/del><\/td>\n<td><del>209890-79<\/del><\/td>\n<\/tr>\n<\/tbody>\n<\/table>\n<div class=\"override-text\"><\/div>\n<div class=\"override-text\"><\/div>\n<div class=\"override-text\"><\/div>\n<p>&nbsp;<\/p>\n<p>&nbsp;<\/p>\n<p style=\"text-align: justify;\"><del>Par\u00e1grafo \u00fanico. \u2013 As atribui\u00e7\u00f5es de cada servidor ser\u00e3o distribu\u00eddas de acordo com a necessidade do servi\u00e7o no per\u00edodo da pandemia.<\/del><\/p>\n<p style=\"text-align: justify;\"><del>Art. 4\u00ba. \u2013 Fica designada a equipe de Mediadores Judiciais\/Servidores que conduzir\u00e3o as sess\u00f5es pr\u00e9-processuais e processuais, conforme abaixo:<\/del><\/p>\n<p>&nbsp;<\/p>\n<table border=\"1\" cellspacing=\"0\" cellpadding=\"0\">\n<tbody>\n<tr>\n<td><del><strong>NOME<\/strong><\/del><\/td>\n<td><del><strong>MATR\u00cdCULA<\/strong><\/del><\/td>\n<\/tr>\n<tr>\n<td><del>ALLINE BERGER DE OLIVEIRA<\/del><\/td>\n<td><del>206579-66<\/del><\/td>\n<\/tr>\n<tr>\n<td><del>AMERICO PINA RAMOS<\/del><\/td>\n<td><del>294390-11<\/del><\/td>\n<\/tr>\n<tr>\n<td><del>CIRLENE FARIA VASCONCELOS GUERRA<\/del><\/td>\n<td><del>207822-48<\/del><\/td>\n<\/tr>\n<tr>\n<td><del>CLAUDIA MORAES FREIRE<\/del><\/td>\n<td><del>208395-39<\/del><\/td>\n<\/tr>\n<tr>\n<td><del>CLAUDIA NADIR FONSECA<\/del><\/td>\n<td><del>209440-17<\/del><\/td>\n<\/tr>\n<tr>\n<td><del>CRISTINA DA ROCHA VERLY LUCIANO<\/del><\/td>\n<td><del>205398-49<\/del><\/td>\n<\/tr>\n<tr>\n<td><del>DEBORA CRISTINA CRUZ CHAVES ROSA<\/del><\/td>\n<td><del>210607-20<\/del><\/td>\n<\/tr>\n<tr>\n<td><del>EDINARA DA SILVA SOUZA DUTRA<\/del><\/td>\n<td><del>206388-69<\/del><\/td>\n<\/tr>\n<tr>\n<td><del>FRANCISCO ALUIZO XAVIER<\/del><\/td>\n<td><del>206264-42<\/del><\/td>\n<\/tr>\n<tr>\n<td><del>JUCELINO MAGNO QUARTEZANI DUARTE<\/del><\/td>\n<td><del>206168-43<\/del><\/td>\n<\/tr>\n<tr>\n<td><del>JUCIARA CRISTINA DE AZEVEDO INDAMI<\/del><\/td>\n<td><del>201147-66<\/del><\/td>\n<\/tr>\n<tr>\n<td><del>KARINA TADDEI LYRA DO NASCIMENTO<\/del><\/td>\n<td><del>206653-43<\/del><\/td>\n<\/tr>\n<tr>\n<td><del>KATIA REGINA MANGABEIRA PINTO<\/del><\/td>\n<td><del>203963-69<\/del><\/td>\n<\/tr>\n<tr>\n<td><del>LUCIANA DA LUZ FERNANDES<\/del><\/td>\n<td><del>208896-55<\/del><\/td>\n<\/tr>\n<tr>\n<td><del>LUCIANA DE CAMPOS PEDROSA MARTINEZ<\/del><\/td>\n<td><del>207937-66<\/del><\/td>\n<\/tr>\n<tr>\n<td><del>LUCIANO MOTTA NUNES LOPES<\/del><\/td>\n<td><del>205501-56<\/del><\/td>\n<\/tr>\n<tr>\n<td><del>LUZIA DE CASSIA MUNOZ SALIBA<\/del><\/td>\n<td><del>200643-47<\/del><\/td>\n<\/tr>\n<tr>\n<td><del>MARCO AURELIO COSTA DE OLIVEIRA<\/del><\/td>\n<td><del>201431-59<\/del><\/td>\n<\/tr>\n<tr>\n<td><del>MARIA DE FATIMA SILVA ALMEIDA<\/del><\/td>\n<td><del>35263-52<\/del><\/td>\n<\/tr>\n<tr>\n<td><del>MARIANA REIS MORAES RODRIGUES<\/del><\/td>\n<td><del>208353-94<\/del><\/td>\n<\/tr>\n<tr>\n<td><del>MICHELI MOREIRA CONTI BALTHAR<\/del><\/td>\n<td><del>208270-11<\/del><\/td>\n<\/tr>\n<tr>\n<td><del>PAMELA DINIZ MARTINS<\/del><\/td>\n<td><del>210746-62<\/del><\/td>\n<\/tr>\n<tr>\n<td><del>PATRICIA ROZINDO ROCHA WNADEKOKEN<\/del><\/td>\n<td><del>206413-94<\/del><\/td>\n<\/tr>\n<tr>\n<td><del>PRISCILA TOSCANO LUPPI<\/del><\/td>\n<td><del>203884-87<\/del><\/td>\n<\/tr>\n<tr>\n<td><del>PRYSCILA MAGALH\u00c3ES SIMOES<\/del><\/td>\n<td><del>209406-80<\/del><\/td>\n<\/tr>\n<tr>\n<td><del>RENATA ADAME RUIZ MARQUES<\/del><\/td>\n<td><del>207526-43<\/del><\/td>\n<\/tr>\n<tr>\n<td><del>ROBERTO CARLOS LIMA GOMES<\/del><\/td>\n<td><del>206579-66<\/del><\/td>\n<\/tr>\n<tr>\n<td><del>ROBERTO RODRIGUES PECHINHO<\/del><\/td>\n<td><del>210386-90<\/del><\/td>\n<\/tr>\n<tr>\n<td><del>RODRIGO MARQUES DA SILVA<\/del><\/td>\n<td><del>209.859-48<\/del><\/td>\n<\/tr>\n<tr>\n<td><del>ROSANA NAUMANN MARGOTTO<\/del><\/td>\n<td><del>200596-00<\/del><\/td>\n<\/tr>\n<tr>\n<td><del>ROSANGELA DE MARIA ALVES\u00a0PARAISO<\/del><\/td>\n<td><del>205334-82<\/del><\/td>\n<\/tr>\n<tr>\n<td><del>SAMUEL DAVI GARCIA MENDON\u00c7A<\/del><\/td>\n<td><del>204653-80<\/del><\/td>\n<\/tr>\n<tr>\n<td><del>SERGIO DE ARAUJO NOBRE<\/del><\/td>\n<td><del>206422-06<\/del><\/td>\n<\/tr>\n<tr>\n<td><del>SIMONE COHEN PERSIANO NEVES<\/del><\/td>\n<td><del>208338-79<\/del><\/td>\n<\/tr>\n<tr>\n<td><del>VALDECI ATAIDE CAPUA<\/del><\/td>\n<td><del>209791-77<\/del><\/td>\n<\/tr>\n<\/tbody>\n<\/table>\n<p style=\"text-align: justify;\"><del>Art. 5\u00ba. \u2013 A equipe de Mediadores Judiciais promover\u00e1 os atos executivos necess\u00e1rios \u00e0 realiza\u00e7\u00e3o das sess\u00f5es de media\u00e7\u00e3o e concilia\u00e7\u00e3o, observando o C\u00f3digo de \u00c9tica dos Mediadores Judiciais estabelecido pela Resolu\u00e7\u00e3o n\u00ba 125\/2010, do Conselho Nacional de Justi\u00e7a \u2013 CNJ, ficando respons\u00e1veis pelos documentos e arquivos produzidos nas sess\u00f5es realizadas.<\/del><\/p>\n<p style=\"text-align: justify;\"><del>Art. 6\u00ba. \u2013 O N\u00facleo Permanente de M\u00e9todos Consensuais de Solu\u00e7\u00e3o de Conflitos encaminhar\u00e1 \u00e0 Secretaria de Gest\u00e3o de Pessoas, at\u00e9 o 5\u00ba (quinto) dia \u00fatil de cada m\u00eas, informa\u00e7\u00f5es com rela\u00e7\u00e3o \u00e0s horas trabalhadas al\u00e9m do expediente normal, quando for o caso, objetivando anota\u00e7\u00e3o em ficha funcional para fins de compensa\u00e7\u00e3o.<\/del><\/p>\n<p>&nbsp;<\/p>\n<p style=\"text-align: justify;\"><del>\u00a7 1\u00ba. \u2013 As horas dos Mediadores ser\u00e3o computadas pela plataforma onde ser\u00e3o realizadas as sess\u00f5es.<\/del><\/p>\n<p style=\"text-align: justify;\"><del>\u00a7 2\u00ba. \u2013 O Mediador Judicial atuar\u00e1 no contraturno de seu hor\u00e1rio de trabalho, conforme disponibilidade previamente acordado\u00a0com o NUPEMEC.<\/del><\/p>\n<p style=\"text-align: justify;\"><del>Art. 7\u00ba. \u2013 Os servidores efetivos constantes desta Equipe de Trabalho ter\u00e3o reconhecido, para fins de promo\u00e7\u00e3o na carreira, a pontua\u00e7\u00e3o equivalente \u00e0 participa\u00e7\u00e3o em Equipe Especial de Trabalho, conforme disposto no Ato Normativo n\u00ba 2773\/2012.<\/del><\/p>\n<p>&nbsp;<\/p>\n<p><del>Art. 8\u00ba. \u2013 Este Ato Normativo entra em vigor na data de sua publica\u00e7\u00e3o.<\/del><\/p>\n<p>&nbsp;<\/p>\n<p><del>Publique-se.<\/del><\/p>\n<p>&nbsp;<\/p>\n<p><del>Vit\u00f3ria, ES, 18 de maio de 2020.<\/del><\/p>\n<p>&nbsp;<\/p>\n<p>&nbsp;<\/p>\n<p style=\"text-align: center;\"><del><strong>Desembargador RONALDO GON\u00c7ALVES DE SOUZA<\/strong><\/del><\/p>\n<p style=\"text-align: center;\"><del><strong>Presidente do TJES<\/strong><\/del><\/p>\n","protected":false},"excerpt":{"rendered":"<p>ESTADO DO ESP\u00cdRITO SANTO PODER JUDICI\u00c1RIO TRIBUNAL DE JUSTI\u00c7A GABINETE DA PRESID\u00caNCIA &nbsp; ATO NORMATIVO N\u00ba 074 \/2020 REPUBLICADO EM 23\/06\/2020\u00a0(CLIQUE AQUI) &nbsp; O EXCELENT\u00cdSSIMO SENHOR DESEMBARGADOR RONALDO GON\u00c7ALVES DE SOUSA, PRESIDENTE\u00a0DO EGR\u00c9GIO TRIBUNAL DE JUSTI\u00c7A DO ESTADO DO ESP\u00cdRITO SANTO, no uso de suas atribui\u00e7\u00f5es legais, CONSIDERANDO\u00a0\u00a0a\u00a0 Resolu\u00e7\u00e3o\u00a0 n\u00ba\u00a0 318\/2020 do Conselho Nacional de [&hellip;]<\/p>\n","protected":false},"author":8,"featured_media":0,"comment_status":"closed","ping_status":"closed","sticky":false,"template":"","format":"standard","meta":{"footnotes":""},"categories":[4,14],"tags":[],"_links":{"self":[{"href":"https:\/\/www.tjes.jus.br\/corregedoria\/wp-json\/wp\/v2\/posts\/30181"}],"collection":[{"href":"https:\/\/www.tjes.jus.br\/corregedoria\/wp-json\/wp\/v2\/posts"}],"about":[{"href":"https:\/\/www.tjes.jus.br\/corregedoria\/wp-json\/wp\/v2\/types\/post"}],"author":[{"embeddable":true,"href":"https:\/\/www.tjes.jus.br\/corregedoria\/wp-json\/wp\/v2\/users\/8"}],"replies":[{"embeddable":true,"href":"https:\/\/www.tjes.jus.br\/corregedoria\/wp-json\/wp\/v2\/comments?post=30181"}],"version-history":[{"count":5,"href":"https:\/\/www.tjes.jus.br\/corregedoria\/wp-json\/wp\/v2\/posts\/30181\/revisions"}],"predecessor-version":[{"id":30397,"href":"https:\/\/www.tjes.jus.br\/corregedoria\/wp-json\/wp\/v2\/posts\/30181\/revisions\/30397"}],"wp:attachment":[{"href":"https:\/\/www.tjes.jus.br\/corregedoria\/wp-json\/wp\/v2\/media?parent=30181"}],"wp:term":[{"taxonomy":"category","embeddable":true,"href":"https:\/\/www.tjes.jus.br\/corregedoria\/wp-json\/wp\/v2\/categories?post=30181"},{"taxonomy":"post_tag","embeddable":true,"href":"https:\/\/www.tjes.jus.br\/corregedoria\/wp-json\/wp\/v2\/tags?post=30181"}],"curies":[{"name":"wp","href":"https:\/\/api.w.org\/{rel}","templated":true}]}}