{"id":30284,"date":"2020-06-02T11:09:17","date_gmt":"2020-06-02T14:09:17","guid":{"rendered":"https:\/\/www.tjes.jus.br\/corregedoria\/?p=30284"},"modified":"2020-06-02T11:09:17","modified_gmt":"2020-06-02T14:09:17","slug":"oficio-circular-no-19-2020-disp-02-06-2020","status":"publish","type":"post","link":"https:\/\/www.tjes.jus.br\/corregedoria\/2020\/06\/02\/oficio-circular-no-19-2020-disp-02-06-2020\/","title":{"rendered":"OF\u00cdCIO-CIRCULAR N\u00ba 19\/2020 \u2013 DISP. 02\/06\/2020"},"content":{"rendered":"<div class=\"override-text\">\n<p style=\"text-align: center;\"><strong>PODER JUDICI\u00c1RIO DO ESTADO DO ESP\u00cdRITO SANTO &#8211; PJES<\/strong><\/p>\n<p style=\"text-align: center;\"><strong>RUA DESEMBARGADOR HOMERO MAFRA,60 &#8211; Bairro ENSEADA DO SU\u00c1 &#8211; CEP 29050906 &#8211; Vit\u00f3ria &#8211; ES &#8211;\u00a0<a href=\"https:\/\/www.tjes.jus.br\/\">www.tjes.jus.br<\/a><br \/>\n<\/strong><\/p>\n<p>&nbsp;<\/p>\n<p style=\"text-align: center;\">\n<\/div>\n<p style=\"text-align: center;\"><strong>OF\u00cdCIO-CIRCULAR N\u00ba 19\/2020 &#8211; ASSESSORIA JURIDICA DA CORREGEDORIA<\/strong><\/p>\n<p>&nbsp;<\/p>\n<p style=\"text-align: right;\">Vit\u00f3ria, 11 de maio de 2020.<\/p>\n<p>&nbsp;<\/p>\n<p style=\"text-align: justify;\">O Excelent\u00edssimo Senhor Desembargador\u00a0<strong>NEY BATISTA COUTINHO<\/strong>, Corregedor Geral da Justi\u00e7a do Estado do Esp\u00edrito Santo, no uso de suas atribui\u00e7\u00f5es legais e,<\/p>\n<p style=\"text-align: justify;\"><strong>CONSIDERANDO\u00a0<\/strong>que a Corregedoria Geral da Justi\u00e7a do Estado do Esp\u00edrito Santo \u00e9 \u00f3rg\u00e3o de fiscaliza\u00e7\u00e3o, que disciplina a orienta\u00e7\u00e3o administrativa, com jurisdi\u00e7\u00e3o em todo Estado, conforme disp\u00f5e o art. 35 da Lei Complementar Estadual n\u00ba 234\/2002 e o art. 37 da Lei Federal n.\u00ba 8.935\/94 (Lei dos Not\u00e1rios e Registradores);<\/p>\n<p style=\"text-align: justify;\"><strong>CONSIDERANDO<\/strong>\u00a0o\u00a0Pedido de Provid\u00eancias n\u00ba 0009976-31.2018.2.00.0000\u00a0instaurado de of\u00edcio pela Corregedoria Nacional de Justi\u00e7a, objetivando compatibilizar a atividade notarial e de registro com o exerc\u00edcio de mandato eletivo;<\/p>\n<p style=\"text-align: justify;\"><strong>CONSIDERANDO\u00a0<\/strong>o julgamento da A\u00e7\u00e3o Direta de Inconstitucionalidade n\u00ba 1531 no \u00e2mbito do\u00a0Supremo Tribunal Federal, no qual consignou que o\u00a0exerc\u00edcio de mandato eletivo n\u00e3o se constitui em um dos motivos ensejadores para a perda da delega\u00e7\u00e3o, consoante a intelig\u00eancia dos arts. 31, 35 e 39 da Lei Federal n. 8.935\/1994;<\/p>\n<p style=\"text-align: justify;\"><strong>CONSIDERANDO\u00a0<\/strong>a adequa\u00e7\u00e3o e a republica\u00e7\u00e3o\u00a0do Provimento n\u00ba 78\/ 2018 pelo CNJ (que disp\u00f5e sobre a compatibilidade da atividade notarial e de registro\u00a0com o exerc\u00edcio simult\u00e2neo\u00a0de mandato eletivo), conforme decis\u00e3o Plen\u00e1ria, realizada no dia 28\/4\/2020, no referido Pedido de Provid\u00eancias n\u00ba 0009976-31.2018.2.00.0000.<\/p>\n<p style=\"text-align: justify;\"><strong>RESOLVE:<\/strong><\/p>\n<p style=\"text-align: justify;\"><strong>DAR CI\u00caNCIA<\/strong>\u00a0a todos os Registradores e Not\u00e1rios do Estado do Esp\u00edrito Santo que o CNJ promoveu adequa\u00e7\u00e3o no Provimento 78\/2018,\u00a0republicando-o;<\/p>\n<p style=\"text-align: justify;\"><strong>INFORMAR<\/strong><strong>\u00a0<\/strong>acerca da\u00a0obrigatoriedade do afastamento da atividade do not\u00e1rio e\/ou registrador, a partir da diploma\u00e7\u00e3o, na hip\u00f3tese de mandato eletivo, como disp\u00f5e o art. 25, \u00a7 2\u00ba, da Lei n. 8.935\/1994 e que, em decorr\u00eancia do afastamento,\u00a0dever\u00e1 ser\u00a0conduzida pelo escrevente substituto, com a designa\u00e7\u00e3o contemplada pelo art. 20, \u00a7 5\u00b0\u00a0do mesmo diploma.<\/p>\n<p>&nbsp;<\/p>\n<p><strong>PUBLIQUE-SE.<\/strong><\/p>\n<p>&nbsp;<\/p>\n<p style=\"text-align: center;\"><strong>NEY BATISTA COUTINHO<\/strong><\/p>\n<p style=\"text-align: center;\"><strong>Corregedor Geral da Justi\u00e7a<\/strong><\/p>\n","protected":false},"excerpt":{"rendered":"<p>PODER JUDICI\u00c1RIO DO ESTADO DO ESP\u00cdRITO SANTO &#8211; PJES RUA DESEMBARGADOR HOMERO MAFRA,60 &#8211; Bairro ENSEADA DO SU\u00c1 &#8211; CEP 29050906 &#8211; Vit\u00f3ria &#8211; ES &#8211;\u00a0www.tjes.jus.br &nbsp; OF\u00cdCIO-CIRCULAR N\u00ba 19\/2020 &#8211; ASSESSORIA JURIDICA DA CORREGEDORIA &nbsp; Vit\u00f3ria, 11 de maio de 2020. &nbsp; O Excelent\u00edssimo Senhor Desembargador\u00a0NEY BATISTA COUTINHO, Corregedor Geral da Justi\u00e7a do Estado [&hellip;]<\/p>\n","protected":false},"author":8,"featured_media":0,"comment_status":"closed","ping_status":"closed","sticky":false,"template":"","format":"standard","meta":{"footnotes":""},"categories":[14,5],"tags":[],"_links":{"self":[{"href":"https:\/\/www.tjes.jus.br\/corregedoria\/wp-json\/wp\/v2\/posts\/30284"}],"collection":[{"href":"https:\/\/www.tjes.jus.br\/corregedoria\/wp-json\/wp\/v2\/posts"}],"about":[{"href":"https:\/\/www.tjes.jus.br\/corregedoria\/wp-json\/wp\/v2\/types\/post"}],"author":[{"embeddable":true,"href":"https:\/\/www.tjes.jus.br\/corregedoria\/wp-json\/wp\/v2\/users\/8"}],"replies":[{"embeddable":true,"href":"https:\/\/www.tjes.jus.br\/corregedoria\/wp-json\/wp\/v2\/comments?post=30284"}],"version-history":[{"count":1,"href":"https:\/\/www.tjes.jus.br\/corregedoria\/wp-json\/wp\/v2\/posts\/30284\/revisions"}],"predecessor-version":[{"id":30285,"href":"https:\/\/www.tjes.jus.br\/corregedoria\/wp-json\/wp\/v2\/posts\/30284\/revisions\/30285"}],"wp:attachment":[{"href":"https:\/\/www.tjes.jus.br\/corregedoria\/wp-json\/wp\/v2\/media?parent=30284"}],"wp:term":[{"taxonomy":"category","embeddable":true,"href":"https:\/\/www.tjes.jus.br\/corregedoria\/wp-json\/wp\/v2\/categories?post=30284"},{"taxonomy":"post_tag","embeddable":true,"href":"https:\/\/www.tjes.jus.br\/corregedoria\/wp-json\/wp\/v2\/tags?post=30284"}],"curies":[{"name":"wp","href":"https:\/\/api.w.org\/{rel}","templated":true}]}}