{"id":30296,"date":"2020-06-03T12:52:50","date_gmt":"2020-06-03T15:52:50","guid":{"rendered":"https:\/\/www.tjes.jus.br\/corregedoria\/?p=30296"},"modified":"2020-06-03T12:52:50","modified_gmt":"2020-06-03T15:52:50","slug":"oficio-circular-cgjes-0420968-2020-disp-03-06-2020","status":"publish","type":"post","link":"https:\/\/www.tjes.jus.br\/corregedoria\/2020\/06\/03\/oficio-circular-cgjes-0420968-2020-disp-03-06-2020\/","title":{"rendered":"OF\u00cdCIO CIRCULAR CGJES 0420968\/2020 \u2013 DISP. 03\/06\/2020"},"content":{"rendered":"<p style=\"text-align: center;\"><strong>PODER JUDICI\u00c1RIO DO ESTADO DO ESP\u00cdRITO SANTO &#8211; PJES<\/strong><\/p>\n<p style=\"text-align: center;\"><strong>CORREGEDORIA GERAL DA\u00a0JUSTI\u00c7A<\/strong><\/p>\n<p>&nbsp;<\/p>\n<p style=\"text-align: center;\"><strong>OF\u00cdCIO CIRCULAR CGJES\u00a00420968\/7002815-51.2020.8.08.0000<\/strong><\/p>\n<p>&nbsp;<\/p>\n<p>O Desembargador\u00a0NEY BATISTA COUTINHO, Corregedor Geral da Justi\u00e7a, no uso de suas atribui\u00e7\u00f5es legais e,<\/p>\n<p>&nbsp;<\/p>\n<p style=\"text-align: justify;\"><strong>CONSIDERANDO\u00a0<\/strong>que a Corregedoria Geral da Justi\u00e7a \u00e9 \u00f3rg\u00e3o de fiscaliza\u00e7\u00e3o, disciplina e orienta\u00e7\u00e3o administrativa, com jurisdi\u00e7\u00e3o em todo o Estado do Esp\u00edrito Santo, conforme artigo 35, da Lei Complementar Estadual n.\u00ba 234\/2002 (COJES);<\/p>\n<p style=\"text-align: justify;\"><strong>CONSIDERANDO\u00a0<\/strong>os prazos estabelecidos pelos artigos 6\u00ba e 7\u00ba, \u00a7 2\u00ba, ambos do Provimento CNJ n\u00ba 46\/2015, para que os Oficiais de Registro Civil das Pessoas Naturais\u00a0disponibilizem\u00a0as informa\u00e7\u00f5es definidas pela Arpen-Brasil na Central de Informa\u00e7\u00f5es de Registro Civil das Pessoas Naturais \u2013 CRC;<\/p>\n<p style=\"text-align: justify;\"><strong>CONSIDERANDO\u00a0<\/strong>o Of\u00edcio Circular n\u00ba 010\/CN-CNJ\/2020 da Corregedoria Nacional de Justi\u00e7a comunica\u00a0a exist\u00eancia de irregularidades quanto ao cumprimento dos prazos de carregamento dos dados definidos pelo\u00a0Provimento CNJ n\u00ba 46\/2015;<\/p>\n<p style=\"text-align: justify;\"><strong>CONSIDERANDO\u00a0<\/strong>o<strong>\u00a0<\/strong>Of\u00edcio Circular n\u00ba 011\/CN-CNJ\/2020, tamb\u00e9m da Corregedoria Nacional de Justi\u00e7a, onde o eminente Corregedor Nacional de Justi\u00e7a, Ministro Humberto Martins determina\u00a0a ado\u00e7\u00e3o das medidas necess\u00e1rias para a notifica\u00e7\u00e3o de todos os Oficiais de Registro Civil das Pessoas Naturais, no prazo de 48 horas;<\/p>\n<p>&nbsp;<\/p>\n<p><strong>RESOLVE:<\/strong><\/p>\n<p>&nbsp;<\/p>\n<p style=\"text-align: justify;\">Em cumprimento a recomenda\u00e7\u00e3o da Corregedoria Nacional de Justi\u00e7a, consubstanciada no Of\u00edcio Circular n\u00ba 010\/2020, de 29 de maio de 2020,\u00a0<strong>DETERMINAR<\/strong>\u00a0aos Oficiais de Registro Civil que observem rigorosamente os prazos legais para as cargas dos registros recentes e pret\u00e9ritos (art. 6\u00ba e 7\u00ba, \u00a72\u00ba do Provimento CNJ 46\/2015) na Central de Informa\u00e7\u00f5es de Registro Civil das Pessoas Naturais \u2013 CRC e ao Servi\u00e7o de Informa\u00e7\u00e3o do Registro Civil \u2013SIRC, bem como a regulariza\u00e7\u00e3o de irregularidades apontadas,\u00a0sob pena de instaura\u00e7\u00e3o de procedimento administrativo disciplinar.<\/p>\n<p>&nbsp;<\/p>\n<p><strong>PUBLIQUE-SE.<\/strong><\/p>\n<p>&nbsp;<\/p>\n<p>Vit\u00f3ria\/ES, 02 de junho de 2020.<\/p>\n<p>&nbsp;<\/p>\n<p>&nbsp;<\/p>\n<p>&nbsp;<\/p>\n<p style=\"text-align: center;\"><strong>Desembargador<\/strong>\u00a0<strong>NEY BATISTA COUTINHO<\/strong><\/p>\n<p style=\"text-align: center;\"><strong>Corregedor Geral da Justi\u00e7a<\/strong><\/p>\n","protected":false},"excerpt":{"rendered":"<p>PODER JUDICI\u00c1RIO DO ESTADO DO ESP\u00cdRITO SANTO &#8211; PJES CORREGEDORIA GERAL DA\u00a0JUSTI\u00c7A &nbsp; OF\u00cdCIO CIRCULAR CGJES\u00a00420968\/7002815-51.2020.8.08.0000 &nbsp; O Desembargador\u00a0NEY BATISTA COUTINHO, Corregedor Geral da Justi\u00e7a, no uso de suas atribui\u00e7\u00f5es legais e, &nbsp; CONSIDERANDO\u00a0que a Corregedoria Geral da Justi\u00e7a \u00e9 \u00f3rg\u00e3o de fiscaliza\u00e7\u00e3o, disciplina e orienta\u00e7\u00e3o administrativa, com jurisdi\u00e7\u00e3o em todo o Estado do Esp\u00edrito [&hellip;]<\/p>\n","protected":false},"author":8,"featured_media":0,"comment_status":"closed","ping_status":"closed","sticky":false,"template":"","format":"standard","meta":{"footnotes":""},"categories":[14,5],"tags":[],"_links":{"self":[{"href":"https:\/\/www.tjes.jus.br\/corregedoria\/wp-json\/wp\/v2\/posts\/30296"}],"collection":[{"href":"https:\/\/www.tjes.jus.br\/corregedoria\/wp-json\/wp\/v2\/posts"}],"about":[{"href":"https:\/\/www.tjes.jus.br\/corregedoria\/wp-json\/wp\/v2\/types\/post"}],"author":[{"embeddable":true,"href":"https:\/\/www.tjes.jus.br\/corregedoria\/wp-json\/wp\/v2\/users\/8"}],"replies":[{"embeddable":true,"href":"https:\/\/www.tjes.jus.br\/corregedoria\/wp-json\/wp\/v2\/comments?post=30296"}],"version-history":[{"count":1,"href":"https:\/\/www.tjes.jus.br\/corregedoria\/wp-json\/wp\/v2\/posts\/30296\/revisions"}],"predecessor-version":[{"id":30297,"href":"https:\/\/www.tjes.jus.br\/corregedoria\/wp-json\/wp\/v2\/posts\/30296\/revisions\/30297"}],"wp:attachment":[{"href":"https:\/\/www.tjes.jus.br\/corregedoria\/wp-json\/wp\/v2\/media?parent=30296"}],"wp:term":[{"taxonomy":"category","embeddable":true,"href":"https:\/\/www.tjes.jus.br\/corregedoria\/wp-json\/wp\/v2\/categories?post=30296"},{"taxonomy":"post_tag","embeddable":true,"href":"https:\/\/www.tjes.jus.br\/corregedoria\/wp-json\/wp\/v2\/tags?post=30296"}],"curies":[{"name":"wp","href":"https:\/\/api.w.org\/{rel}","templated":true}]}}