{"id":30298,"date":"2020-06-03T12:54:36","date_gmt":"2020-06-03T15:54:36","guid":{"rendered":"https:\/\/www.tjes.jus.br\/corregedoria\/?p=30298"},"modified":"2020-06-03T12:54:36","modified_gmt":"2020-06-03T15:54:36","slug":"oficio-circular-cgjes-0418157-2020-disp-03-06-2020","status":"publish","type":"post","link":"https:\/\/www.tjes.jus.br\/corregedoria\/2020\/06\/03\/oficio-circular-cgjes-0418157-2020-disp-03-06-2020\/","title":{"rendered":"OF\u00cdCIO CIRCULAR CGJES 0418157\/2020 \u2013 DISP. 03\/06\/2020"},"content":{"rendered":"<p style=\"text-align: center;\"><strong>OF\u00cdCIO CIRCULAR CGJES\u00a00418157\/7002194-54.2020.8.08.0000<\/strong><\/p>\n<p>&nbsp;<\/p>\n<p style=\"text-align: justify;\">O Excelent\u00edssimo Senhor Desembargador\u00a0<strong>NEY BATISTA COUTINHO<\/strong>, Corregedor Geral da Justi\u00e7a do Estado do Esp\u00edrito Santo, no uso de suas atribui\u00e7\u00f5es legais e,<\/p>\n<p style=\"text-align: justify;\"><strong>CONSIDERANDO\u00a0<\/strong>que a Corregedoria Geral da Justi\u00e7a do Estado do Esp\u00edrito Santo \u00e9 \u00f3rg\u00e3o de fiscaliza\u00e7\u00e3o, que disciplina a orienta\u00e7\u00e3o administrativa, com jurisdi\u00e7\u00e3o em todo Estado, conforme disp\u00f5e o art. 35 da Lei Complementar Estadual n\u00ba 234\/2002;<\/p>\n<p style=\"text-align: justify;\"><strong>CONSIDERANDO<\/strong>\u00a0que a classifica\u00e7\u00e3o da situa\u00e7\u00e3o mundial da COVID-19 como pandemia significa\u00a0risco potencial de a doen\u00e7a infecciosa atingir a popula\u00e7\u00e3o mundial de forma simult\u00e2nea, n\u00e3o se limitando aos locais que j\u00e1 tenham sido identificados como de transmiss\u00e3o interna, tal como previsto pelo Decreto Estadual n\u00ba 4593-R\/2020 e suas sucessivas prorroga\u00e7\u00f5es;<\/p>\n<p style=\"text-align: justify;\"><strong>CONSIDERANDO\u00a0<\/strong>a necessidade de conter a propaga\u00e7\u00e3o da doen\u00e7a e\u00a0a transmiss\u00e3o local, bem como de\u00a0preservar a sa\u00fade dos magistrados, servidores, colaboradores, estagi\u00e1rios e terceirizados\u00a0vinculados \u00e0s unidades judici\u00e1rias correicionadas;<\/p>\n<p>&nbsp;<\/p>\n<p style=\"text-align: justify;\"><strong>CONSIDERANDO\u00a0<\/strong>o regime de Plant\u00e3o Extraordin\u00e1rio estabelecido no \u00e2mbito do Poder Judici\u00e1rio do Estado do Esp\u00edrito Santo, por meio do Ato Normativo n\u00ba 64\/2020, disponibilizado no e-Di\u00e1rio de 23\/03\/2020,\u00a0alterado pelos Atos Normativos n\u00ba 68\/2020,\u00a0n\u00ba 71\/2020 e 76\/2020, disponibilizados no e-Di\u00e1rio de 28\/04\/2020,\u00a011\/05\/2020 e 29\/05\/2020, respectivamente;<\/p>\n<p>&nbsp;<\/p>\n<p style=\"text-align: justify;\"><strong>CONSIDERANDO<\/strong>\u00a0a necessidade de dar\u00a0continuidade aos trabalhos correicionais, em especial,\u00a0sob a\u00a0modalidade virtual, tal como previsto\u00a0no art. 11, inciso III, do C\u00f3digo de Normas;<\/p>\n<p style=\"text-align: justify;\"><strong>CONSIDERANDO\u00a0<\/strong>que as Unidades Judici\u00e1rias que possuem processos f\u00edsicos demandam\u00a0deslocamento de\u00a0magistrados e servidores at\u00e9 o cart\u00f3rio\u00a0e manuseio de autos para sanar\u00a0pend\u00eancias ocasionalmente\u00a0detectadas em correi\u00e7\u00e3o,\u00a0fatores que podem representar\u00a0risco de contamina\u00e7\u00e3o;<\/p>\n<p><strong>RESOLVE<\/strong>:<\/p>\n<p>&nbsp;<\/p>\n<p style=\"text-align: justify;\"><strong>DAR CI\u00caNCIA<\/strong>\u00a0aos Magistrados e Servidores das Unidades Judici\u00e1rias\u00a0correicionadas e\/ou oficiadas em raz\u00e3o de pend\u00eancias relativas \u00e0 correi\u00e7\u00e3o, que os prazos\u00a0eventualmente\u00a0concedidos para manifesta\u00e7\u00e3o encontram-se suspensos durante o regime de plant\u00e3o extraordin\u00e1rio estabelecido pela Egr\u00e9gia Presid\u00eancia do TJES e retomar\u00e3o seu curso ap\u00f3s o\u00a0t\u00e9rmino do referido per\u00edodo.<\/p>\n<p style=\"text-align: justify;\"><strong>DAR CI\u00caNCIA<\/strong>, ainda, que os\u00a0per\u00edodos e as modalidades das pr\u00f3ximas\u00a0correi\u00e7\u00f5es, mencionadas na Portaria n\u00ba 002\/2020,\u00a0poder\u00e3o\u00a0sofrer altera\u00e7\u00f5es,\u00a0em raz\u00e3o de fatores internos ou externos\u00a0n\u00e3o previstos quando da elabora\u00e7\u00e3o do cronograma, em especial, aqueles relacionados \u00e0 pandemia e \u00e0 implementa\u00e7\u00e3o da integra\u00e7\u00e3o de comarcas\u00a0pela Egr\u00e9gia Presid\u00eancia do TJES.<\/p>\n<p>&nbsp;<\/p>\n<p><strong>Publique-se por 03 (tr\u00eas) vezes consecutivas.<\/strong><\/p>\n<p>&nbsp;<\/p>\n<p>Vit\u00f3ria\/ES, 28 de maio de 2020.<\/p>\n<p>&nbsp;<\/p>\n<p style=\"text-align: center;\"><strong>Corregedor Geral da Justi\u00e7a<\/strong><\/p>\n","protected":false},"excerpt":{"rendered":"<p>OF\u00cdCIO CIRCULAR CGJES\u00a00418157\/7002194-54.2020.8.08.0000 &nbsp; O Excelent\u00edssimo Senhor Desembargador\u00a0NEY BATISTA COUTINHO, Corregedor Geral da Justi\u00e7a do Estado do Esp\u00edrito Santo, no uso de suas atribui\u00e7\u00f5es legais e, CONSIDERANDO\u00a0que a Corregedoria Geral da Justi\u00e7a do Estado do Esp\u00edrito Santo \u00e9 \u00f3rg\u00e3o de fiscaliza\u00e7\u00e3o, que disciplina a orienta\u00e7\u00e3o administrativa, com jurisdi\u00e7\u00e3o em todo Estado, conforme disp\u00f5e o art. [&hellip;]<\/p>\n","protected":false},"author":8,"featured_media":0,"comment_status":"closed","ping_status":"closed","sticky":false,"template":"","format":"standard","meta":{"footnotes":""},"categories":[14,5],"tags":[],"_links":{"self":[{"href":"https:\/\/www.tjes.jus.br\/corregedoria\/wp-json\/wp\/v2\/posts\/30298"}],"collection":[{"href":"https:\/\/www.tjes.jus.br\/corregedoria\/wp-json\/wp\/v2\/posts"}],"about":[{"href":"https:\/\/www.tjes.jus.br\/corregedoria\/wp-json\/wp\/v2\/types\/post"}],"author":[{"embeddable":true,"href":"https:\/\/www.tjes.jus.br\/corregedoria\/wp-json\/wp\/v2\/users\/8"}],"replies":[{"embeddable":true,"href":"https:\/\/www.tjes.jus.br\/corregedoria\/wp-json\/wp\/v2\/comments?post=30298"}],"version-history":[{"count":1,"href":"https:\/\/www.tjes.jus.br\/corregedoria\/wp-json\/wp\/v2\/posts\/30298\/revisions"}],"predecessor-version":[{"id":30299,"href":"https:\/\/www.tjes.jus.br\/corregedoria\/wp-json\/wp\/v2\/posts\/30298\/revisions\/30299"}],"wp:attachment":[{"href":"https:\/\/www.tjes.jus.br\/corregedoria\/wp-json\/wp\/v2\/media?parent=30298"}],"wp:term":[{"taxonomy":"category","embeddable":true,"href":"https:\/\/www.tjes.jus.br\/corregedoria\/wp-json\/wp\/v2\/categories?post=30298"},{"taxonomy":"post_tag","embeddable":true,"href":"https:\/\/www.tjes.jus.br\/corregedoria\/wp-json\/wp\/v2\/tags?post=30298"}],"curies":[{"name":"wp","href":"https:\/\/api.w.org\/{rel}","templated":true}]}}